{"id":7909,"date":"2021-09-28T10:30:36","date_gmt":"2021-09-28T15:30:36","guid":{"rendered":"https:\/\/www.amchambaq.com\/?p=7909"},"modified":"2021-09-28T10:30:36","modified_gmt":"2021-09-28T15:30:36","slug":"gobierno-de-colombia-ve-una-economia-cada-vez-mas-cerca-de-la-normalidad","status":"publish","type":"post","link":"https:\/\/www.amchambaq.com\/es_co\/gobierno-de-colombia-ve-una-economia-cada-vez-mas-cerca-de-la-normalidad\/","title":{"rendered":"Gobierno de Colombia ve una econom\u00eda cada vez m\u00e1s cerca de la normalidad"},"content":{"rendered":"<p>En el marco de un nuevo seminario organizado por la Asociaci\u00f3n Nacional de Instituciones Financieras (Anif), el ministro de Hacienda,\u00a0<strong>Jos\u00e9 Manuel Restrepo, abord\u00f3 c\u00f3mo avanza Colombia en\u00a0la reactivaci\u00f3n econ\u00f3mica.<\/strong><\/p>\n<p>Volvi\u00f3 a resalta Restrepo que la pol\u00edtica contrac\u00edclica en el peor momento de cierre de la econom\u00eda colombiana fue muy importante para que el pa\u00eds pudiera resistir el golpe de la pandemia.<\/p>\n<p><strong>La entrega de recursos al sistema de salud ayud\u00f3 a contener la crisis, pero la inyecci\u00f3n de dinero a las familias afectadas<\/strong>, y a las empresas m\u00e1s golpeadas, fue tambi\u00e9n punto de ancla para que el momento cr\u00edtico fuera menor al esperado.<\/p>\n<p>Sobre lo que est\u00e1 viendo el Gobierno en el futuro m\u00e1s inmediato, Restrepo asegur\u00f3 que se tienen en cuenta las mismas perspectivas de expertos internacionales:\u00a0<strong>una econom\u00eda cada vez m\u00e1s cercana de la normalidad, con sectores que ya igualan indicadores de actividad de prepandemia.<\/strong><\/p>\n<p>\u201cMuy posiblemente vamos a tener resultados positivos para el crecimiento de la econom\u00eda a cierre de este a\u00f1o. Los niveles de PIB est\u00e1n superando tambi\u00e9n la perspectiva del Marco Fiscal de Mediano Plazo\u201d, a\u00f1adi\u00f3 Restrepo.<\/p>\n<p>Para el ministro, el crecimiento de la econom\u00eda de Colombia no solamente es indicador de proceso de rebote frente a 2020,\u00a0<strong>pues la actividad econ\u00f3mica de Colombia tambi\u00e9n se da respecto a 2019.<\/strong><\/p>\n<p>El otro punto importante para el Gobierno es seguir recuperando empleos. De acuerdo con Restrepo ya se ha recuperado el 80 % de los empleos perdidos desde la pandemia.<\/p>\n<p>\u201cY ya hemos mencionado que todav\u00eda nos quedan cerca de 1,3 millones puestos de trabajo que no se han restablecido desde el momento m\u00e1s cr\u00edtico de la pandemia\u201d, dijo Restrepo.<\/p>\n","protected":false},"excerpt":{"rendered":"<p>En el marco de un nuevo seminario organizado por la Asociaci\u00f3n Nacional de Instituciones Financieras (Anif), el ministro de Hacienda,\u00a0Jos\u00e9 Manuel Restrepo, abord\u00f3 c\u00f3mo avanza Colombia en\u00a0la reactivaci\u00f3n econ\u00f3mica. Volvi\u00f3 a resalta Restrepo que la pol\u00edtica contrac\u00edclica en el peor momento de cierre de la econom\u00eda colombiana fue muy importante para que el pa\u00eds pudiera<\/p>\n","protected":false},"author":1,"featured_media":7910,"comment_status":"closed","ping_status":"closed","sticky":false,"template":"","format":"standard","meta":{"footnotes":""},"categories":[181],"tags":[],"class_list":["post-7909","post","type-post","status-publish","format-standard","has-post-thumbnail","hentry","category-noticias"],"views":124,"_links":{"self":[{"href":"https:\/\/www.amchambaq.com\/es_co\/wp-json\/wp\/v2\/posts\/7909","targetHints":{"allow":["GET"]}}],"collection":[{"href":"https:\/\/www.amchambaq.com\/es_co\/wp-json\/wp\/v2\/posts"}],"about":[{"href":"https:\/\/www.amchambaq.com\/es_co\/wp-json\/wp\/v2\/types\/post"}],"author":[{"embeddable":true,"href":"https:\/\/www.amchambaq.com\/es_co\/wp-json\/wp\/v2\/users\/1"}],"replies":[{"embeddable":true,"href":"https:\/\/www.amchambaq.com\/es_co\/wp-json\/wp\/v2\/comments?post=7909"}],"version-history":[{"count":1,"href":"https:\/\/www.amchambaq.com\/es_co\/wp-json\/wp\/v2\/posts\/7909\/revisions"}],"predecessor-version":[{"id":7911,"href":"https:\/\/www.amchambaq.com\/es_co\/wp-json\/wp\/v2\/posts\/7909\/revisions\/7911"}],"wp:featuredmedia":[{"embeddable":true,"href":"https:\/\/www.amchambaq.com\/es_co\/wp-json\/wp\/v2\/media\/7910"}],"wp:attachment":[{"href":"https:\/\/www.amchambaq.com\/es_co\/wp-json\/wp\/v2\/media?parent=7909"}],"wp:term":[{"taxonomy":"category","embeddable":true,"href":"https:\/\/www.amchambaq.com\/es_co\/wp-json\/wp\/v2\/categories?post=7909"},{"taxonomy":"post_tag","embeddable":true,"href":"https:\/\/www.amchambaq.com\/es_co\/wp-json\/wp\/v2\/tags?post=7909"}],"curies":[{"name":"wp","href":"https:\/\/api.w.org\/{rel}","templated":true}]}}