{"id":7885,"date":"2021-09-22T09:21:01","date_gmt":"2021-09-22T14:21:01","guid":{"rendered":"https:\/\/www.amchambaq.com\/?p=7885"},"modified":"2021-09-22T09:21:01","modified_gmt":"2021-09-22T14:21:01","slug":"duque-pidio-a-multilaterales-en-la-onu-alivios-para-lucha-contra-cambio-climatico-2","status":"publish","type":"post","link":"https:\/\/www.amchambaq.com\/es_co\/duque-pidio-a-multilaterales-en-la-onu-alivios-para-lucha-contra-cambio-climatico-2\/","title":{"rendered":"Duque pidi\u00f3 a multilaterales en la ONU alivios para lucha contra cambio clim\u00e1tico"},"content":{"rendered":"<p>El presidente de la Rep\u00fablica,\u00a0<u>Iv\u00e1n Duque<\/u>, intervino este martes en la Asamblea General de la Organizaci\u00f3n de las Naciones Unidas e hizo un balance del manejo que le ha dado el Gobierno a la pandemia del covid-19, pero al mismo tiempo lanz\u00f3 un llamado a los multilaterales para otorgar alivios fiscales para que se puedan cumplir las metas en la lucha contra el cambio clim\u00e1tico.<\/p>\n<p>De acuerdo con el jefe de Estado, \u201csomos un pa\u00eds que tan solo representa el 0,6 por ciento de las emisiones globales del CO2, pero que se encuentra entre los m\u00e1s amenazados por los efectos del cambio clim\u00e1tico. Nuestra acci\u00f3n requiere compromiso, audacia y ejercer un liderazgo con el ejemplo. Por esto, llegaremos a Glasgow, a la COP26, con el compromiso de reducir nuestras emisiones de gases efecto invernadero en un 51 por ciento para el a\u00f1o 2030, y, tambi\u00e9n, alcanzar la carbono neutralidad en el a\u00f1o 2050\u201d.<\/p>\n<p>Explic\u00f3 que \u201cel recorrido del camino ya empez\u00f3 y lo reafirma nuestra r\u00e1pida Transici\u00f3n Energ\u00e9tica, que ya cuenta con una legislaci\u00f3n propia, con la que expandiremos exponencialmente las energ\u00edas renovables no convencionales para multiplicar, por 20 veces, la capacidad instalada y lograr la cero deforestaci\u00f3n para el a\u00f1o 2030, el desarrollo de la econom\u00eda circular, la articulaci\u00f3n de la ruta del hidr\u00f3geno y la defensa total e irrestricta del Amazonas\u201d.<\/p>\n<p>No obstante, en su intervenci\u00f3n frente a los mandatarios de los dem\u00e1s pa\u00edses, el primer mandatario precis\u00f3 \u201cel limitado espacio fiscal, resultado del impacto de la pandemia, se convertir\u00e1 en un obst\u00e1culo para cumplir estas metas si no desarrollamos herramientas globales. Por ello, le propongo a la comunidad mundial que, por un periodo de tiempo y con el apoyo del Fondo Monetario Internacional, se establezca una regla a partir de la cual todos los gastos e inversiones de acci\u00f3n clim\u00e1tica estructural, puedan situarse por fuera de la l\u00ednea tradicional de medici\u00f3n del d\u00e9ficit fiscal. Estas herramientas, al igual que los alivios y las condonaciones de deuda multilateral, frente a logros concretos en materia de acci\u00f3n clim\u00e1tica, deben aplicarse cuanto antes y sin condiciones\u201d.<\/p>\n<div class=\"news economiaSect\">\n<div class=\"html-content\">\n<p>As\u00ed mismo, el presidente de los colombianos pidi\u00f3 una capitalizaci\u00f3n de los bancos multilaterales.<\/p>\n<p>\u201cEl atender las inversiones urgentes no puede quedar atrapado en debates pol\u00edticos internos derivados de conflictos sobre la asignaci\u00f3n de recursos. La acci\u00f3n es ya, inmediata, y no la podemos aplazar. Nuestra regi\u00f3n precisa fortalecer un financiamiento verde, lo que urge la capitalizaci\u00f3n del Banco Interamericano de Desarrollo y de la CAF o Banco de Desarrollo de Am\u00e9rica Latina\u201d, coment\u00f3 Duque.<\/p>\n<\/div>\n<\/div>\n<div class=\"mt-5\"><\/div>\n","protected":false},"excerpt":{"rendered":"<p>El presidente de la Rep\u00fablica,\u00a0Iv\u00e1n Duque, intervino este martes en la Asamblea General de la Organizaci\u00f3n de las Naciones Unidas e hizo un balance del manejo que le ha dado el Gobierno a la pandemia del covid-19, pero al mismo tiempo lanz\u00f3 un llamado a los multilaterales para otorgar alivios fiscales para que se puedan<\/p>\n","protected":false},"author":1,"featured_media":7864,"comment_status":"closed","ping_status":"closed","sticky":false,"template":"","format":"standard","meta":{"footnotes":""},"categories":[181],"tags":[],"class_list":["post-7885","post","type-post","status-publish","format-standard","has-post-thumbnail","hentry","category-noticias"],"views":105,"_links":{"self":[{"href":"https:\/\/www.amchambaq.com\/es_co\/wp-json\/wp\/v2\/posts\/7885","targetHints":{"allow":["GET"]}}],"collection":[{"href":"https:\/\/www.amchambaq.com\/es_co\/wp-json\/wp\/v2\/posts"}],"about":[{"href":"https:\/\/www.amchambaq.com\/es_co\/wp-json\/wp\/v2\/types\/post"}],"author":[{"embeddable":true,"href":"https:\/\/www.amchambaq.com\/es_co\/wp-json\/wp\/v2\/users\/1"}],"replies":[{"embeddable":true,"href":"https:\/\/www.amchambaq.com\/es_co\/wp-json\/wp\/v2\/comments?post=7885"}],"version-history":[{"count":1,"href":"https:\/\/www.amchambaq.com\/es_co\/wp-json\/wp\/v2\/posts\/7885\/revisions"}],"predecessor-version":[{"id":7886,"href":"https:\/\/www.amchambaq.com\/es_co\/wp-json\/wp\/v2\/posts\/7885\/revisions\/7886"}],"wp:featuredmedia":[{"embeddable":true,"href":"https:\/\/www.amchambaq.com\/es_co\/wp-json\/wp\/v2\/media\/7864"}],"wp:attachment":[{"href":"https:\/\/www.amchambaq.com\/es_co\/wp-json\/wp\/v2\/media?parent=7885"}],"wp:term":[{"taxonomy":"category","embeddable":true,"href":"https:\/\/www.amchambaq.com\/es_co\/wp-json\/wp\/v2\/categories?post=7885"},{"taxonomy":"post_tag","embeddable":true,"href":"https:\/\/www.amchambaq.com\/es_co\/wp-json\/wp\/v2\/tags?post=7885"}],"curies":[{"name":"wp","href":"https:\/\/api.w.org\/{rel}","templated":true}]}}