{"id":7878,"date":"2021-09-22T09:08:45","date_gmt":"2021-09-22T14:08:45","guid":{"rendered":"https:\/\/www.amchambaq.com\/?p=7878"},"modified":"2021-09-22T09:08:45","modified_gmt":"2021-09-22T14:08:45","slug":"firman-pacto-para-reducir-brecha-de-pobreza-en-barranquilla","status":"publish","type":"post","link":"https:\/\/www.amchambaq.com\/es_co\/firman-pacto-para-reducir-brecha-de-pobreza-en-barranquilla\/","title":{"rendered":"Firman pacto para reducir brecha de pobreza en Barranquilla"},"content":{"rendered":"<p>El alcalde de Barranquilla,\u00a0<strong>Jaime Pumarejo,<\/strong>\u00a0firm\u00f3 el Pacto por el desarrollo social de la ciudad, con el que se busca orientar la inversi\u00f3n a seis retos de ciudad, entre ellos reducir las brechas de pobreza.<\/p>\n<p>La firma del \u2018Pacto por el Desarrollo Social del Distrito de Barranquilla\u2019 representa la visi\u00f3n del alcalde Jaime Pumarejo Heins de trabajar en equipo \u2013en este caso con las fundaciones del sector privado- para reducir las brechas de pobreza en la ciudad y contrarrestar el impacto que ocasion\u00f3 la pandemia de la\u00a0<strong>covid-19.<\/strong><\/p>\n<p>El acto, que fue presidido por el alcalde de Barranquilla y la gestora social, Silvana Puello Visbal, cont\u00f3 con el acompa\u00f1amiento del gerente de Desarrollo Social, Alfredo Carbonell G\u00f3mez; y los secretarios de Gesti\u00f3n Social,\u00a0<strong>Santiago V\u00e1squez Valderrama<\/strong>, y Planeaci\u00f3n, Juan Manuel Alvarado Nivia.<\/p>\n<p>En este encuentro tambi\u00e9n hicieron presencia los directores y representantes de m\u00e1s de 20 organizaciones de responsabilidad social empresarial de esta capital.<\/p>\n<p>El \u2018Pacto por el Desarrollo Social del Distrito de Barranquilla\u2019 tiene como objetivo orientar inversi\u00f3n social hacia los 6 retos de ciudad que se identificaron a partir de un diagn\u00f3stico social adelantado por la Gerencia de Desarrollo Social con el apoyo de la\u00a0<strong>Secretar\u00eda Distrital de Planeaci\u00f3n<\/strong>: Reducci\u00f3n pobreza, Seguridad alimentaria, Integraci\u00f3n de migrantes, Inclusi\u00f3n productiva, J\u00f3venes y Mujeres.<\/p>\n<p>Al t\u00e9rmino de la reuni\u00f3n, el alcalde Jaime Pumarejo manifest\u00f3 su complacencia porque \u201centre todos los actores y<strong>\u00a0gestores sociales<\/strong>\u00a0de la ciudad vamos a sacar adelante temas muy importantes para generar empleo, inclusi\u00f3n y prosperidad, para que nadie se quede atr\u00e1s en esta ciudad que no se quiere detener, d\u00e1ndoles las herramientas necesarias para que puedan hacer de los planes y sue\u00f1os de vida una realidad\u201d.<\/p>\n<p>Por su parte, el gerente de Desarrollo Social<strong>, Alfredo Carbonell G\u00f3mez<\/strong>, explic\u00f3: \u201cTenemos un objetivo com\u00fan, que es mejorar la calidad de vida de los barranquilleros, trabajar por los m\u00e1s vulnerables y hoy sellamos esta alianza creando sinergias para ser m\u00e1s efectivos\u201d.<\/p>\n<p>Para la gestora social, Silvana Puello, el objetivo con este pacto es seguir trabajando en equipo. \u201cSi trabajamos juntos entre Distrito, fundaciones y el sector privado logramos mayores objetivos. Son importantes estas mesas para que sigamos trabajando y conociendo lo que viene haciendo cada uno, as\u00ed unimos esfuerzos para seguir saliendo adelante llevando esta bandera en temas sociales\u201d, manifest\u00f3.<\/p>\n<p>Entre tanto, el secretario Distrital de Planeaci\u00f3n, Juan Manuel Alvarado Nivia, fue el encargado de socializar ante los asistentes el diagn\u00f3stico de la situaci\u00f3n social por la que hoy atraviesa la ciudad de Barranquilla luego del impacto socioecon\u00f3mico registrado por la pandemia de la\u00a0<strong>covid-19<\/strong>..<\/p>\n<p>\u201cTenemos seis grandes retos que queremos trabajar de la mano de las empresas privadas y sus fundaciones para poder focalizar los esfuerzos entre todos y salir r\u00e1pidamente de estas situaciones\u201d, explic\u00f3.<\/p>\n<p>Con este convenio interinstitucional se fortalecen los<strong>\u00a0v\u00ednculos<\/strong>\u00a0y las acciones con miras a propiciar escenarios m\u00e1s acordes a las necesidades de los barranquilleros y migrantes que hacen presencia en el territorio distrital.<\/p>\n<p>Tomado de: EL HERALDO<\/p>\n","protected":false},"excerpt":{"rendered":"<p>El alcalde de Barranquilla,\u00a0Jaime Pumarejo,\u00a0firm\u00f3 el Pacto por el desarrollo social de la ciudad, con el que se busca orientar la inversi\u00f3n a seis retos de ciudad, entre ellos reducir las brechas de pobreza. La firma del \u2018Pacto por el Desarrollo Social del Distrito de Barranquilla\u2019 representa la visi\u00f3n del alcalde Jaime Pumarejo Heins de<\/p>\n","protected":false},"author":1,"featured_media":7879,"comment_status":"closed","ping_status":"closed","sticky":false,"template":"","format":"standard","meta":{"footnotes":""},"categories":[181],"tags":[],"class_list":["post-7878","post","type-post","status-publish","format-standard","has-post-thumbnail","hentry","category-noticias"],"views":131,"_links":{"self":[{"href":"https:\/\/www.amchambaq.com\/es_co\/wp-json\/wp\/v2\/posts\/7878","targetHints":{"allow":["GET"]}}],"collection":[{"href":"https:\/\/www.amchambaq.com\/es_co\/wp-json\/wp\/v2\/posts"}],"about":[{"href":"https:\/\/www.amchambaq.com\/es_co\/wp-json\/wp\/v2\/types\/post"}],"author":[{"embeddable":true,"href":"https:\/\/www.amchambaq.com\/es_co\/wp-json\/wp\/v2\/users\/1"}],"replies":[{"embeddable":true,"href":"https:\/\/www.amchambaq.com\/es_co\/wp-json\/wp\/v2\/comments?post=7878"}],"version-history":[{"count":1,"href":"https:\/\/www.amchambaq.com\/es_co\/wp-json\/wp\/v2\/posts\/7878\/revisions"}],"predecessor-version":[{"id":7880,"href":"https:\/\/www.amchambaq.com\/es_co\/wp-json\/wp\/v2\/posts\/7878\/revisions\/7880"}],"wp:featuredmedia":[{"embeddable":true,"href":"https:\/\/www.amchambaq.com\/es_co\/wp-json\/wp\/v2\/media\/7879"}],"wp:attachment":[{"href":"https:\/\/www.amchambaq.com\/es_co\/wp-json\/wp\/v2\/media?parent=7878"}],"wp:term":[{"taxonomy":"category","embeddable":true,"href":"https:\/\/www.amchambaq.com\/es_co\/wp-json\/wp\/v2\/categories?post=7878"},{"taxonomy":"post_tag","embeddable":true,"href":"https:\/\/www.amchambaq.com\/es_co\/wp-json\/wp\/v2\/tags?post=7878"}],"curies":[{"name":"wp","href":"https:\/\/api.w.org\/{rel}","templated":true}]}}