{"id":7863,"date":"2021-09-20T12:55:32","date_gmt":"2021-09-20T17:55:32","guid":{"rendered":"https:\/\/www.amchambaq.com\/?p=7863"},"modified":"2021-09-20T12:55:32","modified_gmt":"2021-09-20T17:55:32","slug":"migracion-y-clima-temas-de-duque-en-los-ee-uu","status":"publish","type":"post","link":"https:\/\/www.amchambaq.com\/es_co\/migracion-y-clima-temas-de-duque-en-los-ee-uu\/","title":{"rendered":"Migraci\u00f3n y clima, temas de Duque en los EE.UU."},"content":{"rendered":"<p>Tras una agitada semana en Espa\u00f1a, <b>el presidente de la Rep\u00fablica, Iv\u00e1n Duque, se prepara para una nueva visita oficial, esta vez a EE.UU<\/b>. El destino clave para el presidente ser\u00e1 Nueva York, entre el 20 y el 23 de septiembre, pues el primer mandatario asistir\u00e1 a la que ser\u00e1 su \u00faltima Asamblea de las Organizaci\u00f3n de las Naciones Unidas (ONU) como jefe del estado colombiano.<\/p>\n<p>En este espacio participar\u00e1 en la Semana de Alto Nivel del 76\u00b0 per\u00edodo de sesiones de la Asamblea General del organismo multilateral.<\/p>\n<p>Ante la ONU una de las intervenciones principales que har\u00e1 el presidente ser\u00e1 la exposici\u00f3n del modelo de regularizaci\u00f3n de migrantes que ha impulsado Colombia para dar atenci\u00f3n a los ciudadanos venezolanos presentes en el pa\u00eds.<\/p>\n<p>Esto fue confirmado la semana pasada por el Presidente, en compa\u00f1\u00eda del enviado especial del secretario general de la<b>\u00a0Organizaci\u00f3n de las Naciones Unidas (ONU),<\/b>\u00a0Eduardo Stein.<\/p>\n<p>\u201cEl respaldo de la ONU a esta pol\u00edtica es algo que valoramos y estaremos, en el marco de la Asamblea General de la ONU, invitando a conversar y a conocer esta experiencia de nuestro pa\u00eds\u201d, afirm\u00f3 Duque ante medios de comunicaci\u00f3n.<\/p>\n<p>Tambi\u00e9n se espera que se refiera a la implementaci\u00f3n del acuerdo de paz y la lucha contra el narcotr\u00e1fico, y que dialogue sobre el cambio clim\u00e1tico, pues el viernes el Presidente inst\u00f3 al Fondo Monetario Internacional (FMI) a flexibilizar sus pr\u00e9stamos a terceros pa\u00edses en funci\u00f3n del compromiso con la emergencia clim\u00e1tica.<\/p>\n<p>Duque tambi\u00e9n planea una escala en Washington hoy, para un encuentro con el embajador.<b>\u00a0Aunque no est\u00e1 confirmado, se habl\u00f3 de la posibilidad de una cita con el presidente Joe Biden.<\/b><\/p>\n","protected":false},"excerpt":{"rendered":"<p>Tras una agitada semana en Espa\u00f1a, el presidente de la Rep\u00fablica, Iv\u00e1n Duque, se prepara para una nueva visita oficial, esta vez a EE.UU. El destino clave para el presidente ser\u00e1 Nueva York, entre el 20 y el 23 de septiembre, pues el primer mandatario asistir\u00e1 a la que ser\u00e1 su \u00faltima Asamblea de las<\/p>\n","protected":false},"author":1,"featured_media":7864,"comment_status":"closed","ping_status":"closed","sticky":false,"template":"","format":"standard","meta":{"footnotes":""},"categories":[181],"tags":[],"class_list":["post-7863","post","type-post","status-publish","format-standard","has-post-thumbnail","hentry","category-noticias"],"views":156,"_links":{"self":[{"href":"https:\/\/www.amchambaq.com\/es_co\/wp-json\/wp\/v2\/posts\/7863","targetHints":{"allow":["GET"]}}],"collection":[{"href":"https:\/\/www.amchambaq.com\/es_co\/wp-json\/wp\/v2\/posts"}],"about":[{"href":"https:\/\/www.amchambaq.com\/es_co\/wp-json\/wp\/v2\/types\/post"}],"author":[{"embeddable":true,"href":"https:\/\/www.amchambaq.com\/es_co\/wp-json\/wp\/v2\/users\/1"}],"replies":[{"embeddable":true,"href":"https:\/\/www.amchambaq.com\/es_co\/wp-json\/wp\/v2\/comments?post=7863"}],"version-history":[{"count":1,"href":"https:\/\/www.amchambaq.com\/es_co\/wp-json\/wp\/v2\/posts\/7863\/revisions"}],"predecessor-version":[{"id":7865,"href":"https:\/\/www.amchambaq.com\/es_co\/wp-json\/wp\/v2\/posts\/7863\/revisions\/7865"}],"wp:featuredmedia":[{"embeddable":true,"href":"https:\/\/www.amchambaq.com\/es_co\/wp-json\/wp\/v2\/media\/7864"}],"wp:attachment":[{"href":"https:\/\/www.amchambaq.com\/es_co\/wp-json\/wp\/v2\/media?parent=7863"}],"wp:term":[{"taxonomy":"category","embeddable":true,"href":"https:\/\/www.amchambaq.com\/es_co\/wp-json\/wp\/v2\/categories?post=7863"},{"taxonomy":"post_tag","embeddable":true,"href":"https:\/\/www.amchambaq.com\/es_co\/wp-json\/wp\/v2\/tags?post=7863"}],"curies":[{"name":"wp","href":"https:\/\/api.w.org\/{rel}","templated":true}]}}