{"id":7833,"date":"2021-09-14T08:52:41","date_gmt":"2021-09-14T13:52:41","guid":{"rendered":"https:\/\/www.amchambaq.com\/?p=7833"},"modified":"2021-09-14T08:52:41","modified_gmt":"2021-09-14T13:52:41","slug":"con-tributaria-que-se-sancionara-este-martes-mejora-perspectiva-de-crecimiento","status":"publish","type":"post","link":"https:\/\/www.amchambaq.com\/es_co\/con-tributaria-que-se-sancionara-este-martes-mejora-perspectiva-de-crecimiento\/","title":{"rendered":"Con tributaria, que se sancionar\u00e1 este martes, mejora perspectiva de crecimiento"},"content":{"rendered":"<p class=\"font--secondary\">Con el recaudo de $15 billones de la reforma tributaria el Gobierno ha mejorado la perspectiva de crecimiento de la econom\u00eda colombiana para 2021, hasta 7,5 % (de el 6 % previsto en el Marco Fiscal de Mediano Plazo). Para 2022 se mantiene en 4,3 %.<\/p>\n<p class=\"font--secondary\">As\u00ed lo inform\u00f3 Alejandra Barco, directora del Departamento Nacional de Planeaci\u00f3n (DNP), este lunes en rueda de prensa.<\/p>\n<p class=\"font--secondary\">All\u00ed el ministro de Hacienda, Jos\u00e9 Manuel Restrepo, tambi\u00e9n adelant\u00f3 que la reforma tributaria, llamada por el Gobierno Ley de Inversi\u00f3n Social, ser\u00e1 sancionada por el presidente de la Rep\u00fablica este martes.<\/p>\n<p class=\"font--secondary\">Restrepo explic\u00f3, tambi\u00e9n, que luego de esta sanci\u00f3n se iniciar\u00e1 el proceso de reglamentaci\u00f3n, que incluye, por ejemplo, el decreto respectivo para los d\u00edas sin IVA, que este a\u00f1o se llevar\u00edan a cabo en octubre y noviembre, seg\u00fan dijo el ministro. A\u00f1adi\u00f3 que en esta ocasi\u00f3n el beneficio aplicar\u00e1 tambi\u00e9n para las compras en efectivo, siempre y cuando medie la factura electr\u00f3nica.<\/p>\n<p class=\"font--secondary\">El jefe de la cartera record\u00f3 que la reforma tributaria cuenta con cuatro pilares: el de inversi\u00f3n social, a trav\u00e9s de programas como Matr\u00edcula Cero e Ingreso Solidario \u2014$160.000 mensuales para 4,1 millones de hogares y focalizado el pr\u00f3ximo a\u00f1o a trav\u00e9s del Sisb\u00e9n IV\u2014; la lucha contra la evasi\u00f3n; la sostenibilidad fiscal, con miras a reducir el d\u00e9ficit en la finanzas de la Naci\u00f3n, y la reactivaci\u00f3n para el crecimiento de la econom\u00eda.<\/p>\n<p class=\"font--secondary\">Con esta mezcla de factores, agreg\u00f3 la directora del DNP, se espera reducir la pobreza monetaria en dos puntos para 2021 y 2,1 puntos para el pr\u00f3ximo a\u00f1o, para avanzar hacia los niveles prepandemia. El subsidio para de 25 % de un salario m\u00ednimo para la contrataci\u00f3n de j\u00f3venes y el Programa de Apoyo al Empleo Formal (PAEF) tambi\u00e9n forman parte de la estrategia.<\/p>\n<p class=\"font--secondary\">Para el empleo femenino, el Gobierno financiar\u00e1 hasta el 15 % del salario para cada nuevo puesto de trabajo de mujeres mayores de 28 a\u00f1os, que devenguen hasta tres m\u00ednimos. Tambi\u00e9n se cre\u00f3 otro subsidio que cubrir\u00e1 a 271.000 trabajadores. El apoyo equivale al 10 % de un salario m\u00ednimo y servir\u00e1 para financiar cerca del 40 % de la seguridad social de los empleos.<\/p>\n<p class=\"font--secondary\">La ministra de Comercio, Ximena Lombana, resalt\u00f3 que el beneficio de no IVA ni impoconsumo para 2022 aplicar\u00e1 para los restaurantes, bares y discotecas en el r\u00e9gimen simple de tributaci\u00f3n. Vale la pena recordar que el gremio de restaurantes ha criticado la medida, debido a que consideran que la mayor\u00eda del sector no se ver\u00eda beneficiado por esta condici\u00f3n.<\/p>\n<p class=\"font--secondary\">Al r\u00e9gimen simple podr\u00e1n acogerse las empresas cuyos ingresos brutos anuales no superen los $3.630,8 millones. El tope anterior era de $2.904,6 millones, record\u00f3 el Gobierno.<\/p>\n<p class=\"font--secondary\">Asimismo, Lombana destac\u00f3 que en la ley se mantiene el descuento del 50 % del impuesto del ICA sobre el impuesto de renta y descuento del 100 % del IVA para bienes de capital.<\/p>\n<p class=\"font--secondary\">Finalmente, para el sector tur\u00edstico destac\u00f3 la continuidad de la exenci\u00f3n del pago a la sobretasa a la energ\u00eda para los subsectores de alojamiento, eventos y parques. Asimismo, hasta diciembre de 2022 se mantendr\u00e1 la exenci\u00f3n del IVA en la prestaci\u00f3n de servicios tur\u00edsticos.<\/p>\n<p>Tomado de: EL ESPECTADOR.<\/p>\n<div class=\"teads-inread sm-screen\">\n<div>\n<div class=\"teads-ui-components-adchoices\"><\/div>\n<\/div>\n<\/div>\n","protected":false},"excerpt":{"rendered":"<p>Con el recaudo de $15 billones de la reforma tributaria el Gobierno ha mejorado la perspectiva de crecimiento de la econom\u00eda colombiana para 2021, hasta 7,5 % (de el 6 % previsto en el Marco Fiscal de Mediano Plazo). Para 2022 se mantiene en 4,3 %. As\u00ed lo inform\u00f3 Alejandra Barco, directora del Departamento Nacional<\/p>\n","protected":false},"author":1,"featured_media":7773,"comment_status":"closed","ping_status":"closed","sticky":false,"template":"","format":"standard","meta":{"footnotes":""},"categories":[181],"tags":[],"class_list":["post-7833","post","type-post","status-publish","format-standard","has-post-thumbnail","hentry","category-noticias"],"views":165,"_links":{"self":[{"href":"https:\/\/www.amchambaq.com\/es_co\/wp-json\/wp\/v2\/posts\/7833","targetHints":{"allow":["GET"]}}],"collection":[{"href":"https:\/\/www.amchambaq.com\/es_co\/wp-json\/wp\/v2\/posts"}],"about":[{"href":"https:\/\/www.amchambaq.com\/es_co\/wp-json\/wp\/v2\/types\/post"}],"author":[{"embeddable":true,"href":"https:\/\/www.amchambaq.com\/es_co\/wp-json\/wp\/v2\/users\/1"}],"replies":[{"embeddable":true,"href":"https:\/\/www.amchambaq.com\/es_co\/wp-json\/wp\/v2\/comments?post=7833"}],"version-history":[{"count":1,"href":"https:\/\/www.amchambaq.com\/es_co\/wp-json\/wp\/v2\/posts\/7833\/revisions"}],"predecessor-version":[{"id":7834,"href":"https:\/\/www.amchambaq.com\/es_co\/wp-json\/wp\/v2\/posts\/7833\/revisions\/7834"}],"wp:featuredmedia":[{"embeddable":true,"href":"https:\/\/www.amchambaq.com\/es_co\/wp-json\/wp\/v2\/media\/7773"}],"wp:attachment":[{"href":"https:\/\/www.amchambaq.com\/es_co\/wp-json\/wp\/v2\/media?parent=7833"}],"wp:term":[{"taxonomy":"category","embeddable":true,"href":"https:\/\/www.amchambaq.com\/es_co\/wp-json\/wp\/v2\/categories?post=7833"},{"taxonomy":"post_tag","embeddable":true,"href":"https:\/\/www.amchambaq.com\/es_co\/wp-json\/wp\/v2\/tags?post=7833"}],"curies":[{"name":"wp","href":"https:\/\/api.w.org\/{rel}","templated":true}]}}