{"id":7830,"date":"2021-09-14T08:50:17","date_gmt":"2021-09-14T13:50:17","guid":{"rendered":"https:\/\/www.amchambaq.com\/?p=7830"},"modified":"2021-09-14T08:50:17","modified_gmt":"2021-09-14T13:50:17","slug":"dnp-proyecta-que-la-economia-colombiana-crecera-75-este-ano-2","status":"publish","type":"post","link":"https:\/\/www.amchambaq.com\/es_co\/dnp-proyecta-que-la-economia-colombiana-crecera-75-este-ano-2\/","title":{"rendered":"DNP proyecta que la econom\u00eda colombiana crecer\u00e1 7,5 % este a\u00f1o"},"content":{"rendered":"<p>La directora del <b>Departamento Nacional de Planeaci\u00f3n (DNP)<\/b>, Alejandra Botero, elev\u00f3 las apuestas del Gobierno por el crecimiento de la econom\u00eda colombiana para este a\u00f1o. La funcionaria asegur\u00f3, en el marco de una rueda de prensa celebrada en la Casa de Nari\u00f1o sobre la nueva reforma tributaria, que<b>\u00a0la econom\u00eda podr\u00eda crecer 7,5 % este a\u00f1o<\/b>\u00a0y para 2022 el dato ser\u00eda 4,3 %.<\/p>\n<p>\u201c<i>Tenemos unas proyecciones interesantes de lo que va a ser la reducci\u00f3n de la pobreza, con esta Ley (reforma tributaria) vamos a reducir un 2 % adicional la pobreza monetaria en 2021, y 2,1 % en el 2022. Si la econom\u00eda est\u00e1 creciendo en un 7,5 % que son las proyecciones de este a\u00f1o y un 4,3 % el a\u00f1o entrante, un escenario relativamente conservador, eso quiere decir que estamos llegando a un 35,7 % en reducci\u00f3n de la pobreza monetaria para el a\u00f1o entrante, es decir a los niveles prepandemia<\/i>\u201d, dijo Botero.<\/p>\n<p>A su vez, la directora de Planeaci\u00f3n asegur\u00f3 que esa es la misma tendencia que se da en el caso de la pobreza extrema, y que vamos a estar llegando al 9,6 %.<\/p>\n<p>Esta proyecci\u00f3n se ubica por encima de la que tiene el Ministerio de Hacienda, encabezado por<b>\u00a0Jos\u00e9 Manuel Restrepo,\u00a0<\/b>que en ese mismo espacio reiter\u00f3 que para la econom\u00eda nacional se espera\u00a0<b>un crecimiento de 6 % en 2021.<\/b><\/p>\n<p>\u201c<i>Vamos a contribuir a que Colombia crezca del orden del 6 %. Y que lo haga no solo del orden nacional, sino tambi\u00e9n regional<\/i>\u201d, dijo Restrepo, quien explic\u00f3 que justamente uno de los cuatro pilares de la reforma tributaria o Ley de &#8216;inversi\u00f3n social&#8217; es la recuperaci\u00f3n econ\u00f3mica e impulsar el crecimiento.<\/p>\n<p>Asimismo, hace unos d\u00edas, el presidente de la Rep\u00fablica, Iv\u00e1n Duque, asegur\u00f3 que espera que este a\u00f1o\u00a0<b>el Producto Interno Bruto (PIB) sobrepase el 7 %.<\/b><\/p>\n","protected":false},"excerpt":{"rendered":"<p>La directora del Departamento Nacional de Planeaci\u00f3n (DNP), Alejandra Botero, elev\u00f3 las apuestas del Gobierno por el crecimiento de la econom\u00eda colombiana para este a\u00f1o. La funcionaria asegur\u00f3, en el marco de una rueda de prensa celebrada en la Casa de Nari\u00f1o sobre la nueva reforma tributaria, que\u00a0la econom\u00eda podr\u00eda crecer 7,5 % este a\u00f1o\u00a0y<\/p>\n","protected":false},"author":1,"featured_media":7831,"comment_status":"closed","ping_status":"closed","sticky":false,"template":"","format":"standard","meta":{"footnotes":""},"categories":[181],"tags":[],"class_list":["post-7830","post","type-post","status-publish","format-standard","has-post-thumbnail","hentry","category-noticias"],"views":110,"_links":{"self":[{"href":"https:\/\/www.amchambaq.com\/es_co\/wp-json\/wp\/v2\/posts\/7830","targetHints":{"allow":["GET"]}}],"collection":[{"href":"https:\/\/www.amchambaq.com\/es_co\/wp-json\/wp\/v2\/posts"}],"about":[{"href":"https:\/\/www.amchambaq.com\/es_co\/wp-json\/wp\/v2\/types\/post"}],"author":[{"embeddable":true,"href":"https:\/\/www.amchambaq.com\/es_co\/wp-json\/wp\/v2\/users\/1"}],"replies":[{"embeddable":true,"href":"https:\/\/www.amchambaq.com\/es_co\/wp-json\/wp\/v2\/comments?post=7830"}],"version-history":[{"count":1,"href":"https:\/\/www.amchambaq.com\/es_co\/wp-json\/wp\/v2\/posts\/7830\/revisions"}],"predecessor-version":[{"id":7832,"href":"https:\/\/www.amchambaq.com\/es_co\/wp-json\/wp\/v2\/posts\/7830\/revisions\/7832"}],"wp:featuredmedia":[{"embeddable":true,"href":"https:\/\/www.amchambaq.com\/es_co\/wp-json\/wp\/v2\/media\/7831"}],"wp:attachment":[{"href":"https:\/\/www.amchambaq.com\/es_co\/wp-json\/wp\/v2\/media?parent=7830"}],"wp:term":[{"taxonomy":"category","embeddable":true,"href":"https:\/\/www.amchambaq.com\/es_co\/wp-json\/wp\/v2\/categories?post=7830"},{"taxonomy":"post_tag","embeddable":true,"href":"https:\/\/www.amchambaq.com\/es_co\/wp-json\/wp\/v2\/tags?post=7830"}],"curies":[{"name":"wp","href":"https:\/\/api.w.org\/{rel}","templated":true}]}}