{"id":7812,"date":"2021-09-10T14:52:34","date_gmt":"2021-09-10T19:52:34","guid":{"rendered":"https:\/\/www.amchambaq.com\/?p=7812"},"modified":"2021-09-10T14:52:34","modified_gmt":"2021-09-10T19:52:34","slug":"empresarios-del-atlantico-optimistas-frente-a-la-recuperacion-economica","status":"publish","type":"post","link":"https:\/\/www.amchambaq.com\/es_co\/empresarios-del-atlantico-optimistas-frente-a-la-recuperacion-economica\/","title":{"rendered":"Empresarios del Atl\u00e1ntico, optimistas frente a la recuperaci\u00f3n econ\u00f3mica"},"content":{"rendered":"<p>Los<strong>\u00a0empresarios del Atl\u00e1ntico<\/strong>\u00a0se muestran optimistas frente al escenario econ\u00f3mico del departamento en el segundo semestre del 2021. As\u00ed lo revel\u00f3 el estudio Ritmo Empresarial, organizado por las 24 c\u00e1maras de comercio del pa\u00eds.<\/p>\n<p>Los resultados muestran que hay expectativas de crecimiento, creaci\u00f3n de empleo y un entorno econ\u00f3mico positivo para el desarrollo empresarial.<\/p>\n<p>De acuerdo a la publicaci\u00f3n, el 77,1 % de los empresarios afiliados a la\u00a0<strong>C\u00e1mara de Comercio de Barranquilla<\/strong>\u00a0(CCB) prev\u00e9 un mejor escenario econ\u00f3mico para el departamento para los \u00faltimos seis meses de 2021. Este dato est\u00e1 20,4 puntos porcentuales por encima de la cifra del resultado que hab\u00edan proyectado para el mismo periodo de 2020 ubicado en 56,4 %.<\/p>\n<p>Asimismo, el 18 % de los empresarios cree que el escenario econ\u00f3mico para cierre de este a\u00f1o se mantendr\u00e1 igual, mientras que el 5 % cree que la econom\u00eda departamental ser\u00e1 \u201cmucho peor\u201d.<\/p>\n<p>Con este resultado, los empresarios del Atl\u00e1ntico se muestran como los m\u00e1s optimistas frente al escenario econ\u00f3mico de su departamento de cara a lo que resta de a\u00f1o. Le siguen los empresarios de\u00a0<strong>Medell\u00edn\u00a0<\/strong>(66,8 %); Bucaramanga (63,1 %); Cali (59,1 %) y Bogot\u00e1 (52,7 %).<\/p>\n<p>Por otro lado, los<strong>\u00a0empresarios atlanticenses\u00a0<\/strong>tambi\u00e9n se proyectan como los de mayor perspectiva de recuperaci\u00f3n del empleo en el periodo analizado.<\/p>\n<p>En ese sentido, el 37,5 % de los empresarios cree que la<strong>\u00a0generaci\u00f3n de empleo<\/strong> en el departamento aumentar\u00e1 en la segunda mitad del a\u00f1o en curso. Este dato crece 19,8 puntos porcentuales al compararlo con el mismo per\u00edodo de 2020 cuando la cifra fue de 17,7 %.<\/p>\n<div class=\"field-item even\">\n<div class=\"content-titulo\">\n<div class=\"titulo\"><strong>Los resultados del primer trimestre<\/strong><\/div>\n<\/div>\n<\/div>\n<div class=\"field-item odd\">\n<div class=\"entity entity-paragraphs-item paragraphs-item-descripcion\">\n<div class=\"content\">\n<div class=\"field field-name-field-descripcion field-type-text-long field-label-hidden\">\n<div class=\"field-items\">\n<div class=\"field-item even\">\n<p>Observando en retrospectiva, el Ritmo Empresarial posiciona a las empresas del\u00a0<strong>Atl\u00e1ntico\u00a0<\/strong>como aquellas que destinaron la mayor inversi\u00f3n para la adquisici\u00f3n de maquinaria o ampliaci\u00f3n de su capacidad productiva durante el primer semestre de 2021.<\/p>\n<p>En concreto, el 28,8 % de las empresas registradas en la\u00a0<strong>C\u00e1mara de Comercio de Barranquilla<\/strong>\u00a0realiz\u00f3 las\u00a0 mayores inversiones en el primer semestre, este porcentaje es mejor en 5,7 puntos porcentuales en comparaci\u00f3n con el mismo per\u00edodo de 2020 cuando fue de 23,1 %.<\/p>\n<p>El empresariado del Atl\u00e1ntico se ubic\u00f3 como el que realiz\u00f3 una mayor inversi\u00f3n entre las empresas de las cinco principales urbes del pa\u00eds. Le siguen los empresarios de\u00a0\u00a0<strong>Bucaramanga\u00a0<\/strong>(22,2 %); Medell\u00edn (20,6 %); Cali (18,1 %) y Bogot\u00e1 (17,9 %).<\/p>\n<p>Asimismo, durante el primer semestre de 2021 el 30,3 % de las\u00a0<strong>empresas del Atl\u00e1ntico<\/strong> report\u00f3 un incremento en sus ventas frente al mismo per\u00edodo del a\u00f1o anterior, cuando en 2020 solo lo hizo el 6 %. Esto represent\u00f3 un alza de 24,4 puntos porcentuales.<\/p>\n<\/div>\n<\/div>\n<\/div>\n<\/div>\n<\/div>\n<\/div>\n<div class=\"field-item even\">\n<div class=\"content-titulo\">\n<div class=\"titulo\"><strong>Reacciones<\/strong><\/div>\n<\/div>\n<\/div>\n<div class=\"field-item odd\">\n<div class=\"entity entity-paragraphs-item paragraphs-item-descripcion\">\n<div class=\"content\">\n<div class=\"field field-name-field-descripcion field-type-text-long field-label-hidden\">\n<div class=\"field-items\">\n<div class=\"field-item even\">\n<p>El presidente de la C\u00e1mara de Comercio de Barranquilla (<strong>CCB<\/strong>), Manuel Fern\u00e1ndez, manifest\u00f3 que los\u00a0<strong>datos de Barranquilla\u00a0<\/strong>muestran una recuperaci\u00f3n econ\u00f3mica que se est\u00e1 realizando de manera escalonada en la ciudad, aunque precis\u00f3 que a\u00fan resta trabajo por hacer.<\/p>\n<p>\u201cObservamos que en Barranquilla se corrobora la recuperaci\u00f3n econ\u00f3mica, de forma paulatina, progresiva. No podemos decir que estamos en niveles de 2019 pero la recuperaci\u00f3n se ve s\u00f3lida (\u2026) Me parece muy destacable tambi\u00e9n el optimismo de los empresarios del Atl\u00e1ntico en estos indicadores que se han mencionado (\u2026) Lo que muestra que la recuperaci\u00f3n va por buen camino\u201d, dijo Fern\u00e1ndez.<\/p>\n<p>\u201cCreo que tambi\u00e9n es importante contrastar estos datos con lo que pasa en los\u00a0<strong>hogares<\/strong>. Que interesante compararlo con el Pulso Social del\u00a0<strong>DANE\u00a0<\/strong>(\u2026) El empleo se ha venido recuperando, sin embargo, el tema de informalidad se ha destacado en la recuperaci\u00f3n del empleo, pero tenemos todav\u00eda la tarea de recuperar 60 mil empleos formales que perdimos en medio de la pandemia\u201d, agreg\u00f3.<\/p>\n<p>\u201cCreo que hay luces y sombras. Vemos recuperaci\u00f3n, pero a\u00fan veo que falta algo de tiempo para que la recuperaci\u00f3n empresarial se traduzca en mejor\u00a0<strong>beneficio\u00a0<\/strong>para los hogares que perdieron sus fuentes de ingresos\u201d, complement\u00f3 el alto directivo empresarial.<\/p>\n<p>Tomado de: EL HERALDO.<\/p>\n<\/div>\n<\/div>\n<\/div>\n<\/div>\n<\/div>\n<\/div>\n","protected":false},"excerpt":{"rendered":"<p>Los\u00a0empresarios del Atl\u00e1ntico\u00a0se muestran optimistas frente al escenario econ\u00f3mico del departamento en el segundo semestre del 2021. As\u00ed lo revel\u00f3 el estudio Ritmo Empresarial, organizado por las 24 c\u00e1maras de comercio del pa\u00eds. Los resultados muestran que hay expectativas de crecimiento, creaci\u00f3n de empleo y un entorno econ\u00f3mico positivo para el desarrollo empresarial. De acuerdo<\/p>\n","protected":false},"author":1,"featured_media":7813,"comment_status":"closed","ping_status":"closed","sticky":false,"template":"","format":"standard","meta":{"footnotes":""},"categories":[181],"tags":[],"class_list":["post-7812","post","type-post","status-publish","format-standard","has-post-thumbnail","hentry","category-noticias"],"views":152,"_links":{"self":[{"href":"https:\/\/www.amchambaq.com\/es_co\/wp-json\/wp\/v2\/posts\/7812","targetHints":{"allow":["GET"]}}],"collection":[{"href":"https:\/\/www.amchambaq.com\/es_co\/wp-json\/wp\/v2\/posts"}],"about":[{"href":"https:\/\/www.amchambaq.com\/es_co\/wp-json\/wp\/v2\/types\/post"}],"author":[{"embeddable":true,"href":"https:\/\/www.amchambaq.com\/es_co\/wp-json\/wp\/v2\/users\/1"}],"replies":[{"embeddable":true,"href":"https:\/\/www.amchambaq.com\/es_co\/wp-json\/wp\/v2\/comments?post=7812"}],"version-history":[{"count":1,"href":"https:\/\/www.amchambaq.com\/es_co\/wp-json\/wp\/v2\/posts\/7812\/revisions"}],"predecessor-version":[{"id":7814,"href":"https:\/\/www.amchambaq.com\/es_co\/wp-json\/wp\/v2\/posts\/7812\/revisions\/7814"}],"wp:featuredmedia":[{"embeddable":true,"href":"https:\/\/www.amchambaq.com\/es_co\/wp-json\/wp\/v2\/media\/7813"}],"wp:attachment":[{"href":"https:\/\/www.amchambaq.com\/es_co\/wp-json\/wp\/v2\/media?parent=7812"}],"wp:term":[{"taxonomy":"category","embeddable":true,"href":"https:\/\/www.amchambaq.com\/es_co\/wp-json\/wp\/v2\/categories?post=7812"},{"taxonomy":"post_tag","embeddable":true,"href":"https:\/\/www.amchambaq.com\/es_co\/wp-json\/wp\/v2\/tags?post=7812"}],"curies":[{"name":"wp","href":"https:\/\/api.w.org\/{rel}","templated":true}]}}