{"id":7794,"date":"2021-09-09T08:27:06","date_gmt":"2021-09-09T13:27:06","guid":{"rendered":"https:\/\/www.amchambaq.com\/?p=7794"},"modified":"2021-09-09T08:27:06","modified_gmt":"2021-09-09T13:27:06","slug":"presentaremos-una-ley-de-accion-climatica","status":"publish","type":"post","link":"https:\/\/www.amchambaq.com\/es_co\/presentaremos-una-ley-de-accion-climatica\/","title":{"rendered":"\u2018Presentaremos una ley de acci\u00f3n clim\u00e1tica\u2019"},"content":{"rendered":"<p style=\"text-align: left;\">Desde ya los pa\u00edses se est\u00e1n preparando para la Conferencia de las Naciones Unidas sobre el Cambio Clim\u00e1tico (COP26), que se realizar\u00e1 entre el 31 de octubre y el 12 de noviembre en Glasgow (Reino Unido).<\/p>\n<p style=\"text-align: left;\">El ministro de Ambiente, Carlos Eduardo Correa Escaf, explic\u00f3 las acciones en las que viene trabajando el pa\u00eds para cumplir con las contribuciones determinadas a nivel nacional (NDC por sus siglas en ingl\u00e9s), una serie de metas con las que Colombia tiene el objetivo de reducir 51% de sus emisiones a 2030.<\/p>\n<p style=\"text-align: left;\"><b>\u00bfCu\u00e1l es la hoja de ruta del pa\u00eds de cara a este evento?<\/b><\/p>\n<p>En noviembre tenemos la COP 26, en la que buscamos que los pa\u00edses revisen los compromisos que tienen desde 2015 en el marco del Acuerdo de Par\u00eds, pongan al d\u00eda las acciones que se han prometido, y tambi\u00e9n mostrar\u00e1n y contar\u00e1n sus actualizaciones a las NDC, que son las contribuciones determinadas a nivel nacional.<\/p>\n<p style=\"text-align: left;\">Las emisiones y los compromisos se actualizan cada cinco a\u00f1os, pero esta ser\u00e1 una COP muy importante, porque a finales de 2020 se hizo una actualizaci\u00f3n y, en diciembre, el presidente Iv\u00e1n Duque anunci\u00f3 que Colombia tiene la meta de reducir las emisiones en 51% a 2030.<\/p>\n<p style=\"text-align: left;\"><b>\u00bfC\u00f3mo se defini\u00f3 esta meta?<br \/>\n<\/b><br \/>\nEs una cifra que surge de un diagn\u00f3stico con todo el rigor t\u00e9cnico y cient\u00edfico de nuestros equipos, que incluye 196 acciones. En 2015, cuando se firm\u00f3 el acuerdo, se establecieron unos compromisos y Colombia prometi\u00f3 en ese entonces a disminuir el 20% al a\u00f1o 2030, mientras que el a\u00f1o pasado actualizamos esa meta.<\/p>\n<p>Estamos listos para llegar a COP 26 y mostrar nuestros NDC, pues tenemos acciones en todos los sectores, como la lucha contra la deforestaci\u00f3n, restauraci\u00f3n de bosques y \u00e1reas marinas, en ampliaci\u00f3n de \u00e1reas protegidas, en transici\u00f3n energ\u00e9tica, en agricultura y movilidad sostenible, educaci\u00f3n ambiental y estrategias de econom\u00eda circular.<\/p>\n<p>All\u00e1 presentaremos todas estas acciones, as\u00ed como la hoja de ruta que dejaremos, que es nuestra ley de acci\u00f3n clim\u00e1tica, que presentaremos en los pr\u00f3ximos d\u00edas al Congreso y que incorpora estas NDC a una ley de la Rep\u00fablica.<\/p>\n<p><b>\u00bfCu\u00e1les son las claves para cumplir esta meta de 51%?<br \/>\n<\/b><br \/>\nPrimero, que cada uno de los actores que hace parte de esta estrategia realice sus acciones y se comprometa. Al igual que el Estado, que el sector privado se sume, ya tenemos m\u00e1s de 100 empresas que firmaron acuerdos y compromisos para ser carbono neutro.<\/p>\n<p>Tambi\u00e9n, que los sectores productivos se sumen a acuerdos de no deforestaci\u00f3n, y hoy tenemos cinco cadenas productivas, entre esas cacao, leche, palma y caf\u00e9. Asimismo, que como personas nos comprometamos a reducir nuestra huella ambiental.<\/p>\n<p><b>\u00bfCu\u00e1l es el papel de las empresas en ese objetivo?<br \/>\n<\/b><br \/>\nLa estrategia de las NDC se han construido con los diferentes sectores. Ya llevamos m\u00e1s de 30 mesas regionales sectoriales haciendo acuerdos, y justamente esto busca definir ese compromiso de las 100 empresas, para ayudarles a definir su plan de gesti\u00f3n para reducir su huella de carbono, para que aprovechen los incentivos y que tengan una meta de carbono neutralidad. Y con esto nos dar\u00e1 un n\u00famero con el que se deben comprometer las empresas.<\/p>\n<p><b>\u00bfCu\u00e1ntas de estas 196 acciones se cumplir\u00e1n en este gobierno?<br \/>\n<\/b><br \/>\nYa todas est\u00e1n marchando. Ya tenemos una ley de transici\u00f3n energ\u00e9tica, que es un gran avance, y la transici\u00f3n a movilidad sostenible y lo que se est\u00e1 haciendo con movilidad el\u00e9ctrica es una de esas metas. En 2021 ya vamos en una disminuci\u00f3n de 30% en la deforestaci\u00f3n, ah\u00ed estamos hablando de NDC, tambi\u00e9n porque ya llevamos m\u00e1s de 110.000 hect\u00e1reas restauradas de las 300.000 que tenemos como meta.<\/p>\n<p>Asimismo ya tenemos acuerdos de conservaci\u00f3n con las comunidades, el pr\u00f3ximo a\u00f1o vamos a cerrar con 9.500 acuerdos, y llevamos 67 millones de \u00e1rboles sembrados, de 180 millones. Esas son acciones incluidas en el plan, y todas aportan a un objetivo com\u00fan que es reducir las emisiones en 51%.<\/p>\n<p><b>\u00bfQu\u00e9 iniciativas vienen para esta legislatura?<\/p>\n<p><\/b>La ley de acci\u00f3n clim\u00e1tica lo que busca es incorporar el compromiso de las NDC y de la carbono neutralidad en un proyecto de Ley. Y otro proyecto muy importante que se va a presentar en septiembre es una reforma del sistema nacional ambiental, que incluye una reforma a las Corporaciones Aut\u00f3nomas, y busca que estas sean m\u00e1s eficientes, que estemos articulados, y esas metas que tenemos a futuro est\u00e9n sintonizadas desde los territorios.<\/p>\n<p><b>\u00bfQu\u00e9 ha pasado con el Acuerdo de Escaz\u00fa?<br \/>\n<\/b><br \/>\nEste jueves iniciamos un plan de giras, de di\u00e1logos y socializaciones en diferentes zonas del pa\u00eds, y terminaremos este programa el 15. Luego lo presentaremos nuevamente al Congreso.<br \/>\n<b>\u00bfC\u00f3mo garantizar\u00e1 el Gobierno que las mayor\u00edas legislativas hagan realidad este acuerdo?<br \/>\n<\/b><br \/>\nGarantizar eso en el Congreso es algo del poder Legislativo, nosotros estaremos llev\u00e1ndolo y defendiendo, y ya surtir\u00e1 su agenda en C\u00e1mara y Senado, quienes ejecutar\u00e1n su tr\u00e1mite.<\/p>\n<p><b>El observatorio de la ONU y Oxford habla de que Colombia gasta muy poco de sus planes de reactivaci\u00f3n para temas sostenibles, \u00bfcu\u00e1nto se est\u00e1 invirtiendo?<\/b><\/p>\n<p>El \u00faltimo informe de la Comisi\u00f3n Intergubernamental de Cambio Clim\u00e1tico de la Naciones Unidas nos est\u00e1 dando una alerta muy importante. Colombia es de los pocos pa\u00edses de la regi\u00f3n que tiene unas NDC no solo muy ambiciosas, sino muy estructuradas, y es un pa\u00eds que tiene regal\u00edas exclusivas del sector ambiental, que son $800.000 millones para estos a\u00f1os que vienen, y de esos $300.000 son para ciencia y tecnolog\u00eda del sector ambiental.<\/p>\n<p>El presupuesto del Ministerio ha crecido considerablemente, el pa\u00eds no solo est\u00e1 ajust\u00e1ndose desde el ejecutivo, sino desde las leyes, estamos construyendo un marco moderno.<\/p>\n","protected":false},"excerpt":{"rendered":"<p>Desde ya los pa\u00edses se est\u00e1n preparando para la Conferencia de las Naciones Unidas sobre el Cambio Clim\u00e1tico (COP26), que se realizar\u00e1 entre el 31 de octubre y el 12 de noviembre en Glasgow (Reino Unido). El ministro de Ambiente, Carlos Eduardo Correa Escaf, explic\u00f3 las acciones en las que viene trabajando el pa\u00eds para<\/p>\n","protected":false},"author":1,"featured_media":7795,"comment_status":"closed","ping_status":"closed","sticky":false,"template":"","format":"standard","meta":{"footnotes":""},"categories":[181],"tags":[],"class_list":["post-7794","post","type-post","status-publish","format-standard","has-post-thumbnail","hentry","category-noticias"],"views":137,"_links":{"self":[{"href":"https:\/\/www.amchambaq.com\/es_co\/wp-json\/wp\/v2\/posts\/7794","targetHints":{"allow":["GET"]}}],"collection":[{"href":"https:\/\/www.amchambaq.com\/es_co\/wp-json\/wp\/v2\/posts"}],"about":[{"href":"https:\/\/www.amchambaq.com\/es_co\/wp-json\/wp\/v2\/types\/post"}],"author":[{"embeddable":true,"href":"https:\/\/www.amchambaq.com\/es_co\/wp-json\/wp\/v2\/users\/1"}],"replies":[{"embeddable":true,"href":"https:\/\/www.amchambaq.com\/es_co\/wp-json\/wp\/v2\/comments?post=7794"}],"version-history":[{"count":1,"href":"https:\/\/www.amchambaq.com\/es_co\/wp-json\/wp\/v2\/posts\/7794\/revisions"}],"predecessor-version":[{"id":7796,"href":"https:\/\/www.amchambaq.com\/es_co\/wp-json\/wp\/v2\/posts\/7794\/revisions\/7796"}],"wp:featuredmedia":[{"embeddable":true,"href":"https:\/\/www.amchambaq.com\/es_co\/wp-json\/wp\/v2\/media\/7795"}],"wp:attachment":[{"href":"https:\/\/www.amchambaq.com\/es_co\/wp-json\/wp\/v2\/media?parent=7794"}],"wp:term":[{"taxonomy":"category","embeddable":true,"href":"https:\/\/www.amchambaq.com\/es_co\/wp-json\/wp\/v2\/categories?post=7794"},{"taxonomy":"post_tag","embeddable":true,"href":"https:\/\/www.amchambaq.com\/es_co\/wp-json\/wp\/v2\/tags?post=7794"}],"curies":[{"name":"wp","href":"https:\/\/api.w.org\/{rel}","templated":true}]}}