{"id":7788,"date":"2021-09-08T14:31:10","date_gmt":"2021-09-08T19:31:10","guid":{"rendered":"https:\/\/www.amchambaq.com\/?p=7788"},"modified":"2021-09-08T14:31:10","modified_gmt":"2021-09-08T19:31:10","slug":"congreso-aprobo-la-reforma-tributaria-y-pasara-a-conciliacion","status":"publish","type":"post","link":"https:\/\/www.amchambaq.com\/es_co\/congreso-aprobo-la-reforma-tributaria-y-pasara-a-conciliacion\/","title":{"rendered":"Congreso aprob\u00f3 la reforma tributaria y pasar\u00e1 a conciliaci\u00f3n"},"content":{"rendered":"<p>Hoy arranc\u00f3 en las plenarias de Senado y C\u00e1mara de Representantes el debate de la <b>reforma tributaria<\/b>\u00a0para recaudar alrededor de 15,2 billones de pesos.<\/p>\n<p>Despu\u00e9s de varias horas de leer impedimentos de los congresistas que manifestaron tener conflicto de inter\u00e9s para votar el proyecto, arranc\u00f3 en firme la discusi\u00f3n.<\/p>\n<p>En primer lugar, el representante\u00a0<b>Mauricio Toro<\/b>\u00a0present\u00f3 en la C\u00e1mara una proposici\u00f3n para aplazar la votaci\u00f3n del proyecto debido al poco tiempo que han tenido los congresistas para estudiar la reforma pues el Gobierno apenas radic\u00f3 el nuevo texto ayer en la tarde. Sin embargo, esta fue negada.<\/p>\n<p>\u201cApenas ayer a las 6 de la tarde radicaron un texto de 100 p\u00e1ginas que adem\u00e1s tiene dos ponencias alternativas que tiene que leer y conocer la ciudadan\u00eda. Por ello, me parece irresponsable con los ciudadanos, con los gremios, con los empresarios, con los docentes y con los colombianos que pretendan poner una reforma que va a terminar siendo \u2018pupitreada\u2019 sin la debida comunicaci\u00f3n\u201d, sostuvo Toro en el debate.<\/p>\n<p>Posteriormente, tampoco fue aprobada la ponencia negativa del representante del partido Comunes Carlos Alberto Carre\u00f1o ni la ponencia alternativa de las representantes de la Alianza Verde Katherine Miranda y Catalina Ortiz.<\/p>\n<p>En esta se propusieron varias medidas adicionales que el proyecto inicial del Gobierno no tuvo en cuenta, como un\u00a0<b>impuesto al patrimonio y de los dividendos para las personas naturales<\/b>, el tributo a las herencias, a las bebidas azucaradas o los impuestos verdes.<\/p>\n<p>\u201cCreemos que se necesita una reforma tributaria, pero la presentada por el Gobierno no recoge los impuestos de una manera adecuada. A pesar de los di\u00e1logos, la reforma termin\u00f3 siendo basada en impuestos a las empresas y no a las personas que m\u00e1s tienen como deber\u00eda ser. Se necesita un proyecto un poco m\u00e1s ambicioso\u201d, expres\u00f3 Ortiz.<\/p>\n<p><span id=\"p616249-m580-3-581\" class=\"articulo-subtitulo\">Debate de la ponencia mayoritaria<\/span><\/p>\n<p id=\"p616249-m586-4-587\" class=\"contenido\">Las ponencias para segundo debate de la tributaria fueron radicadas en las secretar\u00edas de la C\u00e1mara de Representantes y del Senado con algunas modificaciones.\u00a0En total, el nuevo texto tiene 61 art\u00edculos y 6 de ellos son nuevos.<\/p>\n<p>Entre los cambios est\u00e1n algunos como la extensi\u00f3n de las ayudas al sector de restaurantes y bares para que no paguen IVA e impuesto al consumo hasta el 2022 cuando pertenezcan al R\u00e9gimen Simple de Tributaci\u00f3n o\u00a0nuevas herramientas para facilitar el pago a deudores de multas por infracciones a las normas de tr\u00e1nsito que se hayan hecho exigibles con anterioridad al 30 de junio de 2021.<\/p>\n<p>A esta hora, se debate la ponencia mayoritaria en la C\u00e1mara. El representante del Centro Democr\u00e1tico \u00d3scar Dar\u00edo P\u00e9rez afirm\u00f3 que esta no es la reforma profunda que el pa\u00eds necesita, pero que la anterior era mucho m\u00e1s estructural y no pas\u00f3.<\/p>\n<p>Este explic\u00f3 que para el primer debate del proyecto se evaluaron y debatieron m\u00e1s de 350 proposiciones y para el segundo otras de 130.<\/p>\n<p>Adem\u00e1s, record\u00f3 y defendi\u00f3 algunas de las propuestas del articulado como las encaminadas al gasto social y la reactivaci\u00f3n econ\u00f3mica donde se incluye la extensi\u00f3n del\u00a0<b>Programa Ingreso Solidario<\/b>\u00a0hasta diciembre de 2022, la ampliaci\u00f3n del Programa de Apoyo al Empleo Formal (Paef), el incentivo a la creaci\u00f3n de nuevos empleos, el acceso de las cooperativas de trabajo asociado a las medidas de empleo o el apoyo adicional a las empresas que estuvieron afectadas por el paro nacional.<\/p>\n<p>Igualmente, destac\u00f3 otras medidas que vienen en el articulado como la renta de personas jur\u00eddicas que a partir del 2022 ser\u00e1 del 35 por ciento o la sobretasa a las instituciones financieras del 3 por ciento del 2022 a 2025.<\/p>\n<p>El representante del Centro Democr\u00e1tico tambi\u00e9n explic\u00f3 c\u00f3mo qued\u00f3 el art\u00edculo para ponerle IVA a las importaciones de\u00a0<b>bienes de tr\u00e1fico postal o env\u00edos urgentes<\/b>\u00a0iguales o inferiores a 200 d\u00f3lares, que hoy no pagan impuestos. Seg\u00fan P\u00e9rez, \u00fanicamente gozar\u00e1n de esta exenci\u00f3n los pa\u00edses con los que se haya firmado un Tratado de Libre Comercio y adem\u00e1s se le otorgar\u00e1n facultades de fiscalizaci\u00f3n estricta a la Dian.<\/p>\n<p>En ese sentido, el representante del Partido Dignidad Jorge Alberto G\u00f3mez sostuvo que deber\u00edan especificar c\u00f3mo van a controlar la\u00a0<b>triangulaci\u00f3n<\/b>\u00a0en casos como, por ejemplo, Amazon nos mande un art\u00edculo con origen de Estados Unidos pero que en realidad se haya elaborado en China.<\/p>\n<p>Tomado de: El Tiempo<\/p>\n","protected":false},"excerpt":{"rendered":"<p>Hoy arranc\u00f3 en las plenarias de Senado y C\u00e1mara de Representantes el debate de la reforma tributaria\u00a0para recaudar alrededor de 15,2 billones de pesos. Despu\u00e9s de varias horas de leer impedimentos de los congresistas que manifestaron tener conflicto de inter\u00e9s para votar el proyecto, arranc\u00f3 en firme la discusi\u00f3n. En primer lugar, el representante\u00a0Mauricio Toro\u00a0present\u00f3<\/p>\n","protected":false},"author":1,"featured_media":7770,"comment_status":"closed","ping_status":"closed","sticky":false,"template":"","format":"standard","meta":{"footnotes":""},"categories":[181],"tags":[],"class_list":["post-7788","post","type-post","status-publish","format-standard","has-post-thumbnail","hentry","category-noticias"],"views":161,"_links":{"self":[{"href":"https:\/\/www.amchambaq.com\/es_co\/wp-json\/wp\/v2\/posts\/7788","targetHints":{"allow":["GET"]}}],"collection":[{"href":"https:\/\/www.amchambaq.com\/es_co\/wp-json\/wp\/v2\/posts"}],"about":[{"href":"https:\/\/www.amchambaq.com\/es_co\/wp-json\/wp\/v2\/types\/post"}],"author":[{"embeddable":true,"href":"https:\/\/www.amchambaq.com\/es_co\/wp-json\/wp\/v2\/users\/1"}],"replies":[{"embeddable":true,"href":"https:\/\/www.amchambaq.com\/es_co\/wp-json\/wp\/v2\/comments?post=7788"}],"version-history":[{"count":1,"href":"https:\/\/www.amchambaq.com\/es_co\/wp-json\/wp\/v2\/posts\/7788\/revisions"}],"predecessor-version":[{"id":7789,"href":"https:\/\/www.amchambaq.com\/es_co\/wp-json\/wp\/v2\/posts\/7788\/revisions\/7789"}],"wp:featuredmedia":[{"embeddable":true,"href":"https:\/\/www.amchambaq.com\/es_co\/wp-json\/wp\/v2\/media\/7770"}],"wp:attachment":[{"href":"https:\/\/www.amchambaq.com\/es_co\/wp-json\/wp\/v2\/media?parent=7788"}],"wp:term":[{"taxonomy":"category","embeddable":true,"href":"https:\/\/www.amchambaq.com\/es_co\/wp-json\/wp\/v2\/categories?post=7788"},{"taxonomy":"post_tag","embeddable":true,"href":"https:\/\/www.amchambaq.com\/es_co\/wp-json\/wp\/v2\/tags?post=7788"}],"curies":[{"name":"wp","href":"https:\/\/api.w.org\/{rel}","templated":true}]}}