{"id":7776,"date":"2021-09-07T10:28:37","date_gmt":"2021-09-07T15:28:37","guid":{"rendered":"https:\/\/www.amchambaq.com\/?p=7776"},"modified":"2021-09-07T15:16:49","modified_gmt":"2021-09-07T20:16:49","slug":"economia-de-america-latina-y-el-caribe-crecera-un-59-en-2021","status":"publish","type":"post","link":"https:\/\/www.amchambaq.com\/es_co\/economia-de-america-latina-y-el-caribe-crecera-un-59-en-2021\/","title":{"rendered":"Econom\u00eda de Am\u00e9rica Latina y el Caribe crecer\u00e1 un 5,9% en 2021"},"content":{"rendered":"<p><strong>La\u00a0<a href=\"https:\/\/www.cepal.org\/es\/comunicados\/america-latina-caribe-crecera-59-2021-reflejando-un-arrastre-estadistico-que-se-modera\" target=\"_blank\" rel=\"noopener\">Comisi\u00f3n Econ\u00f3mica para Am\u00e9rica\u00a0y el Caribe<\/a>\u00a0se\u00f1al\u00f3 que la econom\u00eda de la regi\u00f3n crecer\u00e1 un 5,9% durante este 2021<\/strong>, sin embargo, se prev\u00e9 una desaceleraci\u00f3n de la misma en 2022, con un aumento estimado del 2,9%.<\/p>\n<p>Este incremento se deber\u00eda principalmente \u201cpor una baja base de comparaci\u00f3n\u201d, tras la contracci\u00f3n de 6,8% registrada el a\u00f1o anterior, al igual que por los efectos derivados de la demanda externa y el alza en los precios de productos b\u00e1sicos de la regi\u00f3n.<\/p>\n<p>Seg\u00fan Alicia B\u00e1rcena, alta funcionaria de las Naciones Unidas, \u201cexisten importantes asimetr\u00edas entre los pa\u00edses desarrollados y las naciones de ingreso medio -entre las que se encuentran la mayor\u00eda de los pa\u00edses de Am\u00e9rica Latina y el Caribe- tanto en la din\u00e1mica de la vacunaci\u00f3n, como en la capacidad de implementar pol\u00edticas para la recuperaci\u00f3n econ\u00f3mica\u201d.<\/p>\n<p><strong>Tambi\u00e9n destac\u00f3 que los mercados laborales de Am\u00e9rica Latina resultaron visiblemente afectados por causa de la pandemia<\/strong>, con una disminuci\u00f3n del 9% en el n\u00famero de personas ocupadas. Y detall\u00f3 que Especific\u00f3 que el covid-19 provoc\u00f3 un fuerte descenso en la participaci\u00f3n laboral femenina, con un 46,9% de mujeres empleadas en 2020.<\/p>\n<p>Seg\u00fan el an\u00e1lisis de la Comisi\u00f3n, se plantea dirigir la inversi\u00f3n hacia los sectores que promuevan una forma novedosa de desarrollo y que a su vez puedan potenciar la competitividad, el empleo y reducir la huella ambiental.<\/p>\n<p>\u201cLa transici\u00f3n hacia energ\u00edas renovables; movilidad sostenible en ciudades; la revoluci\u00f3n digital, para universalizar el acceso a las tecnolog\u00edas; la industria manufacturera de la salud; bioeconom\u00eda y servicios ecosist\u00e9micos; la econom\u00eda del cuidado; econom\u00eda circular; y el turismo sostenible\u201d, son algunos de estos sectores.<\/p>\n<p>Adicionalmente, se se\u00f1ala que la pol\u00edtica fiscal debe impulsar la inversi\u00f3n p\u00fablica e \u201cincentivar y atraer\u201d la privada. Por lo que se considera una prioridad para su sostenibilidad, reforzar los ingresos tributarios y reducir la evasi\u00f3n.<\/p>\n","protected":false},"excerpt":{"rendered":"<p>La\u00a0Comisi\u00f3n Econ\u00f3mica para Am\u00e9rica\u00a0y el Caribe\u00a0se\u00f1al\u00f3 que la econom\u00eda de la regi\u00f3n crecer\u00e1 un 5,9% durante este 2021, sin embargo, se prev\u00e9 una desaceleraci\u00f3n de la misma en 2022, con un aumento estimado del 2,9%. Este incremento se deber\u00eda principalmente \u201cpor una baja base de comparaci\u00f3n\u201d, tras la contracci\u00f3n de 6,8% registrada el a\u00f1o anterior,<\/p>\n","protected":false},"author":1,"featured_media":7777,"comment_status":"closed","ping_status":"closed","sticky":false,"template":"","format":"standard","meta":{"footnotes":""},"categories":[181],"tags":[],"class_list":["post-7776","post","type-post","status-publish","format-standard","has-post-thumbnail","hentry","category-noticias"],"views":127,"_links":{"self":[{"href":"https:\/\/www.amchambaq.com\/es_co\/wp-json\/wp\/v2\/posts\/7776","targetHints":{"allow":["GET"]}}],"collection":[{"href":"https:\/\/www.amchambaq.com\/es_co\/wp-json\/wp\/v2\/posts"}],"about":[{"href":"https:\/\/www.amchambaq.com\/es_co\/wp-json\/wp\/v2\/types\/post"}],"author":[{"embeddable":true,"href":"https:\/\/www.amchambaq.com\/es_co\/wp-json\/wp\/v2\/users\/1"}],"replies":[{"embeddable":true,"href":"https:\/\/www.amchambaq.com\/es_co\/wp-json\/wp\/v2\/comments?post=7776"}],"version-history":[{"count":1,"href":"https:\/\/www.amchambaq.com\/es_co\/wp-json\/wp\/v2\/posts\/7776\/revisions"}],"predecessor-version":[{"id":7778,"href":"https:\/\/www.amchambaq.com\/es_co\/wp-json\/wp\/v2\/posts\/7776\/revisions\/7778"}],"wp:featuredmedia":[{"embeddable":true,"href":"https:\/\/www.amchambaq.com\/es_co\/wp-json\/wp\/v2\/media\/7777"}],"wp:attachment":[{"href":"https:\/\/www.amchambaq.com\/es_co\/wp-json\/wp\/v2\/media?parent=7776"}],"wp:term":[{"taxonomy":"category","embeddable":true,"href":"https:\/\/www.amchambaq.com\/es_co\/wp-json\/wp\/v2\/categories?post=7776"},{"taxonomy":"post_tag","embeddable":true,"href":"https:\/\/www.amchambaq.com\/es_co\/wp-json\/wp\/v2\/tags?post=7776"}],"curies":[{"name":"wp","href":"https:\/\/api.w.org\/{rel}","templated":true}]}}