{"id":17596,"date":"2026-09-04T15:18:29","date_gmt":"2026-09-04T20:18:29","guid":{"rendered":"https:\/\/www.amchambaq.com\/?p=17596"},"modified":"2026-09-04T15:18:29","modified_gmt":"2026-09-04T20:18:29","slug":"ee-uu-confirma-detalles-de-la-visita-de-marco-rubio-a-colombia-tambien-estara-en-ecuador-y-peru","status":"publish","type":"post","link":"https:\/\/www.amchambaq.com\/es_co\/ee-uu-confirma-detalles-de-la-visita-de-marco-rubio-a-colombia-tambien-estara-en-ecuador-y-peru\/","title":{"rendered":"EE. UU. confirma detalles de la visita de Marco Rubio a Colombia; tambi\u00e9n estar\u00e1 en Ecuador y Per\u00fa"},"content":{"rendered":"<p data-mrf-recirculation=\"Article - enlaces p\u00e1rrafos\">El gobierno de Estados Unidos confirm\u00f3 el viaje del secretario de Estado,\u00a0<b>Marco Rubio,<\/b>\u00a0que<b>\u00a0<\/b>har\u00e1 a Colombia\u00a0<b>la pr\u00f3xima semana<\/b>. Seg\u00fan la informaci\u00f3n confirmada por el Departamento de Estado,\u00a0<b>Rubio estar\u00e1 en una gira por Latinoam\u00e9rica<\/b>, que incluir\u00e1 a pa\u00edses como\u00a0<b>Colombia, Ecuador y Per\u00fa<\/b>.<\/p>\n<p data-mrf-recirculation=\"Article - enlaces p\u00e1rrafos\">\u201cEl secretario de Estado Marco Rubio viajar\u00e1 a Colombia, Ecuador y Per\u00fa del 8 al 10 de septiembre para fortalecer las asociaciones clave de Estados Unidos en nuestra regi\u00f3n\u201d, se\u00f1alaron.<\/p>\n<p data-mrf-recirculation=\"Article - enlaces p\u00e1rrafos\">Esto significa que la primera parada ser\u00e1 Colombia la pr\u00f3xima semana, m\u00e1s exactamente en\u00a0<b>Barranquilla el martes 8 de septiembre<\/b>, donde se reunir\u00e1 con el presidente<b>\u00a0<a href=\"https:\/\/www.elcolombiano.com\/cronologia\/noticias\/meta\/abelardo-de-la-espriella\" target=\"_blank\" rel=\"noopener noreferrer\" data-mrf-link=\"https:\/\/www.elcolombiano.com\/cronologia\/noticias\/meta\/abelardo-de-la-espriella\">Abelardo de la Espriella<\/a>.<\/b><\/p>\n<div class=\"paragraph\">\n<p data-mrf-recirculation=\"Article - enlaces p\u00e1rrafos\">Luego estar\u00e1 en Ecuador para reunirse con el presidente de ese pa\u00eds,\u00a0<b>Daniel\u00a0<a href=\"https:\/\/www.elcolombiano.com\/cronologia\/noticias\/meta\/daniel-noboa\" target=\"_blank\" rel=\"noopener noreferrer\" data-mrf-link=\"https:\/\/www.elcolombiano.com\/cronologia\/noticias\/meta\/daniel-noboa\">Noboa<\/a><\/b>, y finalmente con el nuevo Gobierno de<b>\u00a0Keiko\u00a0<a href=\"https:\/\/www.elcolombiano.com\/cronologia\/noticias\/meta\/keiko-fujimori\" target=\"_blank\" rel=\"noopener noreferrer\" data-mrf-link=\"https:\/\/www.elcolombiano.com\/cronologia\/noticias\/meta\/keiko-fujimori\">Fujimori<\/a><\/b>\u00a0en Per\u00fa, concluyendo esta hist\u00f3rica visita de un alto funcionario del gobierno Trump.<\/p>\n<\/div>\n<h2 class=\"Entretitulo\">Los temas centrales de la agenda bilateral entre EE. UU. y Colombia<\/h2>\n<div class=\"paragraph\">\n<p data-mrf-recirculation=\"Article - enlaces p\u00e1rrafos\">En el pronunciamiento del portavoz del Departamento de Estado,\u00a0<b>Thomas Pigott<\/b>,\u00a0<b>se revelaron algunos temas que estar\u00e1n en el centro de estos encuentros en\u00a0<a href=\"https:\/\/www.elcolombiano.com\/cronologia\/noticias\/meta\/latinoamerica\" target=\"_blank\" rel=\"noopener noreferrer\" data-mrf-link=\"https:\/\/www.elcolombiano.com\/cronologia\/noticias\/meta\/latinoamerica\">Latinoamerica<\/a>.<\/b><\/p>\n<p data-mrf-recirculation=\"Article - enlaces p\u00e1rrafos\">Entre estos est\u00e1n dialogar sobre el apoyo de\u00a0<a href=\"https:\/\/www.elcolombiano.com\/cronologia\/noticias\/meta\/Estados-Unidos\" target=\"_blank\" rel=\"noopener noreferrer\" data-mrf-link=\"https:\/\/www.elcolombiano.com\/cronologia\/noticias\/meta\/Estados-Unidos\">Estados Unidos<\/a>\u00a0a la respuesta de Colombia ante el terremoto, el refuerzo de la cooperaci\u00f3n en la lucha conjunta contra el narcoterrorismo que amenaza a nuestro hemisferio, y las ventajas de unas relaciones comerciales m\u00e1s estrechas entre nuestros pa\u00edses.<\/p>\n<p data-mrf-recirculation=\"Article - enlaces p\u00e1rrafos\">Adem\u00e1s, agregaron que \u201cdurante el viaje, el Secretario reafirmar\u00e1 el compromiso de la Administraci\u00f3n\u00a0<a href=\"https:\/\/www.elcolombiano.com\/cronologia\/noticias\/meta\/donald-trump\" target=\"_blank\" rel=\"noopener noreferrer\" data-mrf-link=\"https:\/\/www.elcolombiano.com\/cronologia\/noticias\/meta\/donald-trump\">Trump<\/a>\u00a0con un Hemisferio Occidental seguro, pr\u00f3spero y democr\u00e1tico\u201d.<\/p>\n<p data-mrf-recirculation=\"Article - enlaces p\u00e1rrafos\"><b>Con esta agenda ya pactada para el pr\u00f3ximo 8 de septiembre, se confirma la primera visita oficial a Colombia de Marco Rubio como secretario de Estado<\/b>, ya que hab\u00eda venido hace 10 a\u00f1os en calidad de senador.<\/p>\n<dl>\n<dt class=\"Faqs-pregunta-articulos\">\u00bfCu\u00e1ndo llegar\u00e1 Marco Rubio a Colombia?<\/dt>\n<dd class=\"Faqs-respuestas-articulos\">Marco Rubio llegar\u00e1 a Colombia el\u00a0<b>martes 8 de septiembre de 2026<\/b>, como primera parada de su gira por Latinoam\u00e9rica.<\/dd>\n<dt class=\"Faqs-pregunta-articulos\">\u00bfCon qui\u00e9n se reunir\u00e1 Marco Rubio en Colombia?<\/dt>\n<dd class=\"Faqs-respuestas-articulos\">Marco Rubio se reunir\u00e1 con el presidente de Colombia,\u00a0<b>Abelardo de la Espriella<\/b>, durante su visita a Barranquilla el 8 de septiembre.<\/dd>\n<dt class=\"Faqs-pregunta-articulos\">\u00bfQu\u00e9 temas tratar\u00e1n Marco Rubio y Abelardo de la Espriella?<\/dt>\n<dd class=\"Faqs-respuestas-articulos\">Entre los temas previstos est\u00e1n el\u00a0<b>apoyo de Estados Unidos a la respuesta de Colombia ante el terremoto<\/b>, el fortalecimiento de la cooperaci\u00f3n contra el narcoterrorismo y las relaciones comerciales entre ambos pa\u00edses.<\/dd>\n<\/dl>\n<\/div>\n","protected":false},"excerpt":{"rendered":"<p>El gobierno de Estados Unidos confirm\u00f3 el viaje del secretario de Estado,\u00a0Marco Rubio,\u00a0que\u00a0har\u00e1 a Colombia\u00a0la pr\u00f3xima semana. Seg\u00fan la informaci\u00f3n confirmada por el Departamento de Estado,\u00a0Rubio estar\u00e1 en una gira por Latinoam\u00e9rica, que incluir\u00e1 a pa\u00edses como\u00a0Colombia, Ecuador y Per\u00fa. \u201cEl secretario de Estado Marco Rubio viajar\u00e1 a Colombia, Ecuador y Per\u00fa del 8 al<\/p>\n","protected":false},"author":1,"featured_media":17597,"comment_status":"closed","ping_status":"closed","sticky":false,"template":"","format":"standard","meta":{"footnotes":""},"categories":[342,181],"tags":[],"class_list":["post-17596","post","type-post","status-publish","format-standard","has-post-thumbnail","hentry","category-news","category-noticias"],"views":3,"_links":{"self":[{"href":"https:\/\/www.amchambaq.com\/es_co\/wp-json\/wp\/v2\/posts\/17596","targetHints":{"allow":["GET"]}}],"collection":[{"href":"https:\/\/www.amchambaq.com\/es_co\/wp-json\/wp\/v2\/posts"}],"about":[{"href":"https:\/\/www.amchambaq.com\/es_co\/wp-json\/wp\/v2\/types\/post"}],"author":[{"embeddable":true,"href":"https:\/\/www.amchambaq.com\/es_co\/wp-json\/wp\/v2\/users\/1"}],"replies":[{"embeddable":true,"href":"https:\/\/www.amchambaq.com\/es_co\/wp-json\/wp\/v2\/comments?post=17596"}],"version-history":[{"count":1,"href":"https:\/\/www.amchambaq.com\/es_co\/wp-json\/wp\/v2\/posts\/17596\/revisions"}],"predecessor-version":[{"id":17598,"href":"https:\/\/www.amchambaq.com\/es_co\/wp-json\/wp\/v2\/posts\/17596\/revisions\/17598"}],"wp:featuredmedia":[{"embeddable":true,"href":"https:\/\/www.amchambaq.com\/es_co\/wp-json\/wp\/v2\/media\/17597"}],"wp:attachment":[{"href":"https:\/\/www.amchambaq.com\/es_co\/wp-json\/wp\/v2\/media?parent=17596"}],"wp:term":[{"taxonomy":"category","embeddable":true,"href":"https:\/\/www.amchambaq.com\/es_co\/wp-json\/wp\/v2\/categories?post=17596"},{"taxonomy":"post_tag","embeddable":true,"href":"https:\/\/www.amchambaq.com\/es_co\/wp-json\/wp\/v2\/tags?post=17596"}],"curies":[{"name":"wp","href":"https:\/\/api.w.org\/{rel}","templated":true}]}}