{"id":17268,"date":"2026-03-17T08:23:52","date_gmt":"2026-03-17T13:23:52","guid":{"rendered":"https:\/\/www.amchambaq.com\/?p=17268"},"modified":"2026-03-17T08:23:52","modified_gmt":"2026-03-17T13:23:52","slug":"gases-del-caribe-y-el-ministerio-de-minas-y-energia-conectaran-a-5-578-nuevos-usuarios-al-servicio-de-gas-natural-en-cesar-y-magdalena","status":"publish","type":"post","link":"https:\/\/www.amchambaq.com\/es_co\/gases-del-caribe-y-el-ministerio-de-minas-y-energia-conectaran-a-5-578-nuevos-usuarios-al-servicio-de-gas-natural-en-cesar-y-magdalena\/","title":{"rendered":"Gases del Caribe y el Ministerio de Minas y Energ\u00eda conectar\u00e1n a 5.578 nuevos usuarios al servicio de gas natural en Cesar y Magdalena"},"content":{"rendered":"<p class=\"elheraldo__StyledParagraph-sc-60z8lc-1 dEjMiD article-body__paragraph\">Con el objetivode mejorar la calidad de vida de 5.578 familias de estratos 1 y 2 en los municipios de Bosconia, El Copey, La Paz y Manaure en el departamento del Cesar, y Aracataca y Fundaci\u00f3n, en el departamento del Magdalena, Gases del Caribe, en alianza con el Ministerio de Minas y Energ\u00eda, otorgar\u00e1 un subsidio del 100% del valor de la conexi\u00f3n al servicio de gas natural mediante el mecanismo de Obras por Impuestos.<\/p>\n<p class=\"elheraldo__StyledParagraph-sc-60z8lc-1 dEjMiD article-body__paragraph\">Esta iniciativa permitir\u00e1 que miles de familiasaccedan por primeravez a una fuente de energ\u00edalimpia, segura y eficiente, contribuyendo al bienestar de las comunidades y al desarrollo social y econ\u00f3mico de estos territorios. La inversi\u00f3n asciende aproximadamente a $12.600 millones<\/p>\n<p class=\"elheraldo__StyledParagraph-sc-60z8lc-1 dEjMiD article-body__paragraph\">Ram\u00f3n D\u00e1vila Mart\u00ednez, gerente de Gases del Caribe, manifest\u00f3 el compromiso continuo de la empresa con el bienestarde las familias de la regi\u00f3n y con la expansi\u00f3n del acceso al gas natural.<\/p>\n<p>\u201cEstamos seguros de que este combustible seguro, econ\u00f3mico y prestado de forma ininterrumpida dar\u00e1 un impulso significativo al desarrollo y bienestar de estas familias de los estratos 1 y 2 en Cesar yMagdalena, quienes dejar\u00e1natr\u00e1s el uso de combustibles contaminantes como el carb\u00f3n y la le\u00f1a para cocinar que afectan su salud y su calidad de vida\u201d.<\/p>\n<p class=\"elheraldo__StyledParagraph-sc-60z8lc-1 dEjMiD article-body__paragraph\">Por su parte, Carlos Barrera,representante del Ministerio de Minas y energ\u00eda se\u00f1alo: \u201cDesde el Ministerio de Minas y Energ\u00eda acompa\u00f1amos a la empresa Gases del Caribe, a los alcaldes de La Paz, Manaure, Bosconia, El Copey, Fundaci\u00f3n y Aracataca, as\u00ed como a l\u00edderes sociales y a la comunidad en general, en la socializaci\u00f3n de este proyecto de conexiones e instalaciones internasde gas combustible, que beneficiar\u00e1 a 5.578 usuarios de menores ingresoscon una inversi\u00f3n cercana a $12.600millones a trav\u00e9s del mecanismo de Obras por Impuestos. Este tipo de iniciativas permite<\/p>\n<p class=\"elheraldo__StyledParagraph-sc-60z8lc-1 dEjMiD article-body__paragraph\">ampliar la cobertura del servicio p\u00fablicodomiciliario de gas natural, generarahorros econ\u00f3micos para las familias y aportar beneficios ambientales y para la salud, en especial para quienes actualmente cocinan con le\u00f1a. Con el inicio de la prestaci\u00f3n del servicio, se mejorar\u00e1 la calidad de vida en cada uno de los hogares y continuaremos impulsando el desarrollo productivo de la regi\u00f3n\u201d.<\/p>\n<p class=\"elheraldo__StyledParagraph-sc-60z8lc-1 dEjMiD article-body__paragraph\">Los alcaldes de Bosconia, Jorge Pati\u00f1o G\u00f3mez;de El Copey, Assad RaishG\u00e1mez; de La Paz, Wilson Rinc\u00f3n; y de Manaure, Juan Carlos Araujo, en el departamento del Cesar, as\u00ed como la secretaria general de la Alcald\u00eda de Fundaci\u00f3n, Claudia Iba\u00f1ez, y el alcalde de Aracataca, Leiter Salgado, en el departamento del Magdalena, destacaron que la ampliaci\u00f3n del servicio de gas natural representa un avance significativo en la cobertura de servicios p\u00fablicos y una mejora directa en la calidad de vida de las comunidades.<\/p>\n<p class=\"elheraldo__StyledParagraph-sc-60z8lc-1 dEjMiD article-body__paragraph\">Durante el acto de socializaci\u00f3n, al que asistieron familias beneficiarias, se resalt\u00f3 que estas nuevas conexiones tambi\u00e9n permitir\u00e1n a los usuarios acceder a otros beneficios de Gases del Caribe, como el cupo Brilla, que facilita la financiaci\u00f3n de matr\u00edculas para educaci\u00f3n superior, electrodom\u00e9sticos, materiales de construcci\u00f3n, motocicletas y otros productos que contribuyen al bienestar de los hogares.<\/p>\n<p class=\"elheraldo__StyledParagraph-sc-60z8lc-1 dEjMiD article-body__paragraph\">Adicionalmente, los nuevos usuarios tendr\u00e1n la posibilidad de activar su factura digital y acceder a los servicios y funcionalidades disponibles en el portal web gascaribe.com.<\/p>\n<p class=\"elheraldo__StyledParagraph-sc-60z8lc-1 dEjMiD article-body__paragraph\">La ejecuci\u00f3n de este convenio refleja el compromiso de Gases del Caribe y el Ministerio de Minas en alianzacon las alcald\u00edas locales, con el desarrollo sostenible y el bienestar de las comunidades de su zona de influencia.<\/p>\n","protected":false},"excerpt":{"rendered":"<p>Con el objetivode mejorar la calidad de vida de 5.578 familias de estratos 1 y 2 en los municipios de Bosconia, El Copey, La Paz y Manaure en el departamento del Cesar, y Aracataca y Fundaci\u00f3n, en el departamento del Magdalena, Gases del Caribe, en alianza con el Ministerio de Minas y Energ\u00eda, otorgar\u00e1 un<\/p>\n","protected":false},"author":1,"featured_media":17269,"comment_status":"closed","ping_status":"closed","sticky":false,"template":"","format":"standard","meta":{"footnotes":""},"categories":[342,181],"tags":[],"class_list":["post-17268","post","type-post","status-publish","format-standard","has-post-thumbnail","hentry","category-news","category-noticias"],"views":19,"_links":{"self":[{"href":"https:\/\/www.amchambaq.com\/es_co\/wp-json\/wp\/v2\/posts\/17268","targetHints":{"allow":["GET"]}}],"collection":[{"href":"https:\/\/www.amchambaq.com\/es_co\/wp-json\/wp\/v2\/posts"}],"about":[{"href":"https:\/\/www.amchambaq.com\/es_co\/wp-json\/wp\/v2\/types\/post"}],"author":[{"embeddable":true,"href":"https:\/\/www.amchambaq.com\/es_co\/wp-json\/wp\/v2\/users\/1"}],"replies":[{"embeddable":true,"href":"https:\/\/www.amchambaq.com\/es_co\/wp-json\/wp\/v2\/comments?post=17268"}],"version-history":[{"count":1,"href":"https:\/\/www.amchambaq.com\/es_co\/wp-json\/wp\/v2\/posts\/17268\/revisions"}],"predecessor-version":[{"id":17270,"href":"https:\/\/www.amchambaq.com\/es_co\/wp-json\/wp\/v2\/posts\/17268\/revisions\/17270"}],"wp:featuredmedia":[{"embeddable":true,"href":"https:\/\/www.amchambaq.com\/es_co\/wp-json\/wp\/v2\/media\/17269"}],"wp:attachment":[{"href":"https:\/\/www.amchambaq.com\/es_co\/wp-json\/wp\/v2\/media?parent=17268"}],"wp:term":[{"taxonomy":"category","embeddable":true,"href":"https:\/\/www.amchambaq.com\/es_co\/wp-json\/wp\/v2\/categories?post=17268"},{"taxonomy":"post_tag","embeddable":true,"href":"https:\/\/www.amchambaq.com\/es_co\/wp-json\/wp\/v2\/tags?post=17268"}],"curies":[{"name":"wp","href":"https:\/\/api.w.org\/{rel}","templated":true}]}}