{"id":17202,"date":"2026-02-25T14:09:08","date_gmt":"2026-02-25T19:09:08","guid":{"rendered":"https:\/\/www.amchambaq.com\/?p=17202"},"modified":"2026-02-25T14:09:08","modified_gmt":"2026-02-25T19:09:08","slug":"ee-uu-reactivo-ayudas-economicas-a-colombia-para-apoyar-a-comunidades-afrocolombianas-e-indigenas","status":"publish","type":"post","link":"https:\/\/www.amchambaq.com\/es_co\/ee-uu-reactivo-ayudas-economicas-a-colombia-para-apoyar-a-comunidades-afrocolombianas-e-indigenas\/","title":{"rendered":"EE. UU. reactiv\u00f3 ayudas econ\u00f3micas a Colombia: \u201cpara apoyar a comunidades afrocolombianas e ind\u00edgenas\u201d"},"content":{"rendered":"<p class=\"elheraldo__StyledParagraph-sc-60z8lc-1 dEjMiD article-body__paragraph\">Con el fin de demostrar su apoyo a los<b>\u00a0Programas de Inversi\u00f3n en Seguridad Nacional de Colombia<\/b>, el Congreso de los\u00a0<b>Estados Unidos<\/b>\u00a0ha reactivado este martes parte de las\u00a0<b>ayudas econ\u00f3micas\u00a0<\/b>que ofrec\u00eda al pa\u00eds.<\/p>\n<p class=\"elheraldo__StyledParagraph-sc-60z8lc-1 dEjMiD article-body__paragraph\">El anunci\u00f3 lo dio a conocer la\u00a0<b>Embajada de Colombia<\/b>\u00a0en Estados Unidos mediante un comunicado de prensa, en el cual agradeci\u00f3 el apoyo bipartidista e inform\u00f3 para qu\u00e9 fines ser\u00e1n destinados dichos recursos econ\u00f3micos.<\/p>\n<div class=\"elheraldo__StyledRecommendedCard-sc-x7jz2p-0 bjiHfq recommended-card\">\n<div class=\"recommended-card__headline\">Es necesario respaldar a Colfuturo<\/div>\n<\/div>\n<p class=\"elheraldo__StyledParagraph-sc-60z8lc-1 dEjMiD article-body__paragraph\">\u201cUSD 25 millones para apoyar a las\u00a0<b>comunidades afrocolombianas\u00a0<\/b>e\u00a0<b>ind\u00edgenas\u00a0<\/b>incluidas las organizaciones de base comunitaria- y USD 15 millones para iniciativas de\u00a0<b>derechos humanos\u00a0<\/b>en Colombia\u201d, precis\u00f3 la entidad.<\/p>\n<p class=\"elheraldo__StyledParagraph-sc-60z8lc-1 dEjMiD article-body__paragraph\">Este apoyo, seg\u00fan indic\u00f3 la Embajada, contribuye fuertemente con el\u00a0<b>presupuesto general de la naci\u00f3n<\/b>\u00a0para 2026, aprobado y promulgado el pasado 3 de febrero del a\u00f1o en curso, y reafirma el apoyo que el pa\u00eds norteamericano a\u00fan mantiene con Colombia.<\/p>\n<p class=\"elheraldo__StyledParagraph-sc-60z8lc-1 dEjMiD article-body__paragraph\">\u201cLa Embajada de Colombia valora y aprecia profundamente el s\u00f3lido\u00a0<b>apoyo bipartidista\u00a0<\/b>expresado por el<b>\u00a0Congreso de los Estados Unidos<\/b> a la \u201crelaci\u00f3n duradera y estrat\u00e9gica entre los Estados Unidos y el pueblo de Colombia\u201d, tal como se refleja en la Ley de Asignaciones Presupuestales para Seguridad Nacional, Departamento de Estado y Programas Relacionados del A\u00f1o Fiscal 2026\u2033, se lee en el comunicado.<\/p>\n<p class=\"elheraldo__StyledParagraph-sc-60z8lc-1 dEjMiD article-body__paragraph\">Finalmente, la entidad concluye su comunicado asegurando que este nuevo acuerdo demuestra la firmeza del\u00a0<b>respaldo\u00a0<\/b>que EE. UU. a\u00fan mantiene con el pa\u00eds en materia de seguridad y lucha contra el narcotr\u00e1fico, y reconoce la importancia de su labor en el avance de los\u00a0<b>objetivos compartidos<\/b>.<\/p>\n<p class=\"elheraldo__StyledParagraph-sc-60z8lc-1 dEjMiD article-body__paragraph\">\u201cEl acuerdo bipartidista tambi\u00e9n reafirma el firme respaldo del Congreso de los Estados Unidos a la<b>\u00a0cooperaci\u00f3n\u00a0<\/b>continua con las Fuerzas Militares de Colombia y la Polic\u00eda Nacional, reconociendo su papel central en el avance de los objetivos compartidos en materia de\u00a0<b>seguridad<\/b>, lucha contra el\u00a0<b>narcotr\u00e1fico\u00a0<\/b>y gobernanza\u201d, concluye el documento.<\/p>\n<div class=\"elheraldo__StyledFigureCtn-sc-60z8lc-8 bkXoEo article-body__figure\">Tomado de: EL HERALDO<\/div>\n","protected":false},"excerpt":{"rendered":"<p>Con el fin de demostrar su apoyo a los\u00a0Programas de Inversi\u00f3n en Seguridad Nacional de Colombia, el Congreso de los\u00a0Estados Unidos\u00a0ha reactivado este martes parte de las\u00a0ayudas econ\u00f3micas\u00a0que ofrec\u00eda al pa\u00eds. El anunci\u00f3 lo dio a conocer la\u00a0Embajada de Colombia\u00a0en Estados Unidos mediante un comunicado de prensa, en el cual agradeci\u00f3 el apoyo bipartidista e<\/p>\n","protected":false},"author":1,"featured_media":17203,"comment_status":"closed","ping_status":"closed","sticky":false,"template":"","format":"standard","meta":{"footnotes":""},"categories":[342,181],"tags":[],"class_list":["post-17202","post","type-post","status-publish","format-standard","has-post-thumbnail","hentry","category-news","category-noticias"],"views":18,"_links":{"self":[{"href":"https:\/\/www.amchambaq.com\/es_co\/wp-json\/wp\/v2\/posts\/17202","targetHints":{"allow":["GET"]}}],"collection":[{"href":"https:\/\/www.amchambaq.com\/es_co\/wp-json\/wp\/v2\/posts"}],"about":[{"href":"https:\/\/www.amchambaq.com\/es_co\/wp-json\/wp\/v2\/types\/post"}],"author":[{"embeddable":true,"href":"https:\/\/www.amchambaq.com\/es_co\/wp-json\/wp\/v2\/users\/1"}],"replies":[{"embeddable":true,"href":"https:\/\/www.amchambaq.com\/es_co\/wp-json\/wp\/v2\/comments?post=17202"}],"version-history":[{"count":1,"href":"https:\/\/www.amchambaq.com\/es_co\/wp-json\/wp\/v2\/posts\/17202\/revisions"}],"predecessor-version":[{"id":17204,"href":"https:\/\/www.amchambaq.com\/es_co\/wp-json\/wp\/v2\/posts\/17202\/revisions\/17204"}],"wp:featuredmedia":[{"embeddable":true,"href":"https:\/\/www.amchambaq.com\/es_co\/wp-json\/wp\/v2\/media\/17203"}],"wp:attachment":[{"href":"https:\/\/www.amchambaq.com\/es_co\/wp-json\/wp\/v2\/media?parent=17202"}],"wp:term":[{"taxonomy":"category","embeddable":true,"href":"https:\/\/www.amchambaq.com\/es_co\/wp-json\/wp\/v2\/categories?post=17202"},{"taxonomy":"post_tag","embeddable":true,"href":"https:\/\/www.amchambaq.com\/es_co\/wp-json\/wp\/v2\/tags?post=17202"}],"curies":[{"name":"wp","href":"https:\/\/api.w.org\/{rel}","templated":true}]}}