{"id":17154,"date":"2026-01-26T08:26:41","date_gmt":"2026-01-26T13:26:41","guid":{"rendered":"https:\/\/www.amchambaq.com\/?p=17154"},"modified":"2026-01-26T08:26:41","modified_gmt":"2026-01-26T13:26:41","slug":"colombia-y-ee-uu-un-ano-en-crisis-y-a-la-espera-de-arreglo-en-reunion-de-petro-con-trump","status":"publish","type":"post","link":"https:\/\/www.amchambaq.com\/es_co\/colombia-y-ee-uu-un-ano-en-crisis-y-a-la-espera-de-arreglo-en-reunion-de-petro-con-trump\/","title":{"rendered":"Colombia y EE. UU.: Un a\u00f1o en crisis y a la espera de arreglo en reuni\u00f3n de Petro con Trump"},"content":{"rendered":"<p class=\"elheraldo__StyledParagraph-sc-60z8lc-1 dEjMiD article-body__paragraph\">La relaci\u00f3n de Colombia con Estados Unidos cumple un a\u00f1o de crisis y sobresaltos por diferencias entre los presidentes Gustavo Petro y Donald Trump en diversos aspectos y con la expectativa de una mejora a partir de la reuni\u00f3n que sostendr\u00e1n el pr\u00f3ximo 3 de febrero en la Casa Blanca.<\/p>\n<p class=\"elheraldo__StyledParagraph-sc-60z8lc-1 dEjMiD article-body__paragraph\">El segundo mandato de Trump no tuvo luna de miel con Petro porque el 26 de enero de 2025, tan solo seis d\u00edas despu\u00e9s de la investidura del republicano, el presidente colombiano no permiti\u00f3 la entrada al pa\u00eds de dos aviones con deportados de Estados Unidos bajo el argumento de que, al venir esposados, no recib\u00edan un trato \u201cdigno\u201d.<\/p>\n<div class=\"elheraldo__StyledRecommendedCard-sc-x7jz2p-0 bjiHfq recommended-card\">\n<p class=\"elheraldo__StyledParagraph-sc-60z8lc-1 dEjMiD article-body__paragraph\">Ese episodio, que estuvo a punto de desembocar en la primera guerra arancelaria de Estados Unidos con Colombia por las amenazas de Trump, se resolvi\u00f3 el mismo d\u00eda, pero dej\u00f3 una herida en una s\u00f3lida relaci\u00f3n bilateral que se fue agrandando en los meses siguientes.<\/p>\n<p class=\"elheraldo__StyledParagraph-sc-60z8lc-1 dEjMiD article-body__paragraph\">\u201cEl 2025 dej\u00f3 una conclusi\u00f3n clara: la relaci\u00f3n Colombia-Estados Unidos es estrat\u00e9gica y resiliente; las tensiones hacen ruido, pero no rompieron los cimientos. El episodio del 26 de enero confirm\u00f3 precisamente eso: cuando hay fricci\u00f3n, lo determinante es que existan canales formales, interlocuci\u00f3n y capacidad de desescalar para que lo pol\u00edtico no termine afectando lo econ\u00f3mico\u201d, dijo a EFE la presidenta de la C\u00e1mara de Comercio Colombo Americana (Amcham), Mar\u00eda Claudia Lacouture.<\/p>\n<p class=\"elheraldo__StyledParagraph-sc-60z8lc-1 dEjMiD article-body__paragraph\">Mantener una buena relaci\u00f3n con Estados Unidos es fundamental para Colombia, ya que ese pa\u00eds es su principal aliado en materia de seguridad y defensa y su mayor socio comercial, con el que desde mayo de 2012 tiene un Tratado de Libre Comercio (TLC).<\/p>\n<p class=\"elheraldo__StyledParagraph-sc-60z8lc-1 dEjMiD article-body__paragraph\">En 2024, el intercambio de bienes y servicios ascendi\u00f3 a 53.300 millones de d\u00f3lares, producto de exportaciones estadounidenses por 28.300 millones de d\u00f3lares e importaciones desde Colombia de 25.000 millones de d\u00f3lares, para un super\u00e1vit de 3.300 millones de d\u00f3lares a favor de EE. UU., seg\u00fan datos de la Oficina del Representante Comercial de Estados Unidos.<\/p>\n<p class=\"elheraldo__StyledParagraph-sc-60z8lc-1 dEjMiD article-body__paragraph\">\u201cEntre enero y noviembre de 2025, Estados Unidos sigui\u00f3 siendo el principal socio comercial, con exportaciones colombianas por 13.498,8 millones de d\u00f3lares (30 % del total), y se mantuvo como el principal inversionista hist\u00f3rico, con 3.375,4 millones de inversi\u00f3n a tercer trimestre (37 % del total recibido en el periodo)\u201d, agreg\u00f3 Lacouture.<\/p>\n<div class=\"elheraldo__StyledHeaderWrapper-sc-60z8lc-10 VeMNe\">\n<h3 class=\"article-body__header\">Cr\u00edticas y sanciones<\/h3>\n<\/div>\n<p class=\"elheraldo__StyledParagraph-sc-60z8lc-1 dEjMiD article-body__paragraph\">Sin embargo, tras la crisis del 26 de enero, la relaci\u00f3n, lejos de mejorar, enfrent\u00f3 nuevas turbulencias por las constantes cr\u00edticas de Petro a Trump sobre diversos asuntos, desde la campa\u00f1a militar de Estados Unidos contra el narcotr\u00e1fico en el mar Caribe y en el Pac\u00edfico oriental, hasta el derrocamiento y captura de Nicol\u00e1s Maduro, pasando por diferencias sobre la guerra en Gaza y la cuesti\u00f3n palestina.<\/p>\n<p class=\"elheraldo__StyledParagraph-sc-60z8lc-1 dEjMiD article-body__paragraph\">A mediados de septiembre, por diferencias sobre los resultados de la guerra contra las drogas, Washington retir\u00f3 a Colombia de la lista de pa\u00edses que cumplen sus obligaciones en la lucha contra el narcotr\u00e1fico, com\u00fanmente llamada \u2018certificaci\u00f3n\u2019, y d\u00edas despu\u00e9s le retir\u00f3 el visado a Petro.<\/p>\n<p class=\"elheraldo__StyledParagraph-sc-60z8lc-1 dEjMiD article-body__paragraph\">La raz\u00f3n fue la participaci\u00f3n del mandatario colombiano en una manifestaci\u00f3n propalestina en Nueva York donde, seg\u00fan el Departamento de Estado, \u201cse dirigi\u00f3 a los soldados estadounidenses (&#8230;) inst\u00e1ndolos a desobedecer \u00f3rdenes e incitar a la violencia\u201d.<\/p>\n<p class=\"elheraldo__StyledParagraph-sc-60z8lc-1 dEjMiD article-body__paragraph\">El mayor golpe a Petro, calificado por Trump como \u201cl\u00edder del narcotr\u00e1fico\u201d, se lo dio el Departamento del Tesoro el 24 de octubre al incluirlo junto a su esposa Ver\u00f3nica Alcocer; su hijo mayor, Nicol\u00e1s Petro Burgos; y el ministro colombiano de Interior, Armando Benedetti; en la lista de la Oficina de Control de Activos Extranjeros (OFAC), conocida como \u2018Lista Clinton\u2019.<\/p>\n<p class=\"elheraldo__StyledParagraph-sc-60z8lc-1 dEjMiD article-body__paragraph\">El tono de la discusi\u00f3n entre los mandatarios aument\u00f3 tras la captura de Maduro y, cuando parec\u00eda que todo iba a peor, el pasado 7 de enero Trump acept\u00f3 una llamada telef\u00f3nica de Petro que rebaj\u00f3 la tensi\u00f3n y acordaron una reuni\u00f3n el mes pr\u00f3ximo en la Casa Blanca, la primera entre ambos.<\/p>\n<p class=\"elheraldo__StyledParagraph-sc-60z8lc-1 dEjMiD article-body__paragraph\">\u201cTenemos mucha esperanza de que esta reuni\u00f3n del 3 de febrero salga bien para beneficio de Colombia y de los Estados Unidos y que normalicemos nuestra relaci\u00f3n diplom\u00e1tica, pol\u00edtica y comercial, y podamos contribuir a resolver los problemas y combatir el enemigo com\u00fan, que es el narcotr\u00e1fico\u201d, dijo a EFE el presidente de la Asociaci\u00f3n Nacional de Comercio Exterior (Analdex), Javier D\u00edaz Molina.<\/p>\n<p class=\"elheraldo__StyledParagraph-sc-60z8lc-1 dEjMiD article-body__paragraph\">Ese encuentro ha provocado mucha expectaci\u00f3n en Colombia, donde la prensa y la opini\u00f3n p\u00fablica se preguntan qu\u00e9 puede plantear Trump a Petro en asuntos como la lucha contra el narcotr\u00e1fico, garant\u00edas democr\u00e1ticas y de apoyo a su campa\u00f1a en Venezuela, y al mismo tiempo qu\u00e9 pedir\u00e1 el mandatario colombiano, sobre todo para salir de las sanciones que pesan sobre \u00e9l.<\/p>\n<p class=\"elheraldo__StyledParagraph-sc-60z8lc-1 dEjMiD article-body__paragraph\">La canciller colombiana, Rosa Villavicencio, convers\u00f3 el pasado viernes con el secretario de Estado de EE.UU., Marco Rubio, para preparar la reuni\u00f3n de los mandatarios, \u201cvalorando la larga e hist\u00f3rica trayectoria de cooperaci\u00f3n y trabajo conjunto entre Colombia y Estados Unidos\u201d, indic\u00f3.<\/p>\n<p class=\"elheraldo__StyledParagraph-sc-60z8lc-1 dEjMiD article-body__paragraph\">\u201cLa relaci\u00f3n va m\u00e1s all\u00e1 de los gobiernos: requiere una gesti\u00f3n permanente con m\u00faltiples actores \u2014sector privado, Congreso, agencias t\u00e9cnicas y centros de pensamiento\u2014 para mantener abiertos los canales, proteger la confianza y separar lo pol\u00edtico de lo econ\u00f3mico\u201d, concluy\u00f3 Lacouture.<\/p>\n<p>Tomado de: EL HERALDO<\/p>\n<\/div>\n","protected":false},"excerpt":{"rendered":"<p>La relaci\u00f3n de Colombia con Estados Unidos cumple un a\u00f1o de crisis y sobresaltos por diferencias entre los presidentes Gustavo Petro y Donald Trump en diversos aspectos y con la expectativa de una mejora a partir de la reuni\u00f3n que sostendr\u00e1n el pr\u00f3ximo 3 de febrero en la Casa Blanca. El segundo mandato de Trump<\/p>\n","protected":false},"author":1,"featured_media":12861,"comment_status":"closed","ping_status":"closed","sticky":false,"template":"","format":"standard","meta":{"footnotes":""},"categories":[342,181],"tags":[],"class_list":["post-17154","post","type-post","status-publish","format-standard","has-post-thumbnail","hentry","category-news","category-noticias"],"views":15,"_links":{"self":[{"href":"https:\/\/www.amchambaq.com\/es_co\/wp-json\/wp\/v2\/posts\/17154","targetHints":{"allow":["GET"]}}],"collection":[{"href":"https:\/\/www.amchambaq.com\/es_co\/wp-json\/wp\/v2\/posts"}],"about":[{"href":"https:\/\/www.amchambaq.com\/es_co\/wp-json\/wp\/v2\/types\/post"}],"author":[{"embeddable":true,"href":"https:\/\/www.amchambaq.com\/es_co\/wp-json\/wp\/v2\/users\/1"}],"replies":[{"embeddable":true,"href":"https:\/\/www.amchambaq.com\/es_co\/wp-json\/wp\/v2\/comments?post=17154"}],"version-history":[{"count":1,"href":"https:\/\/www.amchambaq.com\/es_co\/wp-json\/wp\/v2\/posts\/17154\/revisions"}],"predecessor-version":[{"id":17155,"href":"https:\/\/www.amchambaq.com\/es_co\/wp-json\/wp\/v2\/posts\/17154\/revisions\/17155"}],"wp:featuredmedia":[{"embeddable":true,"href":"https:\/\/www.amchambaq.com\/es_co\/wp-json\/wp\/v2\/media\/12861"}],"wp:attachment":[{"href":"https:\/\/www.amchambaq.com\/es_co\/wp-json\/wp\/v2\/media?parent=17154"}],"wp:term":[{"taxonomy":"category","embeddable":true,"href":"https:\/\/www.amchambaq.com\/es_co\/wp-json\/wp\/v2\/categories?post=17154"},{"taxonomy":"post_tag","embeddable":true,"href":"https:\/\/www.amchambaq.com\/es_co\/wp-json\/wp\/v2\/tags?post=17154"}],"curies":[{"name":"wp","href":"https:\/\/api.w.org\/{rel}","templated":true}]}}