{"id":17151,"date":"2026-01-23T14:27:57","date_gmt":"2026-01-23T19:27:57","guid":{"rendered":"https:\/\/www.amchambaq.com\/?p=17151"},"modified":"2026-01-23T14:27:57","modified_gmt":"2026-01-23T19:27:57","slug":"marco-rubio-secretario-de-estado-de-estados-unidos-converso-por-telefono-con-rosa-villavicencio-canciller-de-colombia-de-que-hablaron","status":"publish","type":"post","link":"https:\/\/www.amchambaq.com\/es_co\/marco-rubio-secretario-de-estado-de-estados-unidos-converso-por-telefono-con-rosa-villavicencio-canciller-de-colombia-de-que-hablaron\/","title":{"rendered":"Marco Rubio, secretario de Estado de Estados Unidos, convers\u00f3 por tel\u00e9fono con Rosa Villavicencio, canciller de Colombia: de qu\u00e9 hablaron"},"content":{"rendered":"<p>El secretario de Estado de Estados Unidos, Marco Rubio, mantuvo el 23 de enero una conversaci\u00f3n telef\u00f3nica con la canciller de Colombia, Rosa Yolanda Villavicencio, centrada en temas clave de la relaci\u00f3n bilateral, en el marco de la pr\u00f3xima reuni\u00f3n presidencial de febrero.<\/p>\n<p class=\"paragraph\" data-mrf-recirculation=\"Links inline\">Seg\u00fan el Departamento de Estado de Estados Unidos,<b>\u00a0durante la llamada se abordaron asuntos como el fortalecimiento de las relaciones comerciales, la cooperaci\u00f3n en seguridad regional y los esfuerzos conjuntos en la lucha contra el narcotr\u00e1fico<\/b>.<\/p>\n<p class=\"paragraph\" data-mrf-recirculation=\"Links inline\">Ambos funcionarios destacaron la importancia de estos temas como prioridades compartidas para ambos pa\u00edses. El Departamento de Estado de Estados Unidos subray\u00f3 que dichas cuestiones conforman los ejes principales de la agenda bilateral.<\/p>\n<p class=\"paragraph\" data-mrf-recirculation=\"Links inline\">El di\u00e1logo telef\u00f3nico tuvo lugar en v\u00edsperas de la reuni\u00f3n bilateral presidencial prevista, en la que los presidentes Donald Trump y Gustavo Petro continuar\u00e1n el trabajo conjunto en \u00e1reas estrat\u00e9gicas identificadas por ambos gobiernos.<\/p>\n<p class=\"paragraph\" data-mrf-recirculation=\"Links inline\">De acuerdo con el Departamento de Estado de Estados Unidos, la comunicaci\u00f3n refleja el compromiso de Estados Unidos y Colombia por mantener la coordinaci\u00f3n en materia de intereses comunes y avanzar en la preparaci\u00f3n de sus pr\u00f3ximos compromisos.<\/p>\n<p class=\"paragraph\" data-mrf-recirculation=\"Links inline\">\u201cAmbos funcionarios hablaron en vista de la pr\u00f3xima reuni\u00f3n bilateral presidencial en febrero, donde el presidente Trump y el presidente Petro continuar\u00e1n avanzando en temas de importancia mutua entre Estados Unidos y Colombia\u201c, menciona el Departamento de Estado.<\/p>\n<p class=\"paragraph\" data-mrf-recirculation=\"Links inline\">Por su parte, a trav\u00e9s de la cuenta oficial de X, antes Twitter,\u00a0<b>de la Canciller\u00eda colombiana, se confirm\u00f3 que las gestiones diplom\u00e1ticas con Estados Unidos avanzan con miras al pr\u00f3ximo encuentro presidencial del 3 de febrero en Washington<\/b>.<\/p>\n<p class=\"paragraph\" data-mrf-recirculation=\"Links inline\">\u201cLos asuntos de seguridad regional y las oportunidades conjuntas en materia econ\u00f3mica. La llamada fue descrita por las partes como \u2018muy positiva\u2019\u201c, seg\u00fan la misma Cancilleria colombiana.<\/p>\n<p class=\"paragraph\" data-mrf-recirculation=\"Links inline\">Durante el di\u00e1logo, Villavicencio enfatiz\u00f3 que para la visita del presidente Gustavo Petro se garantizar\u00e1n todas las condiciones protocolarias requeridas para un jefe de Estado.<\/p>\n<p class=\"paragraph\" data-mrf-recirculation=\"Links inline\">\u201c<b>Se le proveer\u00e1n todas las garant\u00edas propias de una visita de un jefe de Estado<\/b>\u201d, puntualiz\u00f3 la canciller colombiana, subrayando la relevancia que otorgan ambos gobiernos al encuentro.<\/p>\n<p class=\"paragraph\" data-mrf-recirculation=\"Links inline\">Rubio, por su parte, remarc\u00f3 al equipo colombiano el inter\u00e9s com\u00fan de que la reuni\u00f3n culmine con resultados concretos. Ambos funcionarios, seg\u00fan el reporte oficial, \u201creafirmaron el deseo de que la reuni\u00f3n en Washington sea exitosa\u201d.<\/p>\n<p class=\"paragraph\" data-mrf-recirculation=\"Links inline\">Entre los temas centrales que abordar\u00e1n Petro y Trump se destacan el combate al crimen organizado transnacional,\u00a0<b>con especial foco en las zonas fronterizas, la seguridad regional y nuevas oportunidades de cooperaci\u00f3n econ\u00f3mica. La canciller de Colombia valor\u00f3 la \u201clarga e hist\u00f3rica trayectoria de cooperaci\u00f3n y trabajo conjunto entre Colombia y Estados Unidos\u201d<\/b>.<\/p>\n<p class=\"paragraph\" data-mrf-recirculation=\"Links inline\">La llamada telef\u00f3nica, seg\u00fan los comunicados oficiales, sirvi\u00f3 tambi\u00e9n para perfilar la agenda que se desarrollar\u00e1 en la cumbre. Tanto Villavicencio como Rubio coincidieron en la importancia de \u201cvalorar la cooperaci\u00f3n bilateral\u201d y de \u201cconstruir sobre los logros previos\u201d para enfrentar retos compartidos.<\/p>\n<p class=\"paragraph\" data-mrf-recirculation=\"Links inline\">El ambiente previo a la cumbre se define por la expectativa de que el encuentro marque un nuevo cap\u00edtulo en la relaci\u00f3n estrat\u00e9gica entre ambos pa\u00edses.<\/p>\n<h2 class=\"header headline-class-h2 headline\">La reuni\u00f3n de la fiscal Camargo, la DEA y EE.UU. para frenar el narcotr\u00e1fico y la criminalidad internacional<\/h2>\n<p class=\"paragraph\" data-mrf-recirculation=\"Links inline\">La reciente reuni\u00f3n entre la fiscal Luz Adriana Camargo, el director de la DEA Terrance Cole y el encargado de negocios de Estados Unidos en Bogot\u00e1, John McNamara, represent\u00f3 un paso clave para fortalecer la cooperaci\u00f3n entre Colombia y Estados Unidos en la lucha contra el narcotr\u00e1fico y la criminalidad transnacional, seg\u00fan inform\u00f3 la embajada estadounidense.<\/p>\n<p class=\"paragraph\" data-mrf-recirculation=\"Links inline\">El contexto de este encuentro adquiere mayor relevancia debido a la cercana reuni\u00f3n entre los presidentes<b>\u00a0Gustavo Petro y Donald Trump en Washington, as\u00ed como por la reciente visita del director de la CIA a Venezuela.<\/b><\/p>\n<p class=\"paragraph\" data-mrf-recirculation=\"Links inline\">En el plano operativo, Estados Unidos ha intensificado acciones como el bombardeo de lanchas con coca\u00edna en el Caribe y el Pac\u00edfico, adem\u00e1s de la reanudaci\u00f3n en Colombia de la fumigaci\u00f3n de cultivos de hoja de coca utilizando drones.<\/p>\n<p class=\"paragraph\" data-mrf-recirculation=\"Links inline\">Durante la cita se oficializ\u00f3 la presentaci\u00f3n del nuevo director del CTI, Jos\u00e9 Luis Ram\u00edrez, exgeneral de la Polic\u00eda y aliado de las autoridades estadounidenses.<\/p>\n<p class=\"paragraph\" data-mrf-recirculation=\"Links inline\">Las autoridades destacaron que se abord\u00f3 la\u00a0<b>\u201cnecesidad de fortalecer la cooperaci\u00f3n entre ambos pa\u00edses en materia de seguridad y justicia\u201d, centrando la agenda en el combate a los grupos narcotraficantes, el tr\u00e1fico ilegal de armas y la persecuci\u00f3n de las finanzas criminales y la falsificaci\u00f3n de moneda<\/b>.<\/p>\n<p class=\"paragraph\" data-mrf-recirculation=\"Links inline\">La fiscal Luz Adriana Camargo asegur\u00f3 a\u00a0<i>El Tiempo<\/i>\u00a0que los v\u00ednculos judiciales entre ambos pa\u00edses permanecen s\u00f3lidos, se\u00f1alando: \u201cTenemos unas muy buenas relaciones, no solo en t\u00e9rminos de la ayuda en lo que tiene que ver con los grupos transnacionales para extradici\u00f3n de colombianos hacia los Estados Unidos, que normalmente es por delitos de narcotr\u00e1fico, sino que hemos empezado a trabajar de otra manera con las autoridades judiciales de Estados Unidos en temas tan importantes como lavado de activos\u201d.<\/p>\n<p data-mrf-recirculation=\"Links inline\">Tomado de: INFOBAE<\/p>\n","protected":false},"excerpt":{"rendered":"<p>El secretario de Estado de Estados Unidos, Marco Rubio, mantuvo el 23 de enero una conversaci\u00f3n telef\u00f3nica con la canciller de Colombia, Rosa Yolanda Villavicencio, centrada en temas clave de la relaci\u00f3n bilateral, en el marco de la pr\u00f3xima reuni\u00f3n presidencial de febrero. Seg\u00fan el Departamento de Estado de Estados Unidos,\u00a0durante la llamada se abordaron<\/p>\n","protected":false},"author":1,"featured_media":17152,"comment_status":"closed","ping_status":"closed","sticky":false,"template":"","format":"standard","meta":{"footnotes":""},"categories":[342,181],"tags":[],"class_list":["post-17151","post","type-post","status-publish","format-standard","has-post-thumbnail","hentry","category-news","category-noticias"],"views":25,"_links":{"self":[{"href":"https:\/\/www.amchambaq.com\/es_co\/wp-json\/wp\/v2\/posts\/17151","targetHints":{"allow":["GET"]}}],"collection":[{"href":"https:\/\/www.amchambaq.com\/es_co\/wp-json\/wp\/v2\/posts"}],"about":[{"href":"https:\/\/www.amchambaq.com\/es_co\/wp-json\/wp\/v2\/types\/post"}],"author":[{"embeddable":true,"href":"https:\/\/www.amchambaq.com\/es_co\/wp-json\/wp\/v2\/users\/1"}],"replies":[{"embeddable":true,"href":"https:\/\/www.amchambaq.com\/es_co\/wp-json\/wp\/v2\/comments?post=17151"}],"version-history":[{"count":1,"href":"https:\/\/www.amchambaq.com\/es_co\/wp-json\/wp\/v2\/posts\/17151\/revisions"}],"predecessor-version":[{"id":17153,"href":"https:\/\/www.amchambaq.com\/es_co\/wp-json\/wp\/v2\/posts\/17151\/revisions\/17153"}],"wp:featuredmedia":[{"embeddable":true,"href":"https:\/\/www.amchambaq.com\/es_co\/wp-json\/wp\/v2\/media\/17152"}],"wp:attachment":[{"href":"https:\/\/www.amchambaq.com\/es_co\/wp-json\/wp\/v2\/media?parent=17151"}],"wp:term":[{"taxonomy":"category","embeddable":true,"href":"https:\/\/www.amchambaq.com\/es_co\/wp-json\/wp\/v2\/categories?post=17151"},{"taxonomy":"post_tag","embeddable":true,"href":"https:\/\/www.amchambaq.com\/es_co\/wp-json\/wp\/v2\/tags?post=17151"}],"curies":[{"name":"wp","href":"https:\/\/api.w.org\/{rel}","templated":true}]}}