{"id":16801,"date":"2026-01-15T15:26:16","date_gmt":"2026-01-15T20:26:16","guid":{"rendered":"https:\/\/www.amchambaq.com\/?p=16801"},"modified":"2026-01-15T15:26:16","modified_gmt":"2026-01-15T20:26:16","slug":"los-temas-que-seran-priorizados-en-la-reunion-entre-trump-y-petro-que-tiene-fecha-para-el-proximo-3-de-febrero","status":"publish","type":"post","link":"https:\/\/www.amchambaq.com\/es_co\/los-temas-que-seran-priorizados-en-la-reunion-entre-trump-y-petro-que-tiene-fecha-para-el-proximo-3-de-febrero\/","title":{"rendered":"Los temas que ser\u00e1n priorizados en la reuni\u00f3n entre Trump y Petro que tiene fecha para el pr\u00f3ximo 3 de febrero"},"content":{"rendered":"<p class=\"elheraldo__StyledParagraph-sc-60z8lc-1 dEjMiD article-body__paragraph\">Luego de una conversaci\u00f3n entre el presidente\u00a0<b>Donald Trump<\/b>\u00a0y su hom\u00f3logo colombiano \u2013 v\u00eda tel\u00e9fono \u2013 en medio de una tensa relaci\u00f3n tras la captura de Nicol\u00e1s Maduro por militares de Estados Unidos,\u00a0<b>Gustavo Petro<\/b>\u00a0confirm\u00f3 que la reuni\u00f3n entre los mandatarios, que se realizar\u00e1 en la<b>\u00a0Casa Blanca,\u00a0<\/b>tiene fecha para el pr\u00f3ximo\u00a0<b>3 de febrero.<\/b><\/p>\n<p class=\"elheraldo__StyledParagraph-sc-60z8lc-1 dEjMiD article-body__paragraph\">\u201cEl Consejo de Ministros tiene un tema (sobre narcotr\u00e1fico), que es el que ha intensificado el debate entre Estados Unidos y Colombia -entre los gobiernos, entre los presidentes- que ha terminado con una posibilidad de reuni\u00f3n que ser\u00e1 el 3 de febrero, ya veremos los resultados de esa reuni\u00f3n, que es determinante\u201d, explic\u00f3 Petro.<\/p>\n<div class=\"elheraldo__StyledRecommendedCard-sc-x7jz2p-0 bjiHfq recommended-card\">\n<p class=\"elheraldo__StyledParagraph-sc-60z8lc-1 dEjMiD article-body__paragraph\">Durante el consejo de ministros, el mandatario record\u00f3 que presentar\u00e1 a Trump los datos sobre\u00a0<b>narcotr\u00e1fico\u00a0<\/b>de su Gobierno para que \u201csepa realmente lo que ha pasado en la lucha que hemos librado en este Gobierno contra los\u00a0<b>narc\u00f3ticos<\/b>\u201d.<\/p>\n<p class=\"elheraldo__StyledParagraph-sc-60z8lc-1 dEjMiD article-body__paragraph\">\u201cEn la mesa donde estar\u00e1 el gobierno de Trump vamos a analizar r\u00e1pidamente datos, no creo que sea muy larga la reuni\u00f3n, de si es cierto lo que en ciertas esferas en EE. UU., provenientes de informaci\u00f3n colombiana, otra vez fueron a ver c\u00f3mo se llevan preso al presidente y destruyen que por fin hay una comunicaci\u00f3n con EE. UU. para que sepan la lucha de este gobierno con los narc\u00f3ticos, en general la coca\u00edna que se est\u00e1 mezclando con fentanilo en EE. UU.\u201d, a\u00f1adi\u00f3.<\/p>\n<p class=\"elheraldo__StyledParagraph-sc-60z8lc-1 dEjMiD article-body__paragraph\">Adem\u00e1s, el mandatario manifest\u00f3: \u201cya veremos los resultados, es determinante. Mi intenci\u00f3n es que el colombiano no sufra y est\u00e9 tranquilo\u201d.<\/p>\n<p class=\"elheraldo__StyledParagraph-sc-60z8lc-1 dEjMiD article-body__paragraph\">Justamente el ministro de Defensa, Pedro S\u00e1nchez Su\u00e1rez, se reuni\u00f3 este mi\u00e9rcoles en Washington con altos funcionarios de EE.UU. para abordar la lucha conjunta contra el narcotr\u00e1fico, que consider\u00f3 el \u201cenemigo com\u00fan\u201d para ambos pa\u00edses, como pre\u00e1mbulo al encuentro entre los presidentes.<\/p>\n<p class=\"elheraldo__StyledParagraph-sc-60z8lc-1 dEjMiD article-body__paragraph\">\u201cTuvimos un di\u00e1logo muy abierto, como siempre ha ocurrido. Lo que estamos haciendo en Colombia es combatir un enemigo com\u00fan que tenemos con los Estados Unidos, el narcotr\u00e1fico. El reto es c\u00f3mo incrementamos la eficiencia para acabar con este veneno\u201d, asegur\u00f3 S\u00e1nchez en una rueda de prensa junto al embajador de Colombia en EE.UU., Daniel Garc\u00eda Pe\u00f1a.<\/p>\n<p class=\"elheraldo__StyledParagraph-sc-60z8lc-1 dEjMiD article-body__paragraph\">Asimismo, el funcionario asegur\u00f3 que el tema de la recertificaci\u00f3n es algo \u201crelativamente menor\u201d frente a la lucha contra las drogas.<\/p>\n<p class=\"elheraldo__StyledParagraph-sc-60z8lc-1 dEjMiD article-body__paragraph\">\u201cComo ministro de Defensa la \u00fanica preocupaci\u00f3n que tengo es que acabemos con el problema de las drogas. El tema de la recertificaci\u00f3n es algo relativamente menor frente a ese prop\u00f3sito\u201d.<\/p>\n<article class=\"elheraldo__StyledArticle-sc-60z8lc-0 dOafaQ article-body\">\n<p class=\"elheraldo__StyledParagraph-sc-60z8lc-1 dEjMiD article-body__paragraph\">Como parte de su agenda en Washington, el ministro se ha reunido hasta ahora con miembros del Congreso, como el senador republicano Bill Hagerty o con el presidente del Comit\u00e9 de Servicios Armados en la C\u00e1mara de Representantes, el republicano Mike Rogers.<\/p>\n<\/article>\n<div class=\"elheraldo__StyledArticleTags-sc-v5q4tv-0 kxguOz article-tags-bar\">Tomado de: EL HERALDO<\/div>\n<\/div>\n","protected":false},"excerpt":{"rendered":"<p>Luego de una conversaci\u00f3n entre el presidente\u00a0Donald Trump\u00a0y su hom\u00f3logo colombiano \u2013 v\u00eda tel\u00e9fono \u2013 en medio de una tensa relaci\u00f3n tras la captura de Nicol\u00e1s Maduro por militares de Estados Unidos,\u00a0Gustavo Petro\u00a0confirm\u00f3 que la reuni\u00f3n entre los mandatarios, que se realizar\u00e1 en la\u00a0Casa Blanca,\u00a0tiene fecha para el pr\u00f3ximo\u00a03 de febrero. \u201cEl Consejo de Ministros<\/p>\n","protected":false},"author":1,"featured_media":16802,"comment_status":"closed","ping_status":"closed","sticky":false,"template":"","format":"standard","meta":{"footnotes":""},"categories":[342,181],"tags":[],"class_list":["post-16801","post","type-post","status-publish","format-standard","has-post-thumbnail","hentry","category-news","category-noticias"],"views":21,"_links":{"self":[{"href":"https:\/\/www.amchambaq.com\/es_co\/wp-json\/wp\/v2\/posts\/16801","targetHints":{"allow":["GET"]}}],"collection":[{"href":"https:\/\/www.amchambaq.com\/es_co\/wp-json\/wp\/v2\/posts"}],"about":[{"href":"https:\/\/www.amchambaq.com\/es_co\/wp-json\/wp\/v2\/types\/post"}],"author":[{"embeddable":true,"href":"https:\/\/www.amchambaq.com\/es_co\/wp-json\/wp\/v2\/users\/1"}],"replies":[{"embeddable":true,"href":"https:\/\/www.amchambaq.com\/es_co\/wp-json\/wp\/v2\/comments?post=16801"}],"version-history":[{"count":1,"href":"https:\/\/www.amchambaq.com\/es_co\/wp-json\/wp\/v2\/posts\/16801\/revisions"}],"predecessor-version":[{"id":16803,"href":"https:\/\/www.amchambaq.com\/es_co\/wp-json\/wp\/v2\/posts\/16801\/revisions\/16803"}],"wp:featuredmedia":[{"embeddable":true,"href":"https:\/\/www.amchambaq.com\/es_co\/wp-json\/wp\/v2\/media\/16802"}],"wp:attachment":[{"href":"https:\/\/www.amchambaq.com\/es_co\/wp-json\/wp\/v2\/media?parent=16801"}],"wp:term":[{"taxonomy":"category","embeddable":true,"href":"https:\/\/www.amchambaq.com\/es_co\/wp-json\/wp\/v2\/categories?post=16801"},{"taxonomy":"post_tag","embeddable":true,"href":"https:\/\/www.amchambaq.com\/es_co\/wp-json\/wp\/v2\/tags?post=16801"}],"curies":[{"name":"wp","href":"https:\/\/api.w.org\/{rel}","templated":true}]}}