{"id":16574,"date":"2026-01-09T15:31:40","date_gmt":"2026-01-09T20:31:40","guid":{"rendered":"https:\/\/www.amchambaq.com\/?p=16574"},"modified":"2026-01-09T15:31:40","modified_gmt":"2026-01-09T20:31:40","slug":"donald-trump-recibira-al-presidente-gustavo-petro-en-la-casa-blanca-en-febrero","status":"publish","type":"post","link":"https:\/\/www.amchambaq.com\/es_co\/donald-trump-recibira-al-presidente-gustavo-petro-en-la-casa-blanca-en-febrero\/","title":{"rendered":"Donald Trump recibir\u00e1 al presidente Gustavo Petro en la Casa Blanca en febrero"},"content":{"rendered":"<p><strong>El presidente de Estados Unidos, Donald Trump, confirm\u00f3 que recibir\u00e1 en la Casa Blanca a su hom\u00f3logo colombiano, Gustavo Petro, durante la primera semana de febrero<\/strong>, en el marco de una reuni\u00f3n oficial bilateral orientada a recomponer una relaci\u00f3n marcada por tensiones diplom\u00e1ticas, desacuerdos pol\u00edticos y diferencias en la lucha contra el narcotr\u00e1fico.<\/p>\n<p>El anuncio fue realizado por el propio mandatario estadounidense, quien subray\u00f3 que el encuentro estar\u00e1 condicionado a avances concretos en el control del tr\u00e1fico de drogas hacia su pa\u00eds. \u201c<strong>Estoy seguro de que ser\u00e1 muy beneficioso, pero es necesario prohibir la entrada de coca\u00edna y otras drogas a Estados Unidos<\/strong>\u201d, se\u00f1al\u00f3 Trump.<\/p>\n<p><strong>a confirmaci\u00f3n del encuentro se produce tras la llamada telef\u00f3nica sostenida entre ambos presidentes el pasado mi\u00e9rcoles 7 de enero<\/strong>, el primer contacto directo luego de un a\u00f1o de crisis diplom\u00e1tica.\u00a0<u>En esa conversaci\u00f3n, Petro y Trump abordaron la cooperaci\u00f3n bilateral, con \u00e9nfasis en la pol\u00edtica antidrogas<\/u>, y coincidieron en la necesidad de restablecer los canales de comunicaci\u00f3n entre las canciller\u00edas y los jefes de Estado.<\/p>\n<p><strong>El presidente colombiano explic\u00f3 posteriormente que durante la llamada present\u00f3 los resultados de su gobierno en la lucha contra el narcotr\u00e1fico.<\/strong>\u00a0\u201cLe inform\u00e9 que las incautaciones de droga hab\u00edan alcanzado cifras hist\u00f3ricas; alrededor de 1.000 toneladas el a\u00f1o pasado, con una proyecci\u00f3n de 3.500 toneladas al finalizar el a\u00f1o\u201d, afirm\u00f3 Petro. Adem\u00e1s, destac\u00f3 que durante su administraci\u00f3n se han extraditado 700 personas vinculadas a este delito y defendi\u00f3 la estrategia de sustituci\u00f3n voluntaria de cultivos il\u00edcitos frente a la erradicaci\u00f3n forzada.<\/p>\n<p><strong>Trump, por su parte, calific\u00f3 la conversaci\u00f3n como positiva y destac\u00f3 el tono del mandatario colombiano.<\/strong>\u00a0\u201cFue un gran honor hablar con el presidente de Colombia, Gustavo Petro, quien me llam\u00f3 para explicar la situaci\u00f3n de las drogas y otros desacuerdos que hemos tenido\u201d, se\u00f1al\u00f3. El presidente estadounidense confirm\u00f3 que el secretario de Estado, Marco Rubio, y el ministro de Relaciones Exteriores de Colombia adelantan los arreglos para la reuni\u00f3n en Washington.<\/p>\n<p><strong>Es importante destacar que desde enero de 2025, las relaciones entre ambos pa\u00edses han atravesado al menos ocho episodios de tensi\u00f3n.<\/strong>\u00a0Entre ellos, el rechazo de Colombia a vuelos con migrantes deportados desde Estados Unidos, el llamado a consultas de embajadores por supuestas injerencias pol\u00edticas, la descertificaci\u00f3n de Colombia en la lucha contra las drogas y los se\u00f1alamientos p\u00fablicos cruzados entre ambos mandatarios en escenarios internacionales.<\/p>\n<p>A estos hechos se suman las\u00a0<strong>acusaciones de Trump contra Petro por presuntamente promover la producci\u00f3n de drogas<\/strong>, as\u00ed como la inclusi\u00f3n de figuras cercanas al entorno presidencial colombiano en la Lista de Nacionales Especialmente Designados del Departamento del Tesoro estadounidense.<\/p>\n<p>Tomado de: LA REP\u00daBLICA<\/p>\n","protected":false},"excerpt":{"rendered":"<p>El presidente de Estados Unidos, Donald Trump, confirm\u00f3 que recibir\u00e1 en la Casa Blanca a su hom\u00f3logo colombiano, Gustavo Petro, durante la primera semana de febrero, en el marco de una reuni\u00f3n oficial bilateral orientada a recomponer una relaci\u00f3n marcada por tensiones diplom\u00e1ticas, desacuerdos pol\u00edticos y diferencias en la lucha contra el narcotr\u00e1fico. El anuncio<\/p>\n","protected":false},"author":1,"featured_media":16575,"comment_status":"closed","ping_status":"closed","sticky":false,"template":"","format":"standard","meta":{"footnotes":""},"categories":[342,181],"tags":[],"class_list":["post-16574","post","type-post","status-publish","format-standard","has-post-thumbnail","hentry","category-news","category-noticias"],"views":20,"_links":{"self":[{"href":"https:\/\/www.amchambaq.com\/es_co\/wp-json\/wp\/v2\/posts\/16574","targetHints":{"allow":["GET"]}}],"collection":[{"href":"https:\/\/www.amchambaq.com\/es_co\/wp-json\/wp\/v2\/posts"}],"about":[{"href":"https:\/\/www.amchambaq.com\/es_co\/wp-json\/wp\/v2\/types\/post"}],"author":[{"embeddable":true,"href":"https:\/\/www.amchambaq.com\/es_co\/wp-json\/wp\/v2\/users\/1"}],"replies":[{"embeddable":true,"href":"https:\/\/www.amchambaq.com\/es_co\/wp-json\/wp\/v2\/comments?post=16574"}],"version-history":[{"count":1,"href":"https:\/\/www.amchambaq.com\/es_co\/wp-json\/wp\/v2\/posts\/16574\/revisions"}],"predecessor-version":[{"id":16576,"href":"https:\/\/www.amchambaq.com\/es_co\/wp-json\/wp\/v2\/posts\/16574\/revisions\/16576"}],"wp:featuredmedia":[{"embeddable":true,"href":"https:\/\/www.amchambaq.com\/es_co\/wp-json\/wp\/v2\/media\/16575"}],"wp:attachment":[{"href":"https:\/\/www.amchambaq.com\/es_co\/wp-json\/wp\/v2\/media?parent=16574"}],"wp:term":[{"taxonomy":"category","embeddable":true,"href":"https:\/\/www.amchambaq.com\/es_co\/wp-json\/wp\/v2\/categories?post=16574"},{"taxonomy":"post_tag","embeddable":true,"href":"https:\/\/www.amchambaq.com\/es_co\/wp-json\/wp\/v2\/tags?post=16574"}],"curies":[{"name":"wp","href":"https:\/\/api.w.org\/{rel}","templated":true}]}}