{"id":16529,"date":"2026-01-08T07:58:34","date_gmt":"2026-01-08T12:58:34","guid":{"rendered":"https:\/\/www.amchambaq.com\/?p=16529"},"modified":"2026-01-08T07:58:34","modified_gmt":"2026-01-08T12:58:34","slug":"los-detalles-de-la-llamada-entre-petro-y-trump-que-se-da-en-uno-de-los-momentos-criticos-de-las-relaciones-bilaterales","status":"publish","type":"post","link":"https:\/\/www.amchambaq.com\/es_co\/los-detalles-de-la-llamada-entre-petro-y-trump-que-se-da-en-uno-de-los-momentos-criticos-de-las-relaciones-bilaterales\/","title":{"rendered":"Los detalles de la llamada entre Petro y Trump que se da en uno de los momentos cr\u00edticos de las relaciones bilaterales"},"content":{"rendered":"<p class=\"elheraldo__StyledParagraph-sc-60z8lc-1 dEjMiD article-body__paragraph\">En horas de la tarde-noche del mi\u00e9rcoles 7 de enero se llev\u00f3 a cabo uno de los hechos m\u00e1s trascendentales en el marco de las relaciones bilaterales entre Colombia y Estados Unidos: el\u00a0<b>presidente Gustavo Petro\u00a0<\/b>convers\u00f3 por primera vez con su\u00a0<b>hom\u00f3logo Donald Trump.<\/b><\/p>\n<p class=\"elheraldo__StyledParagraph-sc-60z8lc-1 dEjMiD article-body__paragraph\">Desde el Gobierno nacional anunciaron que el mandatario colombiano sostuvo una conversaci\u00f3n v\u00eda telef\u00f3nica con el jefe de la Casa Blanca durante aproximadamente 35 minutos.<\/p>\n<p class=\"elheraldo__StyledParagraph-sc-60z8lc-1 dEjMiD article-body__paragraph\">\u201cEn ejercicio de la diplomacia, el Presidente Gustavo Petro sostuvo llamada telef\u00f3nica con el Presidente de Estados Unidos, Donald Trump\u201d, dijo el Dapre en su cuenta de X.<\/p>\n<p class=\"elheraldo__StyledParagraph-sc-60z8lc-1 dEjMiD article-body__paragraph\">Minutos despu\u00e9s de conocerse la conversaci\u00f3n, el presidente Trump se\u00f1al\u00f3 en su red social Truth Social que fue \u201cun gran honor\u201d hablar con el\u00a0<b>presidente Petro<\/b>, quien lo llam\u00f3 para exponer la situaci\u00f3n relacionada con el\u00a0<b>narcotr\u00e1fico\u00a0<\/b>y otros desacuerdos existentes entre ambas Administraciones.<\/p>\n<p class=\"elheraldo__StyledParagraph-sc-60z8lc-1 dEjMiD article-body__paragraph\">El mandatario estadounidense afirm\u00f3 que agradeci\u00f3 la llamada y el tono de la conversaci\u00f3n, y expres\u00f3 su disposici\u00f3n a reunirse con su hom\u00f3logo colombiano en un futuro pr\u00f3ximo.<\/p>\n<p class=\"elheraldo__StyledParagraph-sc-60z8lc-1 dEjMiD article-body__paragraph\">El presidente norteamericano dijo que el<b>\u00a0secretario de Estado, Marco Rubio<\/b>, y la ministra de Relaciones Exteriores de Colombia,\u00a0<b>Rosa Villavicencio,<\/b>\u00a0ya trabajan en los arreglos necesarios para concretar el encuentro, que, seg\u00fan precis\u00f3, se celebrar\u00e1 en la\u00a0<b>Casa Blanca<\/b>, en Washington.<\/p>\n<div class=\"elheraldo__StyledHeaderWrapper-sc-60z8lc-10 VeMNe\">\n<h3 class=\"article-body__header\">Los temas que trataron en la llamada<\/h3>\n<\/div>\n<p class=\"elheraldo__StyledParagraph-sc-60z8lc-1 dEjMiD article-body__paragraph\">Seg\u00fan trascendi\u00f3, en la conversaci\u00f3n se tocaron temas clave para ambos pa\u00edses: seguridad en la frontera, la lucha contra el narcotr\u00e1fico,<b>\u00a0incautaciones de drogas y destrucci\u00f3n de laboratorios.<\/b><\/p>\n<p class=\"elheraldo__StyledParagraph-sc-60z8lc-1 dEjMiD article-body__paragraph\">\u201cHablamos de otros temas en los que todav\u00eda no hay acuerdos, ese es nuestro objetivo: que la paz de Venezuela es la paz de Colombia, y viceversa. Y hay que quitar el mayor factor de violencia que se llama ELN\u201d, dijo el jefe de Estado colombiano en su intervenci\u00f3n desde la Plaza de Bol\u00edvar, donde convoc\u00f3 a la ciudadan\u00eda a manifestarse en respaldo a la soberan\u00eda del pa\u00eds.<\/p>\n<p class=\"elheraldo__StyledParagraph-sc-60z8lc-1 dEjMiD article-body__paragraph\">Adem\u00e1s, en la conversaci\u00f3n estuvo presente el tema de la captura de Nicol\u00e1s Maduro por parte de las Fuerzas Militares de Estados Unidos el pasado s\u00e1bado 3 de enero.<\/p>\n<p class=\"elheraldo__StyledParagraph-sc-60z8lc-1 dEjMiD article-body__paragraph\">\u201cLos mismos pol\u00edticos que son responsables de tener relaciones con el narcotr\u00e1fico y haber hecho trizas la paz como ellos dicen, y haber condenado a Colombia a las mayores alturas de hoja de coca. Y ahora suenan los misiles, caen drones, 400 heridos tenemos ya de la polic\u00eda y el ej\u00e9rcito. Ellos son los responsables de esta crisis diplom\u00e1tica, llam\u00e9mosla verbal por ahora. Que ha estallado entre EE. UU. y Colombia\u201d, confirm\u00f3 Petro sobre los temas hablados con Trump.<\/p>\n<p class=\"elheraldo__StyledParagraph-sc-60z8lc-1 dEjMiD article-body__paragraph\">Otro de los temas, de acuerdo con Petro, fue la propuesta de una cooperaci\u00f3n basada en la transici\u00f3n hacia energ\u00edas limpias, y no en\u00a0<b>petr\u00f3leo, carb\u00f3n o gas,<\/b>\u00a0al se\u00f1alar que \u201cel 75 % de la crisis clim\u00e1tica es causada por estos combustibles\u201d.<\/p>\n<p class=\"elheraldo__StyledParagraph-sc-60z8lc-1 dEjMiD article-body__paragraph\">En su intervenci\u00f3n en la\u00a0<b>Plaza de Bol\u00edvar,<\/b>\u00a0el mandatario tambi\u00e9n enfatiz\u00f3: \u201cHabl\u00e9 de dos cosas, Venezuela y el tema del narcotr\u00e1fico, de \u00bfPor qu\u00e9 se me sindica si yo llevo 20 a\u00f1os arriesgando mi vida luchando contra traquetos de alto poder y pol\u00edticos aliados a ellos. Le dije, muchos de los pol\u00edticos que han llegado al estado de la Florida tienen relaci\u00f3n con el narcotr\u00e1fico&#8221;.<\/p>\n<p class=\"elheraldo__StyledParagraph-sc-60z8lc-1 dEjMiD article-body__paragraph\">De hecho, mencion\u00f3 que ten\u00eda preparado un discurso \u201cbastante duro\u201d, pero lo baj\u00f3 de tono luego de la llamada.<\/p>\n<p class=\"elheraldo__StyledParagraph-sc-60z8lc-1 dEjMiD article-body__paragraph\">\u201cHoy tra\u00eda un discurso y tengo que dar otro, el primer discurso era bastante duro\u201d, dijo el presidente colombiano y a\u00f1adi\u00f3 que \u201cdesde hace 34 a\u00f1os para m\u00ed la prioridad es la paz\u201d.<\/p>\n<div class=\"elheraldo__StyledHeaderWrapper-sc-60z8lc-10 VeMNe\">\n<h3 class=\"article-body__header\">\u00bfC\u00f3mo fue el puente de la conversaci\u00f3n?<\/h3>\n<\/div>\n<p class=\"elheraldo__StyledParagraph-sc-60z8lc-1 dEjMiD article-body__paragraph\">Desde que Petro lleg\u00f3 a la Casa de Nari\u00f1o, sus diferentes cancilleres hab\u00edan intentado obtener alg\u00fan di\u00e1logo con Trump cuando este lleg\u00f3 a la<b>\u00a0Casa Blanca<\/b>, pero no hubo respuesta positiva por parte de<b>\u00a0Washington.<\/b><\/p>\n<p class=\"elheraldo__StyledParagraph-sc-60z8lc-1 dEjMiD article-body__paragraph\">Sin embargo, en las \u00faltimas horas el e<b>mbajador (e) de Estados Unidos, John McNamara,<\/b>\u00a0se reuni\u00f3n con la ministra Villavicencio, quienes habr\u00edan sido los encargados de concretar el di\u00e1logo de los mandatarios.<\/p>\n<p class=\"elheraldo__StyledParagraph-sc-60z8lc-1 dEjMiD article-body__paragraph\">Se supo que en el momento de la llamada estuvieron presentes la canciller Villavicencio, el ministro de Interior, Armando Benedetti, y la directora del Dapre, Angie Rodr\u00edguez.<\/p>\n<div class=\"elheraldo__StyledHeaderWrapper-sc-60z8lc-10 VeMNe\">\n<h3 class=\"article-body__header\">Una llamada oportuna<\/h3>\n<\/div>\n<p class=\"elheraldo__StyledParagraph-sc-60z8lc-1 dEjMiD article-body__paragraph\">La conversaci\u00f3n lleg\u00f3 en uno de los momentos m\u00e1s cr\u00edticos de las relaciones bilaterales entre Estados Unidos y Colombia, que aunque han sido distantes con<b>\u00a0Petro y Trump\u00a0<\/b>en el poder, estas se han agravado en los \u00faltimos meses luego de que el jefe de la Casa Blanca lanzara amenazas contra el jefe de Estado colombiano por su \u201cinsuficiente\u201d\u00a0<b>lucha antidrogas. Inclusive el republicano<\/b>\u00a0lo ha calificado en varias ocasiones de ser<b>\u00a0<\/b>un\u00a0<b>\u201cl\u00edder del narcotr\u00e1fico\u201d.<\/b><\/p>\n<p class=\"elheraldo__StyledParagraph-sc-60z8lc-1 dEjMiD article-body__paragraph\">Vale mencionar que previo a su primera llamada entre cr\u00edticas y tensiones mutuas, Trump hab\u00eda llegado a calificar a Petro de ser \u201cmuy hostil\u201d o de decir que ser\u00eda el siguiente, en referencia a sus operativos antinarc\u00f3ticos que desembocaron en la captura de Maduro el fin de semana pasado.<\/p>\n<p class=\"elheraldo__StyledParagraph-sc-60z8lc-1 dEjMiD article-body__paragraph\">El mandatario estadounidense ha dicho del Gobierno de Bogot\u00e1 que ha sido insuficiente su lucha contra el<b>\u00a0tr\u00e1fico de drogas\u00a0<\/b>y ha insinuado incluso que una operaci\u00f3n similar a la realizada en Venezuela \u201csuena bien\u201d tambi\u00e9n para Colombia, una ret\u00f3rica que ha provocado rechazos oficiales en la capital colombiana.<\/p>\n<p class=\"elheraldo__StyledParagraph-sc-60z8lc-1 dEjMiD article-body__paragraph\">Adem\u00e1s, hace un par de d\u00edas sostuvo que Petro \u201cdeb\u00eda cuidarse el trasero\u201d tras acusarlo a Petro de \u201ctener f\u00e1bricas de coca\u00edna\u201d que es enviada a Estados Unidos.<\/p>\n<p>Tomado de: EL HERALDO<\/p>\n","protected":false},"excerpt":{"rendered":"<p>En horas de la tarde-noche del mi\u00e9rcoles 7 de enero se llev\u00f3 a cabo uno de los hechos m\u00e1s trascendentales en el marco de las relaciones bilaterales entre Colombia y Estados Unidos: el\u00a0presidente Gustavo Petro\u00a0convers\u00f3 por primera vez con su\u00a0hom\u00f3logo Donald Trump. Desde el Gobierno nacional anunciaron que el mandatario colombiano sostuvo una conversaci\u00f3n v\u00eda<\/p>\n","protected":false},"author":1,"featured_media":16530,"comment_status":"closed","ping_status":"closed","sticky":false,"template":"","format":"standard","meta":{"footnotes":""},"categories":[342,181],"tags":[],"class_list":["post-16529","post","type-post","status-publish","format-standard","has-post-thumbnail","hentry","category-news","category-noticias"],"views":36,"_links":{"self":[{"href":"https:\/\/www.amchambaq.com\/es_co\/wp-json\/wp\/v2\/posts\/16529","targetHints":{"allow":["GET"]}}],"collection":[{"href":"https:\/\/www.amchambaq.com\/es_co\/wp-json\/wp\/v2\/posts"}],"about":[{"href":"https:\/\/www.amchambaq.com\/es_co\/wp-json\/wp\/v2\/types\/post"}],"author":[{"embeddable":true,"href":"https:\/\/www.amchambaq.com\/es_co\/wp-json\/wp\/v2\/users\/1"}],"replies":[{"embeddable":true,"href":"https:\/\/www.amchambaq.com\/es_co\/wp-json\/wp\/v2\/comments?post=16529"}],"version-history":[{"count":1,"href":"https:\/\/www.amchambaq.com\/es_co\/wp-json\/wp\/v2\/posts\/16529\/revisions"}],"predecessor-version":[{"id":16531,"href":"https:\/\/www.amchambaq.com\/es_co\/wp-json\/wp\/v2\/posts\/16529\/revisions\/16531"}],"wp:featuredmedia":[{"embeddable":true,"href":"https:\/\/www.amchambaq.com\/es_co\/wp-json\/wp\/v2\/media\/16530"}],"wp:attachment":[{"href":"https:\/\/www.amchambaq.com\/es_co\/wp-json\/wp\/v2\/media?parent=16529"}],"wp:term":[{"taxonomy":"category","embeddable":true,"href":"https:\/\/www.amchambaq.com\/es_co\/wp-json\/wp\/v2\/categories?post=16529"},{"taxonomy":"post_tag","embeddable":true,"href":"https:\/\/www.amchambaq.com\/es_co\/wp-json\/wp\/v2\/tags?post=16529"}],"curies":[{"name":"wp","href":"https:\/\/api.w.org\/{rel}","templated":true}]}}