{"id":13727,"date":"2025-10-24T11:58:20","date_gmt":"2025-10-24T16:58:20","guid":{"rendered":"https:\/\/www.amchambaq.com\/?p=13727"},"modified":"2025-10-24T11:58:20","modified_gmt":"2025-10-24T16:58:20","slug":"gases-del-caribe-lanzo-nueva-plataforma-de-la-marca-brilla-en-el-malecon-del-rio","status":"publish","type":"post","link":"https:\/\/www.amchambaq.com\/es_co\/gases-del-caribe-lanzo-nueva-plataforma-de-la-marca-brilla-en-el-malecon-del-rio\/","title":{"rendered":"Gases del Caribe lanz\u00f3 nueva plataforma de la marca Brilla en el Malec\u00f3n del R\u00edo"},"content":{"rendered":"<p class=\"elheraldo__StyledParagraph-sc-60z8lc-1 dEjMiD article-body__paragraph\"><b>Gases del Caribe<\/b>\u00a0realiz\u00f3 una campa\u00f1a el pasado 21 de octubre pero fue difundida dos d\u00edas despu\u00e9s, a trav\u00e9s de la reconocida\u00a0<b>marca \u2018Brilla\u2019<\/b>, para resaltar el progreso de cinco mujeres y sus historias de vida.<\/p>\n<p class=\"elheraldo__StyledParagraph-sc-60z8lc-1 dEjMiD article-body__paragraph\">La actividad se llev\u00f3 a cabo en el\u00a0<b>Malec\u00f3n del R\u00edo<\/b>, en Barranquilla, donde se reunieron cientos de personas alrededor de una gran esfera amarilla luminosa, \u201cs\u00edmbolo de la energ\u00eda y el brillo que representa la marca Brilla\u201d.<\/p>\n<p class=\"elheraldo__StyledParagraph-sc-60z8lc-1 dEjMiD article-body__paragraph\">\u201cEl programa de financiaci\u00f3n no bancaria Brilla realiz\u00f3 una serie de activaciones que conectaron a miles de colombianos en torno a un mensaje poderoso:\u00a0<b>el progreso de la gente se celebra<\/b>. (\u2026) Lo que parec\u00eda una simple din\u00e1mica ciudadana termin\u00f3 convirti\u00e9ndose en un gesto simb\u00f3lico que recorri\u00f3 el pa\u00eds, despertando curiosidad y conversaci\u00f3n sobre el mensaje detr\u00e1s de la acci\u00f3n: los sue\u00f1os se encienden cuando se comparten\u201d, se lee en el comunicado.<\/p>\n<p class=\"elheraldo__StyledParagraph-sc-60z8lc-1 dEjMiD article-body__paragraph\"><b>La iniciativa se viraliz\u00f3<\/b>\u00a0r\u00e1pidamente gracias a la participaci\u00f3n de varios influencers, medios y transe\u00fantes que difundieron en vivo la transmisi\u00f3n del evento de Brilla, realizado el pasado jueves 23 de octubre.<\/p>\n<p class=\"elheraldo__StyledParagraph-sc-60z8lc-1 dEjMiD article-body__paragraph\">En el Malec\u00f3n del R\u00edo, se desvelaron varias estatuas que representan\u00a0<b>historias de vida reales<\/b>, de aquellas personas que con su esfuerzo y responsabilidad han logrado cumplir sus metas gracias al cr\u00e9dito Brilla.<\/p>\n<p class=\"elheraldo__StyledParagraph-sc-60z8lc-1 dEjMiD article-body__paragraph\">En medio del evento, el jefe de Financiaci\u00f3n No Bancaria Brilla en Gases del Caribe,\u00a0<b>Andr\u00e9s Madridmalo<\/b>, se\u00f1al\u00f3 que \u201cno son figuras de yeso, son historias vivas de progreso. Son el reflejo de lo que muchos hemos hecho realidad cuando trabajamos con disciplina y confiamos en los sue\u00f1os de nuestra gente\u201d.<\/p>\n<p class=\"elheraldo__StyledParagraph-sc-60z8lc-1 dEjMiD article-body__paragraph\">Asimismo, Madridmalo indic\u00f3 que Brilla actualmente cuenta con m\u00e1s de\u00a0<b>300 mil usuarios activos<\/b>, lo que demuestra la confianza de los usuarios hacia el programa.<\/p>\n<p class=\"elheraldo__StyledParagraph-sc-60z8lc-1 dEjMiD article-body__paragraph\">\u201cMuchos de nuestros usuarios usan su\u00a0<b>cr\u00e9dito\u00a0<\/b>una y otra vez. Eso nos motiva a seguir expandi\u00e9ndonos, a llegar a mas hogares y a seguir siendo una plataforma que celebra el progreso de la gente\u201d, a\u00f1ade el comunicado.<\/p>\n<p>Tomado de: EL HERALDO<\/p>\n<div class=\"elheraldo__StyledRecommendedCard-sc-x7jz2p-0 bjiHfq recommended-card\">\n<h2 class=\"ingl-heading elheraldo__StyledHeadline-sc-x7jz2p-1 dmAvRR\"><\/h2>\n<\/div>\n","protected":false},"excerpt":{"rendered":"<p>Gases del Caribe\u00a0realiz\u00f3 una campa\u00f1a el pasado 21 de octubre pero fue difundida dos d\u00edas despu\u00e9s, a trav\u00e9s de la reconocida\u00a0marca \u2018Brilla\u2019, para resaltar el progreso de cinco mujeres y sus historias de vida. La actividad se llev\u00f3 a cabo en el\u00a0Malec\u00f3n del R\u00edo, en Barranquilla, donde se reunieron cientos de personas alrededor de una<\/p>\n","protected":false},"author":1,"featured_media":13728,"comment_status":"closed","ping_status":"closed","sticky":false,"template":"","format":"standard","meta":{"footnotes":""},"categories":[342,181],"tags":[],"class_list":["post-13727","post","type-post","status-publish","format-standard","has-post-thumbnail","hentry","category-news","category-noticias"],"views":19,"_links":{"self":[{"href":"https:\/\/www.amchambaq.com\/es_co\/wp-json\/wp\/v2\/posts\/13727","targetHints":{"allow":["GET"]}}],"collection":[{"href":"https:\/\/www.amchambaq.com\/es_co\/wp-json\/wp\/v2\/posts"}],"about":[{"href":"https:\/\/www.amchambaq.com\/es_co\/wp-json\/wp\/v2\/types\/post"}],"author":[{"embeddable":true,"href":"https:\/\/www.amchambaq.com\/es_co\/wp-json\/wp\/v2\/users\/1"}],"replies":[{"embeddable":true,"href":"https:\/\/www.amchambaq.com\/es_co\/wp-json\/wp\/v2\/comments?post=13727"}],"version-history":[{"count":1,"href":"https:\/\/www.amchambaq.com\/es_co\/wp-json\/wp\/v2\/posts\/13727\/revisions"}],"predecessor-version":[{"id":13729,"href":"https:\/\/www.amchambaq.com\/es_co\/wp-json\/wp\/v2\/posts\/13727\/revisions\/13729"}],"wp:featuredmedia":[{"embeddable":true,"href":"https:\/\/www.amchambaq.com\/es_co\/wp-json\/wp\/v2\/media\/13728"}],"wp:attachment":[{"href":"https:\/\/www.amchambaq.com\/es_co\/wp-json\/wp\/v2\/media?parent=13727"}],"wp:term":[{"taxonomy":"category","embeddable":true,"href":"https:\/\/www.amchambaq.com\/es_co\/wp-json\/wp\/v2\/categories?post=13727"},{"taxonomy":"post_tag","embeddable":true,"href":"https:\/\/www.amchambaq.com\/es_co\/wp-json\/wp\/v2\/tags?post=13727"}],"curies":[{"name":"wp","href":"https:\/\/api.w.org\/{rel}","templated":true}]}}