{"id":13720,"date":"2025-10-21T10:07:54","date_gmt":"2025-10-21T15:07:54","guid":{"rendered":"https:\/\/www.amchambaq.com\/?p=13720"},"modified":"2025-10-21T10:07:54","modified_gmt":"2025-10-21T15:07:54","slug":"el-presidente-trump-ha-recapacitado-y-no-subira-aranceles-para-colombia-mauricio-cardenas","status":"publish","type":"post","link":"https:\/\/www.amchambaq.com\/es_co\/el-presidente-trump-ha-recapacitado-y-no-subira-aranceles-para-colombia-mauricio-cardenas\/","title":{"rendered":"El presidente Trump ha recapacitado y no subir\u00e1 aranceles para Colombia: Mauricio C\u00e1rdenas"},"content":{"rendered":"<p>El pasado 19 de octubre se intensific\u00f3 la crisis diplom\u00e1tica entre Estados Unidos y Colombia tras la decisi\u00f3n del presidente Donald Trump de suspender las ayudas econ\u00f3micas y calificar al mandatario colombiano, Gustavo Petro, como \u201cl\u00edder del narcotr\u00e1fico\u201d.<\/p>\n<p>Desde el Air Force One, Trump afirm\u00f3 que Colombia \u201cest\u00e1 fuera de control\u201d y<a title=\"https:\/\/caracol.com.co\/2025\/10\/21\/estas-fueron-las-conclusiones-de-la-reunion-entre-garcia-pena-y-petro-tras-crisis-con-estados-unidos\/\" href=\"https:\/\/caracol.com.co\/2025\/10\/21\/estas-fueron-las-conclusiones-de-la-reunion-entre-garcia-pena-y-petro-tras-crisis-con-estados-unidos\/\" target=\"_blank\" rel=\"noopener noreferrer\">\u00a0que no combate el narcotr\u00e1fico, anunciando adem\u00e1s posibles aranceles.<\/a><\/p>\n<p>Por su parte,\u00a0<b>el senador Lindsey Graham confirm\u00f3 que el gobierno estadounidense preparaba sanciones comerciales como represalia.\u00a0<\/b>En este contexto, Mauricio C\u00e1rdenas pas\u00f3 por los micr\u00f3fonos de 6AM para ampliar la informaci\u00f3n alrededor del tema.<\/p>\n<h2>\u00bfQu\u00e9 informaci\u00f3n tiene, en materia de aranceles, de los Estados Unidos que no tengamos los colombianos?<\/h2>\n<p>En principio, el exministro C\u00e1rdenas afirm\u00f3 que el mensaje en video en ingl\u00e9s, suscrito el domingo pasado, lleg\u00f3 a o\u00eddos del presidente Trump gracias a un emisario cercano a su c\u00edrculo personal.<\/p>\n<p>Seg\u00fan C\u00e1rdenas,\u00a0<b>dicho emisario le explic\u00f3 a Trump que su favorabilidad en Colombia es alta y que el pa\u00eds ha respaldado hist\u00f3ricamente su liderazgo y el TLC con Estados Unidos.<\/b><\/p>\n<p>Adicionalmente, dijo que las declaraciones de Petro son un problema interno colombiano. C\u00e1rdenas asegur\u00f3 que,<a title=\"https:\/\/caracol.com.co\/2025\/10\/21\/casa-blanca-estaria-intentando-influir-en-elecciones-presidenciales-del-2026-en-colombia-wola\/\" href=\"https:\/\/caracol.com.co\/2025\/10\/21\/casa-blanca-estaria-intentando-influir-en-elecciones-presidenciales-del-2026-en-colombia-wola\/\" target=\"_blank\" rel=\"noopener noreferrer\">\u00a0tras evaluar la situaci\u00f3n, Trump\u00a0<\/a>decidi\u00f3 no aumentar los aranceles a Colombia, aunque mantendr\u00e1 la presi\u00f3n diplom\u00e1tica para proteger los intereses estadounidenses.<\/p>\n<p>\u201cEsa informaci\u00f3n proviene de alguien cercano, de su primer anillo, a nivel personal, quien llev\u00f3 como emisario nuestra declaraci\u00f3n del domingo pasado\u201d, dijo.<\/p>\n<h2>\u00bfEsta decisi\u00f3n fue tomada por el presidente Donald Trump?<\/h2>\n<p>Por su parte, C\u00e1rdenas asegur\u00f3 que la informaci\u00f3n proviene directamente de Donald Trump, quien decidi\u00f3 no subir los aranceles a Colombia tras evaluar que esa medida afectar\u00eda a personas ajenas al conflicto pol\u00edtico.<\/p>\n<p>Por otro lado,<b>\u00a0afirm\u00f3 que Trump entendi\u00f3 que no deb\u00eda perjudicar a millones de colombianos por las declaraciones del presidente colombiano.<\/b><\/p>\n<p>\u201cGustavo Petro, al final,\u00a0<a title=\"https:\/\/caracol.com.co\/2025\/10\/21\/tensiones-petro-trump-que-viene-para-la-diplomacia-entre-colombia-y-ee-uu\/\" href=\"https:\/\/caracol.com.co\/2025\/10\/21\/tensiones-petro-trump-que-viene-para-la-diplomacia-entre-colombia-y-ee-uu\/\" target=\"_blank\" rel=\"noopener noreferrer\">podr\u00eda ser quien capitalice toda esta situaci\u00f3n, porque sabemos perfectamente que le encanta convertirse en v\u00edctima<\/a>\u201d, a\u00f1adi\u00f3.<\/p>\n<p>Asimismo,\u00a0<b>resalt\u00f3 que imponer aranceles afectar\u00eda sectores como flores, caf\u00e9 y confecciones, generando desempleo y un sentimiento negativo hacia Estados Unidos<\/b>, lo que finalmente llev\u00f3 a Trump a reconsiderar su decisi\u00f3n.<\/p>\n<h2>\u00bfLa decisi\u00f3n de no poner aranceles tiene que ver con la reuni\u00f3n entre Petro y McNamara?<\/h2>\n<p>El precandidato tambi\u00e9n expuso que la decisi\u00f3n de no imponer aranceles a Colombia\u00a0<a title=\"https:\/\/caracol.com.co\/2025\/10\/21\/crisis-petro-trump-colombia-mantendra-relaciones-diplomaticas-con-eeuu-para-minimizar-implicaciones\/\" href=\"https:\/\/caracol.com.co\/2025\/10\/21\/crisis-petro-trump-colombia-mantendra-relaciones-diplomaticas-con-eeuu-para-minimizar-implicaciones\/\" target=\"_blank\" rel=\"noopener noreferrer\">no est\u00e1 relacionada con la reuni\u00f3n entre Petro y McNamara<\/a>, sino que proviene de un canal distinto y directo con alguien cercano a Trump.<b>\u00a0Adem\u00e1s, afirm\u00f3 que varios colombianos actuaron para evitar una crisis econ\u00f3mica y proteger millones de empleos.<\/b><\/p>\n<p>Finalmente, asegur\u00f3 que su prioridad es el bienestar del pa\u00eds y que, aunque aspira a la presidencia, hoy busca mantener la relaci\u00f3n de confianza entre Colombia y Estados Unidos. \u201cColombia es un pa\u00eds que, insisto, en las encuestas siempre muestra a Donald Trump con altos \u00edndices de aprobaci\u00f3n\u201d, concluy\u00f3.<\/p>\n<p>Tomado de CARACOL RADIO<\/p>\n","protected":false},"excerpt":{"rendered":"<p>El pasado 19 de octubre se intensific\u00f3 la crisis diplom\u00e1tica entre Estados Unidos y Colombia tras la decisi\u00f3n del presidente Donald Trump de suspender las ayudas econ\u00f3micas y calificar al mandatario colombiano, Gustavo Petro, como \u201cl\u00edder del narcotr\u00e1fico\u201d. Desde el Air Force One, Trump afirm\u00f3 que Colombia \u201cest\u00e1 fuera de control\u201d y\u00a0que no combate el<\/p>\n","protected":false},"author":1,"featured_media":13721,"comment_status":"closed","ping_status":"closed","sticky":false,"template":"","format":"standard","meta":{"footnotes":""},"categories":[342,181],"tags":[],"class_list":["post-13720","post","type-post","status-publish","format-standard","has-post-thumbnail","hentry","category-news","category-noticias"],"views":20,"_links":{"self":[{"href":"https:\/\/www.amchambaq.com\/es_co\/wp-json\/wp\/v2\/posts\/13720","targetHints":{"allow":["GET"]}}],"collection":[{"href":"https:\/\/www.amchambaq.com\/es_co\/wp-json\/wp\/v2\/posts"}],"about":[{"href":"https:\/\/www.amchambaq.com\/es_co\/wp-json\/wp\/v2\/types\/post"}],"author":[{"embeddable":true,"href":"https:\/\/www.amchambaq.com\/es_co\/wp-json\/wp\/v2\/users\/1"}],"replies":[{"embeddable":true,"href":"https:\/\/www.amchambaq.com\/es_co\/wp-json\/wp\/v2\/comments?post=13720"}],"version-history":[{"count":1,"href":"https:\/\/www.amchambaq.com\/es_co\/wp-json\/wp\/v2\/posts\/13720\/revisions"}],"predecessor-version":[{"id":13722,"href":"https:\/\/www.amchambaq.com\/es_co\/wp-json\/wp\/v2\/posts\/13720\/revisions\/13722"}],"wp:featuredmedia":[{"embeddable":true,"href":"https:\/\/www.amchambaq.com\/es_co\/wp-json\/wp\/v2\/media\/13721"}],"wp:attachment":[{"href":"https:\/\/www.amchambaq.com\/es_co\/wp-json\/wp\/v2\/media?parent=13720"}],"wp:term":[{"taxonomy":"category","embeddable":true,"href":"https:\/\/www.amchambaq.com\/es_co\/wp-json\/wp\/v2\/categories?post=13720"},{"taxonomy":"post_tag","embeddable":true,"href":"https:\/\/www.amchambaq.com\/es_co\/wp-json\/wp\/v2\/tags?post=13720"}],"curies":[{"name":"wp","href":"https:\/\/api.w.org\/{rel}","templated":true}]}}