{"id":13698,"date":"2025-10-07T07:24:44","date_gmt":"2025-10-07T12:24:44","guid":{"rendered":"https:\/\/www.amchambaq.com\/?p=13698"},"modified":"2025-10-07T07:24:44","modified_gmt":"2025-10-07T12:24:44","slug":"gobierno-colombiano-garantizara-la-seguridad-de-la-embajada-de-estados-unidos","status":"publish","type":"post","link":"https:\/\/www.amchambaq.com\/es_co\/gobierno-colombiano-garantizara-la-seguridad-de-la-embajada-de-estados-unidos\/","title":{"rendered":"Gobierno colombiano garantizar\u00e1 la seguridad de la Embajada de Estados Unidos"},"content":{"rendered":"<p>El Gobierno colombiano garantizar\u00e1 la seguridad de la Embajada de Estados Unidos en Bogot\u00e1 durante <b>la protesta propalestina que se llevar\u00e1 a cabo frente a la sede diplom\u00e1tica<\/b>\u00a0el martes, al cumplirse el segundo aniversario de los ataques de Ham\u00e1s contra Israel del 7 de octubre de 2023.<\/p>\n<p>As\u00ed lo inform\u00f3 este lunes el presidente colombiano, Gustavo Petro, quien asegur\u00f3 en su cuenta de X que el Gobierno\u00a0<i>&#8220;proteger\u00e1 la Embajada de los EE.UU., pero permitir\u00e1 el libre derecho a la expresi\u00f3n y reuni\u00f3n del pueblo colombiano&#8221;.<\/i><\/p>\n<p><i>&#8220;Solicito a los manifestantes conservar las reglas de la paz. Mi posici\u00f3n es diferente a la del Gobierno de EE.UU. y nos atacan por ello, pero somos firmes ante los principios de nuestra Constituci\u00f3n. Paz en el Caribe y paz en el mundo. Respetar el territorio bajo inmunidad diplom\u00e1tica&#8221;<\/i>, escribi\u00f3 el mandatario.<\/p>\n<p>La protesta del martes fue convocada por el Frente de Acci\u00f3n por Palestina contra la guerra en Gaza y el punto de encuentro es la Embajada de los Estados Unidos en Bogot\u00e1, lugar en el que los manifestantes realizar\u00e1n un plant\u00f3n y\u00a0<b>desde donde se desplazar\u00e1n luego hasta la Plaza de Bol\u00edvar<\/b>, en el centro de la ciudad.<\/p>\n<p><i>&#8220;Yo no apoyo la violencia y por eso estoy en desacuerdo total con que el Gobierno de los EE.UU. apoye el crimen contra la humanidad en Palestina&#8221;<\/i>, agreg\u00f3 Petro en X al comentar una noticia del diario El Tiempo seg\u00fan la cual la Embajada de Estados Unidos pidi\u00f3 apoyo en seguridad al Gobierno colombiano por las protestas.<\/p>\n<div id=\"pnull-m250-3-251\" class=\"highlighted\">\n<h2 id=\"m255-254-256\" class=\"tiemposBold3\">Cr\u00edticas a la manifestaci\u00f3n<\/h2>\n<\/div>\n<p id=\"pnull-m264-4-265\" class=\"parrafo\" spellcheck=\"false\" data-lt-tmp-id=\"lt-130580\" data-gramm=\"false\">La manifestaci\u00f3n del martes ha sido criticada por diversos sectores que consideran que su convocatoria es\u00a0<i>&#8220;simb\u00f3licamente dolorosa&#8221;<\/i>\u00a0por realizarse el d\u00eda en que se conmemora el segundo aniversario de los ataques de Ham\u00e1s y\u00a0<b>otros grupos armados palestinos que mataron a 1.250 personas,<\/b>\u00a0sobre todo israel\u00edes, y secuestraron a 250.<\/p>\n<p><i>&#8220;Convocar una marcha &#8216;pro-Palestina&#8217; en Colombia el 7 de octubre no es un acto inocente ni neutro. Es una decisi\u00f3n profundamente desafortunada, simb\u00f3licamente dolorosa y \u00e9ticamente ambigua. Ese d\u00eda, hace dos a\u00f1os, Ham\u00e1s cometi\u00f3 una masacre contra cientos de civiles israel\u00edes&#8221;,<\/i>\u00a0expres\u00f3 el exministro de Hacienda, Jos\u00e9 Manuel Restrepo, en X.<\/p>\n<p>La Confederaci\u00f3n de Comunidades Jud\u00edas de Colombia, por su parte, se\u00f1al\u00f3 que\u00a0<i>&#8220;el 7 de octubre es una fecha sagrada que rinde tributo a la memoria de aquellos que perdieron la vida durante la matanza m\u00e1s grande de jud\u00edos despu\u00e9s del Holocausto&#8221;.<\/i><\/p>\n<p><i>&#8220;No puede ser menos que una infamia usar la fecha del 7 de octubre para salir a las calles a celebrar lo ocurrido ese d\u00eda como se est\u00e1 convocando desde varios sectores. Es salir a celebrar la barbarie, es todo lo contrario a los valores de la humanidad y de la vida&#8221;<\/i>, a\u00f1adi\u00f3 la Confederaci\u00f3n en un comunicado.<\/p>\n<p spellcheck=\"false\" data-lt-tmp-id=\"lt-130580\" data-gramm=\"false\">Tomado de: PORTAFOLIO<\/p>\n","protected":false},"excerpt":{"rendered":"<p>El Gobierno colombiano garantizar\u00e1 la seguridad de la Embajada de Estados Unidos en Bogot\u00e1 durante la protesta propalestina que se llevar\u00e1 a cabo frente a la sede diplom\u00e1tica\u00a0el martes, al cumplirse el segundo aniversario de los ataques de Ham\u00e1s contra Israel del 7 de octubre de 2023. As\u00ed lo inform\u00f3 este lunes el presidente colombiano,<\/p>\n","protected":false},"author":1,"featured_media":13699,"comment_status":"closed","ping_status":"closed","sticky":false,"template":"","format":"standard","meta":{"footnotes":""},"categories":[342,181],"tags":[],"class_list":["post-13698","post","type-post","status-publish","format-standard","has-post-thumbnail","hentry","category-news","category-noticias"],"views":16,"_links":{"self":[{"href":"https:\/\/www.amchambaq.com\/es_co\/wp-json\/wp\/v2\/posts\/13698","targetHints":{"allow":["GET"]}}],"collection":[{"href":"https:\/\/www.amchambaq.com\/es_co\/wp-json\/wp\/v2\/posts"}],"about":[{"href":"https:\/\/www.amchambaq.com\/es_co\/wp-json\/wp\/v2\/types\/post"}],"author":[{"embeddable":true,"href":"https:\/\/www.amchambaq.com\/es_co\/wp-json\/wp\/v2\/users\/1"}],"replies":[{"embeddable":true,"href":"https:\/\/www.amchambaq.com\/es_co\/wp-json\/wp\/v2\/comments?post=13698"}],"version-history":[{"count":1,"href":"https:\/\/www.amchambaq.com\/es_co\/wp-json\/wp\/v2\/posts\/13698\/revisions"}],"predecessor-version":[{"id":13700,"href":"https:\/\/www.amchambaq.com\/es_co\/wp-json\/wp\/v2\/posts\/13698\/revisions\/13700"}],"wp:featuredmedia":[{"embeddable":true,"href":"https:\/\/www.amchambaq.com\/es_co\/wp-json\/wp\/v2\/media\/13699"}],"wp:attachment":[{"href":"https:\/\/www.amchambaq.com\/es_co\/wp-json\/wp\/v2\/media?parent=13698"}],"wp:term":[{"taxonomy":"category","embeddable":true,"href":"https:\/\/www.amchambaq.com\/es_co\/wp-json\/wp\/v2\/categories?post=13698"},{"taxonomy":"post_tag","embeddable":true,"href":"https:\/\/www.amchambaq.com\/es_co\/wp-json\/wp\/v2\/tags?post=13698"}],"curies":[{"name":"wp","href":"https:\/\/api.w.org\/{rel}","templated":true}]}}