{"id":13685,"date":"2025-10-03T11:22:13","date_gmt":"2025-10-03T16:22:13","guid":{"rendered":"https:\/\/www.amchambaq.com\/?p=13685"},"modified":"2025-10-03T11:22:13","modified_gmt":"2025-10-03T16:22:13","slug":"amcham-colombia-condena-toda-forma-de-estigmatizacion-y-exige-al-gobierno-cesar-sus-ataques-al-sector-gremial","status":"publish","type":"post","link":"https:\/\/www.amchambaq.com\/es_co\/amcham-colombia-condena-toda-forma-de-estigmatizacion-y-exige-al-gobierno-cesar-sus-ataques-al-sector-gremial\/","title":{"rendered":"AmCham Colombia condena toda forma de estigmatizaci\u00f3n y exige al gobierno cesar sus ataques al sector gremial"},"content":{"rendered":"<div class=\"col-md-8  col-sm-7 col-xs-12 blog-lr\">\n<div class=\"techno-single-blog-details\">\n<div class=\"techno-single-blog-details-inner\">\n<div class=\"techno-single-blog-content\">\n<div class=\"single-blog-content\">\n<h2 class=\"wp-block-heading\">Comunicado de la C\u00e1mara Colombo Americana<\/h2>\n<p>Convertir a la ANDI en blanco de protestas por asuntos ajenos a su misi\u00f3n es inadmisible y desborda los l\u00edmites de la convivencia democr\u00e1tica: la protesta es un derecho cuando es pac\u00edfica, no cuando deriva en intimidaci\u00f3n, da\u00f1os, bloqueos o riesgos para la integridad de terceros.<\/p>\n<p>El Estado debe proteger la vida, la honra y los bienes, y la ciudadan\u00eda no puede abusar de sus derechos. Los hechos en la sede de Bogot\u00e1 \u2014concentraciones nocturnas, episodios de violencia y amenazas de continuidad\u2014 afectan libertades y actividades esenciales como la asociaci\u00f3n, el trabajo, la propiedad y la libre empresa. Nada en el derecho a manifestarse ampara estigmatizar o paralizar a una organizaci\u00f3n por temas que no le competen.<\/p>\n<p>Toda nuestra solidaridad con los trabajadores, familias y empresas afectadas por estas estigmatizaciones. Defender a la ANDI es defender el empleo, la libertad de asociaci\u00f3n y el derecho a vivir bajo la legalidad, no bajo el oportunismo ni la injusticia.<\/p>\n<p>Solicitamos al Gobierno Nacional y a la Fuerza P\u00fablica que, dentro del marco de la ley y con est\u00e1ndares de derechos humanos, garanticen la protesta sin violencia, protejan a las personas e instalaciones, prevengan y contengan el acoso, y act\u00faen frente a quienes incurran en da\u00f1os o amenazas. Permitir que la protesta derive en se\u00f1alamiento y coacci\u00f3n contra un gremio sienta un precedente peligroso y desconoce obligaciones: proteger personas y bienes, preservar la convivencia y actuar con protocolos proporcionales y verificados.<\/p>\n<div class=\"page-list-single\"><\/div>\n<\/div>\n<\/div>\n<div class=\"techno-blog-social\">\n<div class=\"techno-single-icon\"><\/div>\n<\/div>\n<\/div>\n<\/div>\n<\/div>\n<div class=\"col-md-4  col-sm-5 col-xs-12  sidebar-right content-widget pdsr\">\n<div class=\"blog-left-side\">\n<div id=\"block-3\" class=\"widget widget_block\">\n<p>&nbsp;<\/p>\n<div class=\"pt-cv-wrapper\">\n<div id=\"pt-cv-view-2f72b3c7q1\" class=\"pt-cv-view pt-cv-grid pt-cv-colsys\">\n<div class=\"pt-cv-page\" data-id=\"pt-cv-page-1\" data-cvc=\"1\">\n<div class=\"col-md-12 col-sm-12 col-xs-12 pt-cv-content-item pt-cv-1-col\"><\/div>\n<\/div>\n<\/div>\n<\/div>\n<\/div>\n<\/div>\n<\/div>\n","protected":false},"excerpt":{"rendered":"<p>Comunicado de la C\u00e1mara Colombo Americana Convertir a la ANDI en blanco de protestas por asuntos ajenos a su misi\u00f3n es inadmisible y desborda los l\u00edmites de la convivencia democr\u00e1tica: la protesta es un derecho cuando es pac\u00edfica, no cuando deriva en intimidaci\u00f3n, da\u00f1os, bloqueos o riesgos para la integridad de terceros. El Estado debe<\/p>\n","protected":false},"author":1,"featured_media":13686,"comment_status":"closed","ping_status":"closed","sticky":false,"template":"","format":"standard","meta":{"footnotes":""},"categories":[342,181],"tags":[],"class_list":["post-13685","post","type-post","status-publish","format-standard","has-post-thumbnail","hentry","category-news","category-noticias"],"views":20,"_links":{"self":[{"href":"https:\/\/www.amchambaq.com\/es_co\/wp-json\/wp\/v2\/posts\/13685","targetHints":{"allow":["GET"]}}],"collection":[{"href":"https:\/\/www.amchambaq.com\/es_co\/wp-json\/wp\/v2\/posts"}],"about":[{"href":"https:\/\/www.amchambaq.com\/es_co\/wp-json\/wp\/v2\/types\/post"}],"author":[{"embeddable":true,"href":"https:\/\/www.amchambaq.com\/es_co\/wp-json\/wp\/v2\/users\/1"}],"replies":[{"embeddable":true,"href":"https:\/\/www.amchambaq.com\/es_co\/wp-json\/wp\/v2\/comments?post=13685"}],"version-history":[{"count":1,"href":"https:\/\/www.amchambaq.com\/es_co\/wp-json\/wp\/v2\/posts\/13685\/revisions"}],"predecessor-version":[{"id":13687,"href":"https:\/\/www.amchambaq.com\/es_co\/wp-json\/wp\/v2\/posts\/13685\/revisions\/13687"}],"wp:featuredmedia":[{"embeddable":true,"href":"https:\/\/www.amchambaq.com\/es_co\/wp-json\/wp\/v2\/media\/13686"}],"wp:attachment":[{"href":"https:\/\/www.amchambaq.com\/es_co\/wp-json\/wp\/v2\/media?parent=13685"}],"wp:term":[{"taxonomy":"category","embeddable":true,"href":"https:\/\/www.amchambaq.com\/es_co\/wp-json\/wp\/v2\/categories?post=13685"},{"taxonomy":"post_tag","embeddable":true,"href":"https:\/\/www.amchambaq.com\/es_co\/wp-json\/wp\/v2\/tags?post=13685"}],"curies":[{"name":"wp","href":"https:\/\/api.w.org\/{rel}","templated":true}]}}