{"id":13679,"date":"2025-10-01T09:45:45","date_gmt":"2025-10-01T14:45:45","guid":{"rendered":"https:\/\/www.amchambaq.com\/?p=13679"},"modified":"2025-10-01T09:45:45","modified_gmt":"2025-10-01T14:45:45","slug":"triple-a-inauguro-el-tercer-ciclo-de-formacion-de-su-escuela-de-sostenibilidad-con-un-foro-sobre-estrategia-empresarial","status":"publish","type":"post","link":"https:\/\/www.amchambaq.com\/es_co\/triple-a-inauguro-el-tercer-ciclo-de-formacion-de-su-escuela-de-sostenibilidad-con-un-foro-sobre-estrategia-empresarial\/","title":{"rendered":"Triple A inaugur\u00f3 el tercer ciclo de formaci\u00f3n de su Escuela de Sostenibilidad con un foro sobre estrategia empresarial"},"content":{"rendered":"<p>Con el foro \u201cLa sostenibilidad en la estrategia empresarial\u201d, Triple A dio apertura al tercer ciclo de formaci\u00f3n de su Escuela de Sostenibilidad, un programa pionero en Colombia que se consolida como referente nacional en el sector de servicios p\u00fablicos.<\/p>\n<p>El encuentro reuni\u00f3 a 130 colaboradores, representantes de comunidades y aliados estrat\u00e9gicos, con el prop\u00f3sito de reforzar buenas pr\u00e1cticas ambientales, sociales y de gobernanza (ASG).<\/p>\n<p><strong>Un puente entre lo t\u00e9cnico y lo humano<\/strong><br \/>\nDurante la apertura, el gerente general de Triple A, Ram\u00f3n Hemer, destac\u00f3 que la Escuela nace como un puente entre lo t\u00e9cnico y lo humano. Subray\u00f3 que ya se han formado m\u00e1s de 120 participantes, con m\u00e1s de 1.580 horas de aprendizaje virtual y presencial, acompa\u00f1ados por 12 expertos de trayectoria nacional e internacional.<\/p>\n<p>Hemer resalt\u00f3 adem\u00e1s la importancia de medir la sostenibilidad con indicadores claros, evaluar riesgos asociados a derechos humanos y cambio clim\u00e1tico, y vincular criterios ASG en las inversiones.<\/p>\n<p><strong>Conferencia magistral y paneles tem\u00e1ticos<\/strong><br \/>\nLa conferencia central estuvo a cargo de Juan Fernando Boh\u00f3rquez, especialista en Desarrollo Corporativo del Banco Interamericano de Desarrollo (BID), quien destac\u00f3 la madurez de la estrategia de sostenibilidad de Triple A.<\/p>\n<p>En el primer panel, sobre retos ambientales, se abordaron temas como:<\/p>\n<p>Relleno sanitario Los Pocitos: Manuel Garc\u00eda destac\u00f3 que ya se han captado m\u00e1s de 5 millones de metros c\u00fabicos de biog\u00e1s, con una producci\u00f3n superior a 10 millones de kWh de energ\u00eda el\u00e9ctrica, aportando a la sostenibilidad energ\u00e9tica regional.<\/p>\n<p>Captaci\u00f3n de agua del r\u00edo Magdalena: Manuel Cid explic\u00f3 que los altos costos energ\u00e9ticos hacen de la eficiencia un eje cr\u00edtico.<\/p>\n<p>Gesti\u00f3n social: Annadheluz De Castro resalt\u00f3 el papel de las herramientas de gesti\u00f3n social como puente con las comunidades.<\/p>\n<p>Innovaci\u00f3n en recurso h\u00eddrico: Pedro L\u00f3pez expuso la labor del Grupo de Investigaciones en Agua \u2013 Giata, en estudios cient\u00edficos e innovaci\u00f3n.<\/p>\n<p>En el segundo panel, sobre dimensi\u00f3n social, se destacaron:<\/p>\n<p>Bienestar laboral: Luis Juliao habl\u00f3 de pol\u00edticas de salud y capacitaci\u00f3n a 440 colaboradores en signos de ansiedad-depresi\u00f3n.<\/p>\n<p>Certificaci\u00f3n efr: Karina Villarreal resalt\u00f3 que Triple A fue la primera empresa en Barranquilla en alcanzarla, con un 98% de satisfacci\u00f3n laboral entre sus colaboradores.<\/p>\n<p>Programas comunitarios: Alix Castro present\u00f3 becas para mujeres en tecnolog\u00eda, apoyo a negocios verdes e innovaci\u00f3n social.<\/p>\n<p>Inclusi\u00f3n financiera: Catalina Manotas expuso Dilo, iniciativa que ha beneficiado a 5.000 hogares con cr\u00e9ditos por 11.500 millones de pesos.<\/p>\n<p>En el panel de gobernanza, participaron:<\/p>\n<p>Angie Velilla, quien resalt\u00f3 la cultura \u00e9tica como pilar de confianza y sostenibilidad.<\/p>\n<p>Jon\u00e1s Urbano, quien subray\u00f3 la importancia de la ciberseguridad.<\/p>\n<p>Ana Mar\u00eda Molina, quien present\u00f3 la oferta de canales de atenci\u00f3n disponibles 24\/7.<\/p>\n<p>Rubiela Ram\u00edrez, quien explic\u00f3 la transformaci\u00f3n de la cadena de valor con criterios ambientales y relaciones sostenibles con proveedores.<\/p>\n<p><strong>Pr\u00f3ximas actividades<\/strong><br \/>\nLa Escuela continuar\u00e1 en octubre con webinars sobre sostenibilidad mundial, cambio clim\u00e1tico y basura cero. El ciclo finalizar\u00e1 con la Ruta del Agua, experiencia presencial en puntos emblem\u00e1ticos de Barranquilla.<\/p>\n<p>Con esta iniciativa, Triple A reafirma su compromiso con la sostenibilidad como eje estrat\u00e9gico que trasciende lo ambiental y social, consolid\u00e1ndose en la gobernanza empresarial y aportando a los Objetivos de Desarrollo Sostenible y al futuro de la regi\u00f3n Caribe.<\/p>\n<p>Tomado de: LA LIBERTAD<\/p>\n<p>&nbsp;<\/p>\n","protected":false},"excerpt":{"rendered":"<p>Con el foro \u201cLa sostenibilidad en la estrategia empresarial\u201d, Triple A dio apertura al tercer ciclo de formaci\u00f3n de su Escuela de Sostenibilidad, un programa pionero en Colombia que se consolida como referente nacional en el sector de servicios p\u00fablicos. El encuentro reuni\u00f3 a 130 colaboradores, representantes de comunidades y aliados estrat\u00e9gicos, con el prop\u00f3sito<\/p>\n","protected":false},"author":1,"featured_media":13680,"comment_status":"closed","ping_status":"closed","sticky":false,"template":"","format":"standard","meta":{"footnotes":""},"categories":[342,181],"tags":[],"class_list":["post-13679","post","type-post","status-publish","format-standard","has-post-thumbnail","hentry","category-news","category-noticias"],"views":29,"_links":{"self":[{"href":"https:\/\/www.amchambaq.com\/es_co\/wp-json\/wp\/v2\/posts\/13679","targetHints":{"allow":["GET"]}}],"collection":[{"href":"https:\/\/www.amchambaq.com\/es_co\/wp-json\/wp\/v2\/posts"}],"about":[{"href":"https:\/\/www.amchambaq.com\/es_co\/wp-json\/wp\/v2\/types\/post"}],"author":[{"embeddable":true,"href":"https:\/\/www.amchambaq.com\/es_co\/wp-json\/wp\/v2\/users\/1"}],"replies":[{"embeddable":true,"href":"https:\/\/www.amchambaq.com\/es_co\/wp-json\/wp\/v2\/comments?post=13679"}],"version-history":[{"count":1,"href":"https:\/\/www.amchambaq.com\/es_co\/wp-json\/wp\/v2\/posts\/13679\/revisions"}],"predecessor-version":[{"id":13681,"href":"https:\/\/www.amchambaq.com\/es_co\/wp-json\/wp\/v2\/posts\/13679\/revisions\/13681"}],"wp:featuredmedia":[{"embeddable":true,"href":"https:\/\/www.amchambaq.com\/es_co\/wp-json\/wp\/v2\/media\/13680"}],"wp:attachment":[{"href":"https:\/\/www.amchambaq.com\/es_co\/wp-json\/wp\/v2\/media?parent=13679"}],"wp:term":[{"taxonomy":"category","embeddable":true,"href":"https:\/\/www.amchambaq.com\/es_co\/wp-json\/wp\/v2\/categories?post=13679"},{"taxonomy":"post_tag","embeddable":true,"href":"https:\/\/www.amchambaq.com\/es_co\/wp-json\/wp\/v2\/tags?post=13679"}],"curies":[{"name":"wp","href":"https:\/\/api.w.org\/{rel}","templated":true}]}}