{"id":13663,"date":"2025-09-22T08:58:17","date_gmt":"2025-09-22T13:58:17","guid":{"rendered":"https:\/\/www.amchambaq.com\/?p=13663"},"modified":"2025-09-22T08:58:17","modified_gmt":"2025-09-22T13:58:17","slug":"promigas-dice-que-colombia-debe-seguir-importando-gas-para-atender-demanda-interna","status":"publish","type":"post","link":"https:\/\/www.amchambaq.com\/es_co\/promigas-dice-que-colombia-debe-seguir-importando-gas-para-atender-demanda-interna\/","title":{"rendered":"Promigas dice que Colombia debe seguir importando gas para atender demanda interna"},"content":{"rendered":"<p class=\"elheraldo__StyledParagraph-sc-60z8lc-1 dEjMiD article-body__paragraph\">El presidente de\u00a0<b>Promigas<\/b>,\u00a0<b>Juan Manuel Rojas,<\/b>\u00a0advirti\u00f3 que el pa\u00eds tendr\u00e1 que seguir importando gas para atender la demanda interna.<\/p>\n<p>Durante el informe del sector del gas natural en Colombia, el directivo revel\u00f3 que el pr\u00f3ximo a\u00f1o el d\u00e9ficit llegar\u00e1 a un 20 % y\u00a0<b>no descart\u00f3 un reajuste en las tarifas entre un 32 y un 40 %.<\/b><\/p>\n<p class=\"elheraldo__StyledParagraph-sc-60z8lc-1 dEjMiD article-body__paragraph\">A su vez, sostuvo que en el pr\u00f3ximo quinquenio, las importaciones necesarias \u2014sin incluir las del Grupo T\u00e9rmico de la Costa\u2014 podr\u00edan llegar a 400 MPCD, lo que representa un costo de oportunidad de 7 a\u00a0<b>$15 billones\u00a0<\/b>en los pr\u00f3ximos 10 a\u00f1os, por pagar gas natural importado m\u00e1s caro frente al gas nacional.<\/p>\n<p class=\"elheraldo__StyledParagraph-sc-60z8lc-1 dEjMiD article-body__paragraph\">\u201cAdem\u00e1s, cada a\u00f1o de atraso en la entrada de gas offshore a partir de 2031, implicar\u00eda costos adicionales de 4 a $5 billones anuales\u201d, se\u00f1al\u00f3 Rojas.<\/p>\n<p class=\"elheraldo__StyledParagraph-sc-60z8lc-1 dEjMiD article-body__paragraph\">En ese sentido, agreg\u00f3 que Colombia e<b>nfrenta un desaf\u00edo hist\u00f3rico en materia de abastecimiento<\/b>, puesto que desde 2024 se iniciaron importaciones permanentes de gas natural para atender segmentos m\u00e1s all\u00e1 de la generaci\u00f3n t\u00e9rmica. Las reservas probadas cayeron a 2.064 Gpc, con una disminuci\u00f3n del 64% en 12 a\u00f1os, lo que equivale a apenas 5,9 a\u00f1os de suministro nacional parcial.<\/p>\n<p>\u201cEste panorama afecta directamente el trilema energ\u00e9tico, desequilibrando sus tres ejes fundamentales: seguridad energ\u00e9tica, con una dependencia creciente de importaciones, incluso para el mercado no t\u00e9rmico; equidad, con exposici\u00f3n a la volatilidad de precios internacionales que puede llevar incrementos tarifarios, tal como fue anticipado en la versi\u00f3n anterior de este informe, y sostenibilidad, con el riesgo de que industrias y el transporte regresen al carb\u00f3n u otros combustibles m\u00e1s contaminantes,\u00a0<b>elevando las emisiones de CO\u2082\u201d<\/b>, socializ\u00f3 Rojas.<\/p>\n","protected":false},"excerpt":{"rendered":"<p>El presidente de\u00a0Promigas,\u00a0Juan Manuel Rojas,\u00a0advirti\u00f3 que el pa\u00eds tendr\u00e1 que seguir importando gas para atender la demanda interna. Durante el informe del sector del gas natural en Colombia, el directivo revel\u00f3 que el pr\u00f3ximo a\u00f1o el d\u00e9ficit llegar\u00e1 a un 20 % y\u00a0no descart\u00f3 un reajuste en las tarifas entre un 32 y un 40<\/p>\n","protected":false},"author":1,"featured_media":12833,"comment_status":"closed","ping_status":"closed","sticky":false,"template":"","format":"standard","meta":{"footnotes":""},"categories":[342,181],"tags":[],"class_list":["post-13663","post","type-post","status-publish","format-standard","has-post-thumbnail","hentry","category-news","category-noticias"],"views":20,"_links":{"self":[{"href":"https:\/\/www.amchambaq.com\/es_co\/wp-json\/wp\/v2\/posts\/13663","targetHints":{"allow":["GET"]}}],"collection":[{"href":"https:\/\/www.amchambaq.com\/es_co\/wp-json\/wp\/v2\/posts"}],"about":[{"href":"https:\/\/www.amchambaq.com\/es_co\/wp-json\/wp\/v2\/types\/post"}],"author":[{"embeddable":true,"href":"https:\/\/www.amchambaq.com\/es_co\/wp-json\/wp\/v2\/users\/1"}],"replies":[{"embeddable":true,"href":"https:\/\/www.amchambaq.com\/es_co\/wp-json\/wp\/v2\/comments?post=13663"}],"version-history":[{"count":2,"href":"https:\/\/www.amchambaq.com\/es_co\/wp-json\/wp\/v2\/posts\/13663\/revisions"}],"predecessor-version":[{"id":13665,"href":"https:\/\/www.amchambaq.com\/es_co\/wp-json\/wp\/v2\/posts\/13663\/revisions\/13665"}],"wp:featuredmedia":[{"embeddable":true,"href":"https:\/\/www.amchambaq.com\/es_co\/wp-json\/wp\/v2\/media\/12833"}],"wp:attachment":[{"href":"https:\/\/www.amchambaq.com\/es_co\/wp-json\/wp\/v2\/media?parent=13663"}],"wp:term":[{"taxonomy":"category","embeddable":true,"href":"https:\/\/www.amchambaq.com\/es_co\/wp-json\/wp\/v2\/categories?post=13663"},{"taxonomy":"post_tag","embeddable":true,"href":"https:\/\/www.amchambaq.com\/es_co\/wp-json\/wp\/v2\/tags?post=13663"}],"curies":[{"name":"wp","href":"https:\/\/api.w.org\/{rel}","templated":true}]}}