{"id":13646,"date":"2025-09-15T14:31:03","date_gmt":"2025-09-15T19:31:03","guid":{"rendered":"https:\/\/www.amchambaq.com\/?p=13646"},"modified":"2025-09-16T08:27:02","modified_gmt":"2025-09-16T13:27:02","slug":"procaps-se-embarca-en-una-nueva-estrategia-tras-la-ola-de-cambios-corporativos-su-gerente-en-colombia-la-explica","status":"publish","type":"post","link":"https:\/\/www.amchambaq.com\/es_co\/procaps-se-embarca-en-una-nueva-estrategia-tras-la-ola-de-cambios-corporativos-su-gerente-en-colombia-la-explica\/","title":{"rendered":"Procaps se embarca en una nueva estrategia tras la ola de cambios corporativos: su gerente en Colombia la explica"},"content":{"rendered":"<div class=\"single__excerpt post__excerpt entry-summary\">\n<p>El gerente de Procaps Colombia, Ricardo Mateus, asegura que el pa\u00eds representa el 45% del negocio global y ser\u00e1 el modelo de expansi\u00f3n regional, mientras la farmac\u00e9utica fortalece su gobernanza tras una inyecci\u00f3n de capital de US$130 millones.<\/p>\n<\/div>\n<div>\n<p><strong>Procaps, la farmac\u00e9utica colombiana con medio siglo de trayectoria y operaciones en 13 pa\u00edses, atraviesa una etapa de transformaci\u00f3n en el medio del traslado de su sede corporativa a Bogot\u00e1, una inyecci\u00f3n de capital de US$130 millones, nuevos due\u00f1os y un nuevo liderazgo internacional.<\/strong><\/p>\n<p>En ese contexto, Ricardo Mateus, gerente general de Procaps Colombia, asegura que la prioridad es consolidar el negocio local como plataforma de referencia en la regi\u00f3n.<\/p>\n<p>\u201cCuando adquiero esta posici\u00f3n, me comprometo a consolidar lo que ha hecho Procaps. Queremos consolidarnos como una empresa que juega un papel muy importante y que representa una compa\u00f1\u00eda de referencia en Colombia\u201d, dijo Mateus en entrevista con Forbes.<\/p>\n<p>Seg\u00fan explic\u00f3, el foco estar\u00e1 en mantener el camino recorrido con innovaci\u00f3n terap\u00e9utica, cercan\u00eda con el sistema de salud y aumento de la capacidad productiva.<\/p>\n<p>El ejecutivo resalt\u00f3 que el mercado colombiano es la base sobre la que Procaps quiere proyectar su crecimiento. \u201cColombia y el modelo de negocio de Colombia que yo represento en este momento es un referente para lo que queremos nosotros hacer de expansi\u00f3n. Representamos cerca del 45% de lo que significa el negocio para la corporaci\u00f3n, que es un valor bastante importante\u201d, apunt\u00f3.<\/p>\n<p>La compa\u00f1\u00eda cuenta con ocho plantas de manufactura, entre ellas su complejo principal en Barranquilla, una planta de inyectables en Fontib\u00f3n (Bogot\u00e1) y Funtrition, dedicada a gomitas. La operaci\u00f3n total de Procaps emplea entre 4.200 y 4.500 personas, de las cuales Colombia concentra aproximadamente la mitad.<\/p>\n<p>Este a\u00f1o, Procaps complet\u00f3 una reestructuraci\u00f3n de deuda y recibi\u00f3 el capital fresco por parte de un grupo de inversionistas internacionales, quienes hoy controlan cerca del 90% de la empresa. Para Mateus, esta entrada marca un hito.<\/p>\n<p>\u201cNo es solo el capital. Llegan unos grandes jugadores en el mercado que conocen, que tienen la experiencia, conocen el negocio a nivel mundial porque son negocios muy altos. Han tra\u00eddo talento, han tra\u00eddo transferencia de tecnolog\u00eda que nos permiten acelerar el proceso\u201d, dijo.<\/p>\n<p>Uno de los objetivos, indic\u00f3, es que Procaps sea vista como \u201cuna empresa admirable en Latinoam\u00e9rica\u201d, visi\u00f3n que comparte el presidente del consejo, Alejandro Weinstein, en representaci\u00f3n de Hoche Partners.<\/p>\n<p>El negocio en Colombia se organiza en cuatro grandes unidades: medicamentos de prescripci\u00f3n, gen\u00e9ricos, consumo y especialidades m\u00e9dicas. El \u00e1rea de Farma, que agrupa los productos de prescripci\u00f3n, representa el 45% de los ingresos locales. \u201cSomos l\u00edderes en dermatolog\u00eda y salud femenina, pero tenemos unas apuestas important\u00edsimas en enfermedades cr\u00f3nicas como salud cardiometab\u00f3lica, sistema nervioso central y salud digestiva\u201d, explic\u00f3 Mateus.<\/p>\n<p>Entre las apuestas futuras figuran los tratamientos oncol\u00f3gicos y el fortalecimiento de l\u00edneas de consumo para dolor, sistema digestivo y respiratorio. Adem\u00e1s, la empresa ha lanzado en 2025 innovaciones como Dolofen Xtra y ProLevo, desarrollados con tecnolog\u00edas patentadas como UnigelTM y c\u00e1psulas blandas avanzadas.<\/p>\n<p>La coyuntura del sector salud en Colombia ha puesto presi\u00f3n sobre la industria farmac\u00e9utica. Mateus lo define como un desaf\u00edo m\u00e1s que un obst\u00e1culo.<\/p>\n<p>\u201cEl sistema de salud de Colombia siempre ha tenido retos. Hoy es un tema econ\u00f3mico importante. La soluci\u00f3n es ser cercanos de cada uno de los actores. En algunas ocasiones nos ha tocado ceder, como mantener precios sin alza en muchos productos en dos a\u00f1os, porque tenemos que ayudar al sistema\u201d, coment\u00f3.<\/p>\n<p>Procaps llega a m\u00e1s de 8.000 farmacias en el pa\u00eds con contacto directo y ha apostado por medios digitales y radiales para reforzar su presencia. Aunque el comercio electr\u00f3nico a\u00fan no es una prioridad, la compa\u00f1\u00eda trabaja con plataformas como Rappi y busca robustecer la estrategia digital.<\/p>\n<p>Tras la inversi\u00f3n de capital, buena parte de los recursos se destin\u00f3 a ampliar la capacidad de manufactura, automatizaci\u00f3n de procesos e infraestructura, adem\u00e1s de fortalecer el talento humano.<\/p>\n<p>\u201cEn general, para resumirlo, aumentar nuestra capacidad productiva de cara a la demanda que hoy nos est\u00e1 dando el mercado, no de hoy y la futura que queremos\u201d, dijo Mateus.<\/p>\n<p>Tras la llegada de nuevos inversionistas y ajustes de gobierno corporativo, Melissa Angelini fue designada directora ejecutiva interina y asumi\u00f3 el liderazgo integral del grupo.<\/p>\n<p>El proceso de transformaci\u00f3n ocurre tras un intenso camino de los \u00faltimos a\u00f1os. Las acciones de Procaps fueron retiradas de Nasdaq en febrero de 2025 y ahora se negocian en el OTC Expert Market.<\/p>\n<p>El pasado 2 de septiembre la compa\u00f1\u00eda present\u00f3 Informes que contienen los estados financieros consolidados anuales auditados 2022 y 2023 como parte de los compromisos y medidas tomadas en su proceso de transformaci\u00f3n. Con la reestructuraci\u00f3n de deuda y los cambios de gobierno corporativo, la farmac\u00e9utica busca disipar esas dudas y recuperar la confianza de inversores y del mercado.<\/p>\n<p>\u201cTenemos una posici\u00f3n privilegiada. Estamos en Colombia, tenemos la capacidad de adaptar nuestros procesos y una fuerza acostumbrada a adaptarse. Eso nos permite ser \u00e1giles en estos retos\u201d, concluy\u00f3 Mateus.<\/p>\n<p>FUENTE: FORBES COLOMBIA<\/p>\n<\/div>\n","protected":false},"excerpt":{"rendered":"<p>El gerente de Procaps Colombia, Ricardo Mateus, asegura que el pa\u00eds representa el 45% del negocio global y ser\u00e1 el modelo de expansi\u00f3n regional, mientras la farmac\u00e9utica fortalece su gobernanza tras una inyecci\u00f3n de capital de US$130 millones. Procaps, la farmac\u00e9utica colombiana con medio siglo de trayectoria y operaciones en 13 pa\u00edses, atraviesa una etapa<\/p>\n","protected":false},"author":1,"featured_media":13647,"comment_status":"closed","ping_status":"closed","sticky":false,"template":"","format":"standard","meta":{"footnotes":""},"categories":[342,181],"tags":[],"class_list":["post-13646","post","type-post","status-publish","format-standard","has-post-thumbnail","hentry","category-news","category-noticias"],"views":110,"_links":{"self":[{"href":"https:\/\/www.amchambaq.com\/es_co\/wp-json\/wp\/v2\/posts\/13646","targetHints":{"allow":["GET"]}}],"collection":[{"href":"https:\/\/www.amchambaq.com\/es_co\/wp-json\/wp\/v2\/posts"}],"about":[{"href":"https:\/\/www.amchambaq.com\/es_co\/wp-json\/wp\/v2\/types\/post"}],"author":[{"embeddable":true,"href":"https:\/\/www.amchambaq.com\/es_co\/wp-json\/wp\/v2\/users\/1"}],"replies":[{"embeddable":true,"href":"https:\/\/www.amchambaq.com\/es_co\/wp-json\/wp\/v2\/comments?post=13646"}],"version-history":[{"count":3,"href":"https:\/\/www.amchambaq.com\/es_co\/wp-json\/wp\/v2\/posts\/13646\/revisions"}],"predecessor-version":[{"id":13653,"href":"https:\/\/www.amchambaq.com\/es_co\/wp-json\/wp\/v2\/posts\/13646\/revisions\/13653"}],"wp:featuredmedia":[{"embeddable":true,"href":"https:\/\/www.amchambaq.com\/es_co\/wp-json\/wp\/v2\/media\/13647"}],"wp:attachment":[{"href":"https:\/\/www.amchambaq.com\/es_co\/wp-json\/wp\/v2\/media?parent=13646"}],"wp:term":[{"taxonomy":"category","embeddable":true,"href":"https:\/\/www.amchambaq.com\/es_co\/wp-json\/wp\/v2\/categories?post=13646"},{"taxonomy":"post_tag","embeddable":true,"href":"https:\/\/www.amchambaq.com\/es_co\/wp-json\/wp\/v2\/tags?post=13646"}],"curies":[{"name":"wp","href":"https:\/\/api.w.org\/{rel}","templated":true}]}}