{"id":13615,"date":"2025-09-02T07:54:36","date_gmt":"2025-09-02T12:54:36","guid":{"rendered":"https:\/\/www.amchambaq.com\/?p=13615"},"modified":"2025-09-02T07:54:36","modified_gmt":"2025-09-02T12:54:36","slug":"tampa-y-barranquilla-lanzan-la-celebracion-de-60-anos-de-hermandad","status":"publish","type":"post","link":"https:\/\/www.amchambaq.com\/es_co\/tampa-y-barranquilla-lanzan-la-celebracion-de-60-anos-de-hermandad\/","title":{"rendered":"Tampa y Barranquilla lanzan la Celebraci\u00f3n de 60 A\u00f1os de Hermandad"},"content":{"rendered":"<p class=\"elheraldo__StyledParagraph-sc-60z8lc-1 dEjMiD article-body__paragraph\">El Comit\u00e9 de Ciudades Hermanas\u00a0<b>Tampa-Barranquilla<\/b>\u00a0llevar\u00e1 a cabo el lanzamiento oficial de la\u00a0<b>Celebraci\u00f3n de 60 A\u00f1os de Hermandad<\/b>\u00a0el domingo 7 de septiembre de 2025, de 10:00 a. m. a 11:15 a. m., en el\u00a0<b>Antiguo Ayuntamiento,<\/b>\u00a0ubicado en 315 E Kennedy Blvd, Tampa.<\/p>\n<p class=\"elheraldo__StyledParagraph-sc-60z8lc-1 dEjMiD article-body__paragraph\">Este evento conmemorativo honrar\u00e1\u00a0<b>seis d\u00e9cadas de intercambio cultural y amistad entre Tampa, Florida, y Barranquilla, Colombia<\/b>, y reconocer\u00e1 a la\u00a0<b>Alcaldesa Jane Castor<\/b>\u00a0por su continuo apoyo y su intenci\u00f3n de visitar Barranquilla.<\/p>\n<div class=\"elheraldo__StyledRecommendedCard-sc-x7jz2p-0 bjiHfq recommended-card\">\n<p class=\"elheraldo__StyledParagraph-sc-60z8lc-1 dEjMiD article-body__paragraph\">La celebraci\u00f3n marca el inicio de una serie de encuentros culturales y comerciales durante el 2026, dise\u00f1ados para resaltar la historia, los logros y las oportunidades futuras de esta importante relaci\u00f3n internacional. Los eventos pondr\u00e1n en valor las vibrantes tradiciones de Barranquilla,\u00a0<b>promover\u00e1n el comercio bilateral y fortalecer\u00e1n los lazos entre las comunidades empresariales de ambas ciudades.<\/b><\/p>\n<p class=\"elheraldo__StyledParagraph-sc-60z8lc-1 dEjMiD article-body__paragraph\">\u201cEste hito es m\u00e1s que una conmemoraci\u00f3n:\u00a0<b>es una plataforma para nuevas oportunidades en cultura, negocios y diplomacia<\/b>\u201d, afirm\u00f3 Fernando J. Falquez,<b>\u00a0Ph.D., Director Afiliado del Comit\u00e9 de Ciudades Hermanas Tampa-Barranquilla.<\/b>\u00a0\u201cNuestro objetivo es construir sobre seis d\u00e9cadas de amistad y garantizar que los pr\u00f3ximos 60 a\u00f1os sean igual de significativos.\u201d<\/p>\n<article class=\"elheraldo__StyledArticle-sc-60z8lc-0 dOafaQ article-body\">\n<p class=\"elheraldo__StyledParagraph-sc-60z8lc-1 dEjMiD article-body__paragraph\">El\u00a0<b>Comit\u00e9 de Ciudades Hermanas Tampa-Barranquilla<\/b>\u00a0fomenta el entendimiento mutuo, el intercambio cultural y la colaboraci\u00f3n econ\u00f3mica entre Tampa, Florida, y Barranquilla, Colombia. Establecido bajo el\u00a0<b>programa Sister Cities International en 1965<\/b>, el hermanamiento ha conectado a ambas comunidades a trav\u00e9s de la educaci\u00f3n, las artes, el comercio y la diplomacia durante seis d\u00e9cadas.<\/p>\n<\/article>\n<div class=\"elheraldo__StyledArticleTags-sc-v5q4tv-0 kxguOz article-tags-bar\"><\/div>\n<\/div>\n","protected":false},"excerpt":{"rendered":"<p>El Comit\u00e9 de Ciudades Hermanas\u00a0Tampa-Barranquilla\u00a0llevar\u00e1 a cabo el lanzamiento oficial de la\u00a0Celebraci\u00f3n de 60 A\u00f1os de Hermandad\u00a0el domingo 7 de septiembre de 2025, de 10:00 a. m. a 11:15 a. m., en el\u00a0Antiguo Ayuntamiento,\u00a0ubicado en 315 E Kennedy Blvd, Tampa. Este evento conmemorativo honrar\u00e1\u00a0seis d\u00e9cadas de intercambio cultural y amistad entre Tampa, Florida, y Barranquilla,<\/p>\n","protected":false},"author":1,"featured_media":13616,"comment_status":"closed","ping_status":"closed","sticky":false,"template":"","format":"standard","meta":{"footnotes":""},"categories":[342,181],"tags":[],"class_list":["post-13615","post","type-post","status-publish","format-standard","has-post-thumbnail","hentry","category-news","category-noticias"],"views":40,"_links":{"self":[{"href":"https:\/\/www.amchambaq.com\/es_co\/wp-json\/wp\/v2\/posts\/13615","targetHints":{"allow":["GET"]}}],"collection":[{"href":"https:\/\/www.amchambaq.com\/es_co\/wp-json\/wp\/v2\/posts"}],"about":[{"href":"https:\/\/www.amchambaq.com\/es_co\/wp-json\/wp\/v2\/types\/post"}],"author":[{"embeddable":true,"href":"https:\/\/www.amchambaq.com\/es_co\/wp-json\/wp\/v2\/users\/1"}],"replies":[{"embeddable":true,"href":"https:\/\/www.amchambaq.com\/es_co\/wp-json\/wp\/v2\/comments?post=13615"}],"version-history":[{"count":1,"href":"https:\/\/www.amchambaq.com\/es_co\/wp-json\/wp\/v2\/posts\/13615\/revisions"}],"predecessor-version":[{"id":13617,"href":"https:\/\/www.amchambaq.com\/es_co\/wp-json\/wp\/v2\/posts\/13615\/revisions\/13617"}],"wp:featuredmedia":[{"embeddable":true,"href":"https:\/\/www.amchambaq.com\/es_co\/wp-json\/wp\/v2\/media\/13616"}],"wp:attachment":[{"href":"https:\/\/www.amchambaq.com\/es_co\/wp-json\/wp\/v2\/media?parent=13615"}],"wp:term":[{"taxonomy":"category","embeddable":true,"href":"https:\/\/www.amchambaq.com\/es_co\/wp-json\/wp\/v2\/categories?post=13615"},{"taxonomy":"post_tag","embeddable":true,"href":"https:\/\/www.amchambaq.com\/es_co\/wp-json\/wp\/v2\/tags?post=13615"}],"curies":[{"name":"wp","href":"https:\/\/api.w.org\/{rel}","templated":true}]}}