{"id":13411,"date":"2025-07-18T08:59:45","date_gmt":"2025-07-18T13:59:45","guid":{"rendered":"https:\/\/www.amchambaq.com\/?p=13411"},"modified":"2025-07-18T08:59:45","modified_gmt":"2025-07-18T13:59:45","slug":"con-nueva-planta-de-aluminio-se-generan-200-empleos-en-atlantico","status":"publish","type":"post","link":"https:\/\/www.amchambaq.com\/es_co\/con-nueva-planta-de-aluminio-se-generan-200-empleos-en-atlantico\/","title":{"rendered":"Con nueva planta de aluminio se generan 200 empleos en Atl\u00e1ntico"},"content":{"rendered":"<p class=\"elheraldo__StyledParagraph-sc-60z8lc-1 dEjMiD article-body__paragraph\">Con una inversi\u00f3n inicial de 3 millones de d\u00f3lares y una proyecci\u00f3n de crecimiento que apunta a la generaci\u00f3n de hasta\u00a0<b>200 empleos directos,\u00a0<\/b>Acesco inaugur\u00f3 oficialmente su nueva\u00a0<b>planta Alurack\u00a0<\/b>en el Parque Industrial Pimsa, consolidando un paso decisivo en la transformaci\u00f3n econ\u00f3mica e industrial del departamento del Atl\u00e1ntico.<\/p>\n<p class=\"elheraldo__StyledParagraph-sc-60z8lc-1 dEjMiD article-body__paragraph\">La planta, especializada en la<b>\u00a0producci\u00f3n de estructuras de aluminio\u00a0<\/b>para sistemas\u00a0<b>solares fotovoltaicos,<\/b>\u00a0posiciona al Atl\u00e1ntico como un eje estrat\u00e9gico para la transici\u00f3n energ\u00e9tica de Colombia y el fortalecimiento de las exportaciones desde el Caribe colombiano.<\/p>\n<p class=\"elheraldo__StyledParagraph-sc-60z8lc-1 dEjMiD article-body__paragraph\">Adem\u00e1s, se estima que por cada empleo directo generado en Alurack, se podr\u00edan activar al menos dos empleos indirectos en la cadena de suministro y soporte, lo que elevar\u00eda el impacto real de esta inversi\u00f3n a cerca de 600 nuevos puestos de trabajo en el corto plazo.<\/p>\n<p class=\"elheraldo__StyledParagraph-sc-60z8lc-1 dEjMiD article-body__paragraph\">El presidente ejecutivo de Acesco,\u00a0<b>Felipe Gonz\u00e1lez<\/b>, destac\u00f3 que la llegada de Alurack no solo ampl\u00eda la capacidad productiva del Grupo Acesco, sino que refuerza el papel de Malambo como nodo log\u00edstico e industrial clave en la regi\u00f3n.<\/p>\n<p class=\"elheraldo__StyledParagraph-sc-60z8lc-1 dEjMiD article-body__paragraph\">Asimismo, se\u00f1al\u00f3 que con una capacidad de producci\u00f3n de 240 toneladas mensuales de extrusiones de aluminio, la planta podr\u00e1 sostener una demanda de 40 megavatios mensuales en el mercado de sistemas fotovoltaicos. Adem\u00e1s, se espera que su mezcla comercial se divida en 50 % para el mercado nacional y 50 % para exportaciones, principalmente hacia Centroam\u00e9rica, el Caribe, Estados Unidos y Ecuador.<\/p>\n<p class=\"elheraldo__StyledParagraph-sc-60z8lc-1 dEjMiD article-body__paragraph\">El desarrollo de la industria de paneles solares, sobre todo a nivel de granjas solares, es gigante no solo en Colombia, sino en toda Centroam\u00e9rica, en todas las islas del Caribe, en Estados Unidos y en Ecuador, que son precisamente los mercados que el Grupo Asesco atiende con sus diferentes unidades de negocio\u201d, expres\u00f3 Gonz\u00e1lez.<\/p>\n<p class=\"elheraldo__StyledParagraph-sc-60z8lc-1 dEjMiD article-body__paragraph\">La planta, que antes operaba en Medell\u00edn y fue adquirida por Acesco hace aproximadamente a\u00f1o y medio, fue trasladada estrat\u00e9gicamente a Malambo con la visi\u00f3n de convertirla en una plataforma de exportaci\u00f3n.<\/p>\n<p class=\"elheraldo__StyledParagraph-sc-60z8lc-1 dEjMiD article-body__paragraph\">\u201cLa planta ya est\u00e1 en operaci\u00f3n y, a tan solo d\u00edas de su apertura, est\u00e1 cerca de alcanzar su capacidad m\u00e1xima, lo que nos obliga a pensar en una pr\u00f3xima expansi\u00f3n. Esto habla del potencial de crecimiento que tiene esta unidad\u201d, a\u00f1adi\u00f3 Gonz\u00e1lez.<\/p>\n<p class=\"elheraldo__StyledParagraph-sc-60z8lc-1 dEjMiD article-body__paragraph\"><b>Jos\u00e9 Uribe<\/b>, presidente corporativo de Acesco, destac\u00f3 que la compa\u00f1\u00eda no solo crece econ\u00f3micamente, sino que su arduo trabajo le ha permitido ejecutar labores sociales desde su fundaci\u00f3n para abanderar la educaci\u00f3n y el arte.<\/p>\n<p class=\"elheraldo__StyledParagraph-sc-60z8lc-1 dEjMiD article-body__paragraph\">\u201cSi hoy tuvi\u00e9ramos que tomar de nuevo la decisi\u00f3n de d\u00f3nde instalarnos, pensando en importar acero desde Asia o Turqu\u00eda y atender Colombia, Venezuela y EE. UU., volver\u00edamos a elegir este mismo lugar. Barranquilla est\u00e1 a solo 1.000 km de Bogot\u00e1 y 1.100 km de Caracas. Esta ciudad y Malambo nos han dado todo para crecer, y a\u00fan queda mucho por mostrar\u201d, anot\u00f3.<\/p>\n<p class=\"elheraldo__StyledParagraph-sc-60z8lc-1 dEjMiD article-body__paragraph\">A su turno, el\u00a0<b>gobernador Eduardo Verano,\u00a0<\/b>destac\u00f3 el impacto positivo que ha generado durante varios a\u00f1os la opresencia de Acesco en el departamento.<\/p>\n<p class=\"elheraldo__StyledParagraph-sc-60z8lc-1 dEjMiD article-body__paragraph\">\u201cEl desarrollo econ\u00f3mico y la generaci\u00f3n de empleo en el departamento encuentran en Acesco un ejemplo claro de c\u00f3mo superarse constantemente en materia de nuevas tecnolog\u00edas y formas de administraci\u00f3n. Aqu\u00ed se percibe un progreso significativo, no solo por la inversi\u00f3n realizada, sino por los altos est\u00e1ndares con los que ha sido ejecutada.<\/p>\n<p class=\"elheraldo__StyledParagraph-sc-60z8lc-1 dEjMiD article-body__paragraph\">Asimismo, resalt\u00f3 que en la planta inaugurada no hay una sola m\u00e1quina que no tenga una justificaci\u00f3n tecnol\u00f3gica de vanguardia, lo cual les otorga niveles de productividad y ventas insuperables. \u201cEstamos siendo testigos del lanzamiento de una nueva l\u00ednea de producci\u00f3n, Alurack, que representa ese avance constante\u201d.<\/p>\n<p class=\"elheraldo__StyledParagraph-sc-60z8lc-1 dEjMiD article-body__paragraph\">\u201cLo m\u00e1s valioso es que esa riqueza generada les permite tener una mirada social. Estamos viendo, sintiendo y oyendo c\u00f3mo esa capacidad empresarial tambi\u00e9n se traduce en apoyo para el bienestar colectivo. Es un modelo de empresa que apuesta por el desarrollo integral del territorio, agreg\u00f3 el mandatario\u201d<\/p>\n<p class=\"elheraldo__StyledParagraph-sc-60z8lc-1 dEjMiD article-body__paragraph\">El gobernador rindi\u00f3 un homenaje a\u00a0<b>Ramiro Escobar<\/b>, CEO de Acesco, por su liderazgo visionario y su aporte a la consolidaci\u00f3n del Atl\u00e1ntico como hub industrial del Caribe.<\/p>\n<p class=\"elheraldo__StyledParagraph-sc-60z8lc-1 dEjMiD article-body__paragraph\">Escobar, visiblemente emocionado, rememor\u00f3 los inicios de la compa\u00f1\u00eda en Barranquilla: \u201cEsta ciudad ha sido clave para nuestro crecimiento. Apostamos por estar cerca del mar, por seguir el modelo japon\u00e9s de log\u00edstica industrial. Aqu\u00ed creamos el Parque Carmelabro, la naviera Navesco, e impulsamos decenas de empresas. Esta fue la mejor decisi\u00f3n que hemos tomado como grupo. Hoy exportamos a 10 pa\u00edses, y seguimos creciendo con la misma pasi\u00f3n.\u201d<\/p>\n<p class=\"elheraldo__StyledParagraph-sc-60z8lc-1 dEjMiD article-body__paragraph\">Acesco, que en su momento lider\u00f3 el desarrollo de infraestructura en Malambo con la construcci\u00f3n de v\u00edas, muelles y conexiones con el r\u00edo Magdalena, ha reafirmado su compromiso con el territorio, demostrando que la industria puede ser tambi\u00e9n una fuerza de transformaci\u00f3n social y ambiental.<\/p>\n<p class=\"elheraldo__StyledParagraph-sc-60z8lc-1 dEjMiD article-body__paragraph\"><b>Efra\u00edn Cepeda<\/b>, presidente del Comit\u00e9 Intergremial del Atl\u00e1ntico, celebr\u00f3 esta inversi\u00f3n como una muestra del fortalecimiento industrial de la regi\u00f3n.<\/p>\n<p class=\"elheraldo__StyledParagraph-sc-60z8lc-1 dEjMiD article-body__paragraph\">\u201cNos alegra ver c\u00f3mo Acesco sigue apost\u00e1ndole a nuestro departamento. Esta nueva planta significa m\u00e1s empleo, m\u00e1s oportunidades y m\u00e1s desarrollo para Malambo y su \u00e1rea metropolitana. Acesco fue pionera cuando lleg\u00f3 a esta zona, y su presencia ha sido clave para el crecimiento de la industria en esta banda oriental del Atl\u00e1ntico.\u201d<\/p>\n","protected":false},"excerpt":{"rendered":"<p>Con una inversi\u00f3n inicial de 3 millones de d\u00f3lares y una proyecci\u00f3n de crecimiento que apunta a la generaci\u00f3n de hasta\u00a0200 empleos directos,\u00a0Acesco inaugur\u00f3 oficialmente su nueva\u00a0planta Alurack\u00a0en el Parque Industrial Pimsa, consolidando un paso decisivo en la transformaci\u00f3n econ\u00f3mica e industrial del departamento del Atl\u00e1ntico. La planta, especializada en la\u00a0producci\u00f3n de estructuras de aluminio\u00a0para<\/p>\n","protected":false},"author":1,"featured_media":13412,"comment_status":"closed","ping_status":"closed","sticky":false,"template":"","format":"standard","meta":{"footnotes":""},"categories":[342,181],"tags":[],"class_list":["post-13411","post","type-post","status-publish","format-standard","has-post-thumbnail","hentry","category-news","category-noticias"],"views":32,"_links":{"self":[{"href":"https:\/\/www.amchambaq.com\/es_co\/wp-json\/wp\/v2\/posts\/13411","targetHints":{"allow":["GET"]}}],"collection":[{"href":"https:\/\/www.amchambaq.com\/es_co\/wp-json\/wp\/v2\/posts"}],"about":[{"href":"https:\/\/www.amchambaq.com\/es_co\/wp-json\/wp\/v2\/types\/post"}],"author":[{"embeddable":true,"href":"https:\/\/www.amchambaq.com\/es_co\/wp-json\/wp\/v2\/users\/1"}],"replies":[{"embeddable":true,"href":"https:\/\/www.amchambaq.com\/es_co\/wp-json\/wp\/v2\/comments?post=13411"}],"version-history":[{"count":1,"href":"https:\/\/www.amchambaq.com\/es_co\/wp-json\/wp\/v2\/posts\/13411\/revisions"}],"predecessor-version":[{"id":13413,"href":"https:\/\/www.amchambaq.com\/es_co\/wp-json\/wp\/v2\/posts\/13411\/revisions\/13413"}],"wp:featuredmedia":[{"embeddable":true,"href":"https:\/\/www.amchambaq.com\/es_co\/wp-json\/wp\/v2\/media\/13412"}],"wp:attachment":[{"href":"https:\/\/www.amchambaq.com\/es_co\/wp-json\/wp\/v2\/media?parent=13411"}],"wp:term":[{"taxonomy":"category","embeddable":true,"href":"https:\/\/www.amchambaq.com\/es_co\/wp-json\/wp\/v2\/categories?post=13411"},{"taxonomy":"post_tag","embeddable":true,"href":"https:\/\/www.amchambaq.com\/es_co\/wp-json\/wp\/v2\/tags?post=13411"}],"curies":[{"name":"wp","href":"https:\/\/api.w.org\/{rel}","templated":true}]}}