{"id":13290,"date":"2025-07-02T09:50:24","date_gmt":"2025-07-02T14:50:24","guid":{"rendered":"https:\/\/www.amchambaq.com\/?p=13290"},"modified":"2025-07-02T09:50:24","modified_gmt":"2025-07-02T14:50:24","slug":"el-senado-de-estados-unidos-aprobo-el-proyecto-de-ley-de-gastos-impulsado-por-donald-trump-en-una-votacion-dramatica","status":"publish","type":"post","link":"https:\/\/www.amchambaq.com\/es_co\/el-senado-de-estados-unidos-aprobo-el-proyecto-de-ley-de-gastos-impulsado-por-donald-trump-en-una-votacion-dramatica\/","title":{"rendered":"El Senado de Estados Unidos aprob\u00f3 el proyecto de ley de gastos impulsado por Donald Trump en una votaci\u00f3n dram\u00e1tica"},"content":{"rendered":"<p>Con el voto decisivo del vicepresidente\u00a0<b>J.D. Vance<\/b>, el presidente estadounidense\u00a0<b>Donald Trump<\/b>\u00a0logr\u00f3 este martes una importante victoria legislativa con la aprobaci\u00f3n en el\u00a0<b>Senado<\/b>\u00a0de su ambicioso\u00a0<b>proyecto de presupuesto<\/b>, una pieza central de su\u00a0<b>agenda econ\u00f3mica<\/b>\u00a0para un segundo mandato. La medida, aprobada tras dos d\u00edas de deliberaciones y con una votaci\u00f3n empatada 50-50, fue finalmente ratificada con el voto de desempate de Vance, como lo establece la Constituci\u00f3n.<\/p>\n<p class=\"paragraph\" data-mrf-recirculation=\"Links inline\">Pese a la mayor\u00eda\u00a0<b>republicana<\/b>\u00a0de 53 esca\u00f1os en la c\u00e1mara alta,\u00a0<b>tres senadores oficialistas<\/b>\u00a0votaron en contra, reflejo de las\u00a0<b>profundas divisiones internas<\/b>\u00a0que genera la propuesta. El texto, calificado por Trump como \u201c<b>el grande y hermoso proyecto de ley<\/b>\u201d, ser\u00e1 ahora sometido al an\u00e1lisis de la\u00a0<b>C\u00e1mara de Representantes<\/b>, donde enfrenta un\u00a0<b>rechazo un\u00e1nime del bloque dem\u00f3crata<\/b>\u00a0y la oposici\u00f3n de varios republicanos preocupados por su impacto econ\u00f3mico y social.<\/p>\n<p class=\"paragraph\" data-mrf-recirculation=\"Links inline\">El proyecto contempla una\u00a0<b>pr\u00f3rroga de 4,5 billones de d\u00f3lares en recortes impositivos<\/b>\u00a0implementados durante el primer mandato de Trump, la\u00a0<b>eliminaci\u00f3n de impuestos sobre propinas, horas extra y la seguridad social<\/b>, y un\u00a0<b>aumento significativo del gasto en defensa y control migratorio<\/b>. A cambio, propone\u00a0<b>recortes profundos en programas sociales clave<\/b>, incluyendo\u00a0<b>Medicaid<\/b>\u00a0\u2014el seguro de salud para personas de bajos ingresos\u2014, el programa de asistencia alimentaria\u00a0<b>SNAP<\/b>, y la\u00a0<b>eliminaci\u00f3n de incentivos fiscales para energ\u00edas renovables<\/b>\u00a0adoptados durante la administraci\u00f3n de\u00a0<b>Joe Biden<\/b>.<\/p>\n<p class=\"paragraph\" data-mrf-recirculation=\"Links inline\">Seg\u00fan la\u00a0<b>Oficina de Presupuesto del Congreso (CBO)<\/b>, el plan\u00a0<b>a\u00f1adir\u00eda m\u00e1s de 3 billones de d\u00f3lares a la deuda nacional para el a\u00f1o 2034<\/b>, un incremento que ha sido calificado como una\u00a0<b>explosi\u00f3n del d\u00e9ficit<\/b>\u00a0por analistas fiscales y varios legisladores de ambos partidos. Donald Trump ha defendido el proyecto con vehemencia en sus redes sociales, asegurando que \u201c<b>EEUU quiere impuestos reducidos<\/b>, incluyendo ning\u00fan impuesto sobre las propinas, horas extra y la seguridad social, seguridad fronteriza, un Ej\u00e9rcito fuerte y una ley que es grandiosa para nuestros campesinos, manufactureros y el empleo general\u201d.<\/p>\n<p class=\"paragraph\" data-mrf-recirculation=\"Links inline\">El senador republicano\u00a0<b>Thom Tillis<\/b>, de\u00a0<b>Carolina del Norte<\/b>, fue uno de los votos disidentes. Argument\u00f3 que el proyecto \u201cresultar\u00eda en la\u00a0<b>p\u00e9rdida de decenas de miles de millones de d\u00f3lares de fondos para Carolina del Norte<\/b>, incluyendo en hospitales y comunidades rurales\u201d. Trump respondi\u00f3 desde\u00a0<b>Truth Social<\/b>\u00a0con cr\u00edticas directas: \u201cThom Tillis est\u00e1 cometiendo un gran error para Estados Unidos y la maravillosa gente de Carolina del Norte\u201d.<\/p>\n<p class=\"paragraph\" data-mrf-recirculation=\"Links inline\">A las tensiones en el Congreso se sum\u00f3 la\u00a0<b>frontal oposici\u00f3n de Elon Musk<\/b>, empresario y ex asesor presidencial, quien acus\u00f3 a los republicanos de\u00a0<b>abandonar la transici\u00f3n energ\u00e9tica<\/b>\u00a0y de traicionar el liderazgo de Estados Unidos en\u00a0<b>veh\u00edculos el\u00e9ctricos y tecnolog\u00edas limpias<\/b>. Musk incluso propuso la creaci\u00f3n de una nueva fuerza pol\u00edtica, el \u201c<b>Partido Am\u00e9rica<\/b>\u201d, si se aprueba la ley.<\/p>\n<p class=\"paragraph\" data-mrf-recirculation=\"Links inline\">La respuesta de Trump fue<a title=\"https:\/\/www.infobae.com\/estados-unidos\/2025\/07\/01\/donald-trump-volvio-a-arremeter-contra-elon-musk-sin-subsidios-tendria-que-cerrar-y-regresar-a-sudafrica\/\" href=\"https:\/\/www.infobae.com\/estados-unidos\/2025\/07\/01\/donald-trump-volvio-a-arremeter-contra-elon-musk-sin-subsidios-tendria-que-cerrar-y-regresar-a-sudafrica\/\" target=\"_blank\" rel=\"noopener noreferrer\" data-mrf-link=\"https:\/\/www.infobae.com\/estados-unidos\/2025\/07\/01\/donald-trump-volvio-a-arremeter-contra-elon-musk-sin-subsidios-tendria-que-cerrar-y-regresar-a-sudafrica\/\">\u00a0inmediata y pol\u00e9mica<\/a>. Desde la\u00a0<b>Casa Blanca<\/b>, insinu\u00f3 la posibilidad de\u00a0<b>revocar la ciudadan\u00eda estadounidense de Musk<\/b>\u00a0\u2014nacido en Sud\u00e1frica y tambi\u00e9n ciudadano canadiense\u2014, y sugiri\u00f3 reactivar la\u00a0<b>comisi\u00f3n de eficacia gubernamental (DOGE)<\/b>\u00a0para investigar los subsidios recibidos por las empresas del magnate. \u201c<b>Quiz\u00e1s tengamos que imponerle DOGE a Elon<\/b>. \u00bfSaben qu\u00e9 es DOGE? DOGE es el monstruo que podr\u00eda tener que volver y devorar a Elon\u201d, declar\u00f3 el presidente.<\/p>\n<p class=\"paragraph\" data-mrf-recirculation=\"Links inline\">Trump ha fijado como fecha l\u00edmite para firmar el proyecto el\u00a0<b>4 de julio<\/b>,\u00a0<b>D\u00eda de la Independencia<\/b>, con la intenci\u00f3n de\u00a0<b>capitalizar pol\u00edticamente la aprobaci\u00f3n<\/b>\u00a0y presentarla como una\u00a0<b>victoria nacional<\/b>. Sin embargo, las tensiones internas, el malestar en sectores empresariales y las advertencias sobre el d\u00e9ficit anticipan un\u00a0<b>proceso legislativo complejo en la C\u00e1mara Baja<\/b>.<\/p>\n<p class=\"paragraph\" data-mrf-recirculation=\"Links inline\">A medida que se acerca el feriado nacional, la propuesta se ha transformado en un\u00a0<b>campo de disputa<\/b>\u00a0no solo entre republicanos y dem\u00f3cratas, sino tambi\u00e9n entre distintas facciones del oficialismo y entre Trump y figuras clave del sector privado que alguna vez lo respaldaron. El desenlace permanece incierto.<\/p>\n<p data-mrf-recirculation=\"Links inline\">\n","protected":false},"excerpt":{"rendered":"<p>Con el voto decisivo del vicepresidente\u00a0J.D. Vance, el presidente estadounidense\u00a0Donald Trump\u00a0logr\u00f3 este martes una importante victoria legislativa con la aprobaci\u00f3n en el\u00a0Senado\u00a0de su ambicioso\u00a0proyecto de presupuesto, una pieza central de su\u00a0agenda econ\u00f3mica\u00a0para un segundo mandato. La medida, aprobada tras dos d\u00edas de deliberaciones y con una votaci\u00f3n empatada 50-50, fue finalmente ratificada con el voto<\/p>\n","protected":false},"author":1,"featured_media":13291,"comment_status":"closed","ping_status":"closed","sticky":false,"template":"","format":"standard","meta":{"footnotes":""},"categories":[342,181],"tags":[],"class_list":["post-13290","post","type-post","status-publish","format-standard","has-post-thumbnail","hentry","category-news","category-noticias"],"views":13,"_links":{"self":[{"href":"https:\/\/www.amchambaq.com\/es_co\/wp-json\/wp\/v2\/posts\/13290","targetHints":{"allow":["GET"]}}],"collection":[{"href":"https:\/\/www.amchambaq.com\/es_co\/wp-json\/wp\/v2\/posts"}],"about":[{"href":"https:\/\/www.amchambaq.com\/es_co\/wp-json\/wp\/v2\/types\/post"}],"author":[{"embeddable":true,"href":"https:\/\/www.amchambaq.com\/es_co\/wp-json\/wp\/v2\/users\/1"}],"replies":[{"embeddable":true,"href":"https:\/\/www.amchambaq.com\/es_co\/wp-json\/wp\/v2\/comments?post=13290"}],"version-history":[{"count":1,"href":"https:\/\/www.amchambaq.com\/es_co\/wp-json\/wp\/v2\/posts\/13290\/revisions"}],"predecessor-version":[{"id":13292,"href":"https:\/\/www.amchambaq.com\/es_co\/wp-json\/wp\/v2\/posts\/13290\/revisions\/13292"}],"wp:featuredmedia":[{"embeddable":true,"href":"https:\/\/www.amchambaq.com\/es_co\/wp-json\/wp\/v2\/media\/13291"}],"wp:attachment":[{"href":"https:\/\/www.amchambaq.com\/es_co\/wp-json\/wp\/v2\/media?parent=13290"}],"wp:term":[{"taxonomy":"category","embeddable":true,"href":"https:\/\/www.amchambaq.com\/es_co\/wp-json\/wp\/v2\/categories?post=13290"},{"taxonomy":"post_tag","embeddable":true,"href":"https:\/\/www.amchambaq.com\/es_co\/wp-json\/wp\/v2\/tags?post=13290"}],"curies":[{"name":"wp","href":"https:\/\/api.w.org\/{rel}","templated":true}]}}