{"id":13212,"date":"2025-06-11T08:38:08","date_gmt":"2025-06-11T13:38:08","guid":{"rendered":"https:\/\/www.amchambaq.com\/?p=13212"},"modified":"2025-06-11T08:38:08","modified_gmt":"2025-06-11T13:38:08","slug":"amcham-atlantico-y-magdalena-rechaza-el-atentado-contra-el-senador-miguel-uribe-turbay","status":"publish","type":"post","link":"https:\/\/www.amchambaq.com\/es_co\/amcham-atlantico-y-magdalena-rechaza-el-atentado-contra-el-senador-miguel-uribe-turbay\/","title":{"rendered":"AmCham Atl\u00e1ntico y Magdalena rechaza el atentado contra el senador Miguel Uribe Turbay"},"content":{"rendered":"<p>Desde la C\u00e1mara de Comercio Colombo Americana, AmCham Atl\u00e1ntico y Magdalena, expresamos nuestro rechazo al reciente atentado contra el senador <strong>Miguel Uribe Turbay<\/strong>, un hecho que atenta contra la vida, el di\u00e1logo y la estabilidad del pa\u00eds.<\/p>\n<p>Nos solidarizamos con \u00e9l, su familia y su equipo en este dif\u00edcil momento, y expresamos nuestro deseo por su pronta recuperaci\u00f3n.<\/p>\n<p>Como gremio, hacemos un llamado a rechazar de manera contundente cualquier forma de violencia. El camino hacia <strong>una Colombia m\u00e1s justa, estable y pr\u00f3spera<\/strong> solo puede construirse desde el respeto a la vida, el fortalecimiento de la institucionalidad y el ejercicio libre y seguro del pensamiento.<\/p>\n<p>Hoy m\u00e1s que nunca, necesitamos reencontrarnos como sociedad en torno a principios que nos unan: el respeto, la empat\u00eda y la defensa de los valores democr\u00e1ticos.<\/p>\n<p>Desde el sector empresarial reafirmamos nuestro compromiso con un entorno de convivencia pac\u00edfica, donde cada ciudadano pueda aportar al desarrollo del pa\u00eds en libertad y con garant\u00edas.<\/p>\n","protected":false},"excerpt":{"rendered":"<p>Desde la C\u00e1mara de Comercio Colombo Americana, AmCham Atl\u00e1ntico y Magdalena, expresamos nuestro rechazo al reciente atentado contra el senador Miguel Uribe Turbay, un hecho que atenta contra la vida, el di\u00e1logo y la estabilidad del pa\u00eds. Nos solidarizamos con \u00e9l, su familia y su equipo en este dif\u00edcil momento, y expresamos nuestro deseo por<\/p>\n","protected":false},"author":1,"featured_media":13213,"comment_status":"closed","ping_status":"closed","sticky":false,"template":"","format":"standard","meta":{"footnotes":""},"categories":[342,181],"tags":[],"class_list":["post-13212","post","type-post","status-publish","format-standard","has-post-thumbnail","hentry","category-news","category-noticias"],"views":22,"_links":{"self":[{"href":"https:\/\/www.amchambaq.com\/es_co\/wp-json\/wp\/v2\/posts\/13212","targetHints":{"allow":["GET"]}}],"collection":[{"href":"https:\/\/www.amchambaq.com\/es_co\/wp-json\/wp\/v2\/posts"}],"about":[{"href":"https:\/\/www.amchambaq.com\/es_co\/wp-json\/wp\/v2\/types\/post"}],"author":[{"embeddable":true,"href":"https:\/\/www.amchambaq.com\/es_co\/wp-json\/wp\/v2\/users\/1"}],"replies":[{"embeddable":true,"href":"https:\/\/www.amchambaq.com\/es_co\/wp-json\/wp\/v2\/comments?post=13212"}],"version-history":[{"count":1,"href":"https:\/\/www.amchambaq.com\/es_co\/wp-json\/wp\/v2\/posts\/13212\/revisions"}],"predecessor-version":[{"id":13214,"href":"https:\/\/www.amchambaq.com\/es_co\/wp-json\/wp\/v2\/posts\/13212\/revisions\/13214"}],"wp:featuredmedia":[{"embeddable":true,"href":"https:\/\/www.amchambaq.com\/es_co\/wp-json\/wp\/v2\/media\/13213"}],"wp:attachment":[{"href":"https:\/\/www.amchambaq.com\/es_co\/wp-json\/wp\/v2\/media?parent=13212"}],"wp:term":[{"taxonomy":"category","embeddable":true,"href":"https:\/\/www.amchambaq.com\/es_co\/wp-json\/wp\/v2\/categories?post=13212"},{"taxonomy":"post_tag","embeddable":true,"href":"https:\/\/www.amchambaq.com\/es_co\/wp-json\/wp\/v2\/tags?post=13212"}],"curies":[{"name":"wp","href":"https:\/\/api.w.org\/{rel}","templated":true}]}}