{"id":13194,"date":"2025-06-03T12:12:34","date_gmt":"2025-06-03T17:12:34","guid":{"rendered":"https:\/\/www.amchambaq.com\/?p=13194"},"modified":"2025-06-03T12:12:34","modified_gmt":"2025-06-03T17:12:34","slug":"por-guerra-arancelaria-usa-china-empresas-norteamericanas-y-europeas-interesadas-en-localizarse-en-zona-franca-la-cayena","status":"publish","type":"post","link":"https:\/\/www.amchambaq.com\/es_co\/por-guerra-arancelaria-usa-china-empresas-norteamericanas-y-europeas-interesadas-en-localizarse-en-zona-franca-la-cayena\/","title":{"rendered":"Por guerra arancelaria USA \u2013 CHINA empresas norteamericanas y europeas interesadas en localizarse en zona franca La Cayena"},"content":{"rendered":"<p>Manuel Herrera, gerente general de la zona franca La Cayena ubicada en entre Juan Mina y Tubar\u00e1 en el \u00e1rea metropolitana de Barranquilla confirm\u00f3 que la guerra arancelaria entre Estados Unidos, China\u00a0 y Europa ha generado un gran inter\u00e9s de compa\u00f1\u00edas norteamericanas ubicadas en Asia en relocalizarse en este complejo industrial para llegar con sus productos con menores aranceles al mercado norteamericano.<\/p>\n<p>Herrera tambi\u00e9n manifest\u00f3 que tambi\u00e9n hay compa\u00f1\u00edas europeas, y algunas empresas \u00a0colombianas que tambi\u00e9n est\u00e1n pensando en su expansi\u00f3n para exportar desde Barranquilla y tambi\u00e9n hay apetito de compa\u00f1\u00edas americanas que tienen sede en M\u00e9xico.<\/p>\n<p>El gerente de la ZF La Cayena tambi\u00e9n confirm\u00f3 que ya est\u00e1 casi aprobado el plan parcial de la segunda etapa de la zona franca y que tendr\u00e1 un \u00e1rea de 40 de hect\u00e1reas y que requerir\u00e1 una inversi\u00f3n en su construcci\u00f3n y urbanismo de 20 mil millones de pesos. La primera etapa de la ZF La Cayena consta de 110 hect\u00e1reas donde se han ubicado 50 empresas de 17 sectores productivos.<\/p>\n<div id=\"standard_6\" class=\"st-placement standard_6 inArticle\"><\/div>\n<div id=\"taboola-below-article-thumbnails\" class=\"trc_related_container tbl-feed-container render-late-effect tbl-feed-frame-DIVIDER\" data-feed-container-num=\"1\" data-feed-main-container-id=\"taboola-below-article-thumbnails\" data-parent-placement-name=\"Below Article Thumbnails\" data-pub-lang=\"es\">\n<div id=\"taboola-below-article-thumbnails-sca1\" class=\"trc_related_container tbl-trecs-container trc_spotlight_widget trc_elastic trc_elastic_above-the-feed-premium-card-fp-delta pad-down above-the-feed-placement\" data-card-index=\"1\" data-placement-name=\"Below Article Thumbnails | Injected 1\"><\/div>\n<div id=\"taboola-below-article-thumbnails-pl1\" class=\"tbl-feed-card trc_related_container tbl-trecs-container trc_spotlight_widget trc_elastic trc_elastic_thumbs-feed-01-b-delta\" data-card-index=\"1\" data-placement-name=\"Below Article Thumbnails | Card 1\">\n<div class=\"trc_rbox_container\">\n<div>\n<div id=\"trc_wrapper_8635673611\" class=\"trc_rbox thumbs-feed-01-b-delta trc-content-sponsored\">\n<div id=\"outer_8635673611\" class=\"trc_rbox_outer\">\n<div id=\"rbox-t2v\" class=\"trc_rbox_div trc_rbox_border_elm\">\n<div id=\"internal_trc_8635673611\">\n<div class=\"videoCube trc_spotlight_item origin-default textItem thumbnail_top videoCube_1_child syndicatedItem trc-first-recommendation trc-spotlight-first-recommendation trc_excludable\" data-item-id=\"~~V1~~-3161208536561172823~~MNsOFRP-6Z_1KkuFSoirGfHm84kvVwLgmw38AcjjWLBw6cLzOYgYTH58zK8cIqqSpXIxrZqebFYDK88dSWdkzu37f9UMgk0Ohd-l_fBNHcKh16eP9uMaEdDw2bUlXjOnRdbgwlJdnqyroTPEQNNEn4KtJ3nZDoBUNas6Ivg2_npZMYlc5KlMFEO5TFAv_meu0DfeV925A8qflhbIsxWDOw\" data-item-title=\"Bogot\u00e1: \u00bfEres colombiano? Aprovecha esta oportunidad de inversi\u00f3n.\" data-item-thumb=\"https:\/\/cdn.taboola.com\/libtrc\/static\/thumbnails\/5c8bb96821ac074f683c7e540a93d97f.png\" data-item-syndicated=\"true\">\n<div class=\"thumbBlock_holder\"><\/div>\n<\/div>\n<\/div>\n<\/div>\n<\/div>\n<\/div>\n<\/div>\n<\/div>\n<\/div>\n<\/div>\n","protected":false},"excerpt":{"rendered":"<p>Manuel Herrera, gerente general de la zona franca La Cayena ubicada en entre Juan Mina y Tubar\u00e1 en el \u00e1rea metropolitana de Barranquilla confirm\u00f3 que la guerra arancelaria entre Estados Unidos, China\u00a0 y Europa ha generado un gran inter\u00e9s de compa\u00f1\u00edas norteamericanas ubicadas en Asia en relocalizarse en este complejo industrial para llegar con sus<\/p>\n","protected":false},"author":1,"featured_media":13195,"comment_status":"closed","ping_status":"closed","sticky":false,"template":"","format":"standard","meta":{"footnotes":""},"categories":[342,181],"tags":[],"class_list":["post-13194","post","type-post","status-publish","format-standard","has-post-thumbnail","hentry","category-news","category-noticias"],"views":19,"_links":{"self":[{"href":"https:\/\/www.amchambaq.com\/es_co\/wp-json\/wp\/v2\/posts\/13194","targetHints":{"allow":["GET"]}}],"collection":[{"href":"https:\/\/www.amchambaq.com\/es_co\/wp-json\/wp\/v2\/posts"}],"about":[{"href":"https:\/\/www.amchambaq.com\/es_co\/wp-json\/wp\/v2\/types\/post"}],"author":[{"embeddable":true,"href":"https:\/\/www.amchambaq.com\/es_co\/wp-json\/wp\/v2\/users\/1"}],"replies":[{"embeddable":true,"href":"https:\/\/www.amchambaq.com\/es_co\/wp-json\/wp\/v2\/comments?post=13194"}],"version-history":[{"count":1,"href":"https:\/\/www.amchambaq.com\/es_co\/wp-json\/wp\/v2\/posts\/13194\/revisions"}],"predecessor-version":[{"id":13196,"href":"https:\/\/www.amchambaq.com\/es_co\/wp-json\/wp\/v2\/posts\/13194\/revisions\/13196"}],"wp:featuredmedia":[{"embeddable":true,"href":"https:\/\/www.amchambaq.com\/es_co\/wp-json\/wp\/v2\/media\/13195"}],"wp:attachment":[{"href":"https:\/\/www.amchambaq.com\/es_co\/wp-json\/wp\/v2\/media?parent=13194"}],"wp:term":[{"taxonomy":"category","embeddable":true,"href":"https:\/\/www.amchambaq.com\/es_co\/wp-json\/wp\/v2\/categories?post=13194"},{"taxonomy":"post_tag","embeddable":true,"href":"https:\/\/www.amchambaq.com\/es_co\/wp-json\/wp\/v2\/tags?post=13194"}],"curies":[{"name":"wp","href":"https:\/\/api.w.org\/{rel}","templated":true}]}}