{"id":13191,"date":"2025-06-03T08:48:36","date_gmt":"2025-06-03T13:48:36","guid":{"rendered":"https:\/\/www.amchambaq.com\/?p=13191"},"modified":"2025-06-03T08:48:36","modified_gmt":"2025-06-03T13:48:36","slug":"marco-rubio-secretario-de-estado-de-ee-uu-lanzo-advertencia-a-colombianos-que-desean-pedir-su-visa-para-estados-unidos-la-falta-de-redes-sociales-puede-provocar-la-negacion","status":"publish","type":"post","link":"https:\/\/www.amchambaq.com\/es_co\/marco-rubio-secretario-de-estado-de-ee-uu-lanzo-advertencia-a-colombianos-que-desean-pedir-su-visa-para-estados-unidos-la-falta-de-redes-sociales-puede-provocar-la-negacion\/","title":{"rendered":"Marco Rubio, secretario de estado de EE. UU., lanz\u00f3 advertencia a colombianos que desean pedir su visa para Estados Unidos: \u201cLa falta de redes sociales puede provocar la negaci\u00f3n\u201d"},"content":{"rendered":"<div class=\"paragraph\">\n<p class=\"paragraph\" data-mrf-recirculation=\"Links inline\">El Gobierno de Estados Unidos congel\u00f3 temporalmente las solicitudes de visas de estudiantes, mientras endurece los controles sobre la actividad en redes sociales de los solicitantes.<\/p>\n<div class=\"news-module\" data-mrf-recirculation=\"IL_GBLs3HYWRq2RgU4Qz8MM1Q\" data-testid=\"text-html\" data-mrf-experience=\"IL_GBLs3HYWRq2RgU4Qz8MM1Q\">\n<div class=\"recommended-card__image-container\">La medida responde a nuevas directrices del secretario de Estado, Marco Rubio, que instruy\u00f3 a las oficinas consulares a tener en cuenta la presencia \u2013o ausencia\u2013 en plataformas digitales como un criterio determinante al evaluar las solicitudes.<\/div>\n<div><\/div>\n<div>As\u00ed lo indic\u00f3 el medio especializado\u00a0<i>Bloomberg<\/i>, y destac\u00f3 adem\u00e1s que Rubio envi\u00f3 una notificaci\u00f3n a embajadas y consulados en la que se\u00f1ala que, en el caso de aspirantes a universidades como Harvard,<b>\u00a0\u201cla falta de presencia en l\u00ednea de los solicitantes podr\u00eda ser prueba suficiente para denegarles la visa\u201d.<\/b><\/div>\n<div><\/div>\n<div>La medida fue interpretada como un nuevo movimiento de la administraci\u00f3n Trump contra los estudiantes internacionales y las instituciones de educaci\u00f3n superior consideradas \u201cde \u00e9lite\u201d.<\/div>\n<div><\/div>\n<\/div>\n<div>Si bien el caso de Harvard es el m\u00e1s simb\u00f3lico,\u00a0<b>las medidas est\u00e1n pensadas para aplicarse a otros centros educativos y servir como modelo para futuras decisiones migratorias.<\/b><\/div>\n<\/div>\n<div>\n<div class=\"headline-wrapper\">\n<h2 class=\"header headline-class-h2\">Los estudiantes que quer\u00edan venir a estudiar a Estados Unidos tambi\u00e9n fueron afectados<\/h2>\n<\/div>\n<p class=\"paragraph\" data-mrf-recirculation=\"Links inline\">D\u00edas antes, el Gobierno ya hab\u00eda suspendido temporalmente las entrevistas para visas de estudiante, alegando razones de seguridad nacional, destac\u00f3 el mismo medio.<\/p>\n<p class=\"paragraph\" data-mrf-recirculation=\"Links inline\"><b>La Casa Blanca tambi\u00e9n orden\u00f3 congelar miles de millones de d\u00f3lares en fondos federales destinados a Harvard y le impidi\u00f3 admitir nuevos estudiantes extranjeros.<\/b>\u00a0Aunque esta decisi\u00f3n fue bloqueada de forma temporal por un juez, de concretarse afectar\u00eda a cerca de una tercera parte del alumnado y de los ingresos por matr\u00edculas de la universidad.<\/p>\n<\/div>\n<p class=\"paragraph\" data-mrf-recirculation=\"Links inline\">La secretaria de Seguridad Nacional, Kristi Noem, respald\u00f3 la medida en una carta enviada al rector de Harvard, Alan Garber: \u201cPara las universidades es un privilegio, no un derecho, matricular a estudiantes extranjeros y beneficiarse de sus elevados pagos de matr\u00edcula para ayudar a engrosar sus multimillonarias dotaciones\u201d.<\/p>\n<p class=\"paragraph\" data-mrf-recirculation=\"Links inline\">El presidente Donald Trump tambi\u00e9n intervino p\u00fablicamente en el debate. Dijo que esperaba revisar los listados de estudiantes extranjeros en Harvard para\u00a0<b>\u201cdeterminar cu\u00e1ntos radicalizados no deber\u00edan regresar al pa\u00eds\u201d<\/b>, al tiempo que cuestion\u00f3 los costos de financiamiento p\u00fablico a las universidades.<\/p>\n<p data-mrf-recirculation=\"Links inline\"><strong>Preocupaci\u00f3n en los colombianos por la situaci\u00f3n en Estados Unidos<\/strong><\/p>\n<p class=\"paragraph\" data-mrf-recirculation=\"Links inline\">Ante el endurecimiento de los controles, Harvard advirti\u00f3 a sus estudiantes internacionales que eviten salir del pa\u00eds, debido al riesgo de que no se les permita el reingreso. La instituci\u00f3n tambi\u00e9n inform\u00f3 que est\u00e1 dando la pelea en los tribunales.<\/p>\n<p class=\"paragraph\" data-mrf-recirculation=\"Links inline\">Aunque el foco ha estado en Harvard, las consecuencias ya se sienten en otros casos. La revista\u00a0<i>Semana<\/i>\u00a0recogi\u00f3 testimonios de j\u00f3venes colombianos afectados por la congelaci\u00f3n de las visas, pese a que sus destinos eran universidades diferentes.<\/p>\n<p class=\"paragraph\" data-mrf-recirculation=\"Links inline\"><b>\u201cPensaba viajar en septiembre hacia Texas para estudiar en la A&amp;M. Estoy en los tr\u00e1mites de la visa de estudiante y esto me cay\u00f3 como un baldado de agua fr\u00eda. No s\u00e9 qu\u00e9 hacer. Tengo vuelo comprado, ya hab\u00eda cuadrado el apartamento y todo. Es un sue\u00f1o que me hab\u00eda trazado hace tiempo y ahora siento que todo se derrumba\u201d<\/b>, relat\u00f3 Juan Pablo Vargas.<\/p>\n<p class=\"paragraph\" data-mrf-recirculation=\"Links inline\">Por su parte, Natalia L\u00f3pez, que planeaba iniciar estudios de derecho en Oklahoma el pr\u00f3ximo a\u00f1o, expres\u00f3 su preocupaci\u00f3n: \u201cMi familia est\u00e1 muy triste, rezamos mucho desde que supimos la noticia y estamos pensando en qu\u00e9 hacer. Ojal\u00e1 el presidente Trump reconsidere sus ideas. No somos criminales, solo buscamos un futuro mejor\u201d.<\/p>\n<p class=\"paragraph\" data-mrf-recirculation=\"Links inline\">La pol\u00edtica migratoria estadounidense vuelve as\u00ed a colocar en el centro del debate a los estudiantes extranjeros, esta vez con medidas que combinan restricciones migratorias, vigilancia digital y una ofensiva contra las universidades que dependen del ingreso de alumnos internacionales.<\/p>\n<p data-mrf-recirculation=\"Links inline\"><strong>Colombianos que estudian en Harvard se mantienen en vilo<\/strong><\/p>\n<p class=\"paragraph\" data-mrf-recirculation=\"Links inline\">Estudiantes internacionales en la Universidad de Harvard, incluidos aquellos provenientes de Colombia,<b>\u00a0han expresado su preocupaci\u00f3n por las recientes pol\u00edticas migratorias implementadas en Estados Unidos<\/b>, y que han generado un ambiente de incertidumbre y tensi\u00f3n.<\/p>\n<p class=\"paragraph\" data-mrf-recirculation=\"Links inline\">Estas medidas incluyen controles exhaustivos en los aeropuertos, monitoreo de redes sociales y un clima que fomenta la autocensura entre los estudiantes extranjeros, quienes temen posibles repercusiones al intentar reingresar al pa\u00eds.<\/p>\n<p class=\"paragraph\" data-mrf-recirculation=\"Links inline\">En declaraciones que divulg\u00f3\u00a0<i>Noticias RCN<\/i>, Lorena Mej\u00eda, estudiante colombiana de la Harvard Kennedy School y vicepresidenta de la Asociaci\u00f3n de Colombianos en Harvard, describi\u00f3 c\u00f3mo estas pol\u00edticas han afectado tanto a quienes permanecen en Estados Unidos como a aquellos que se encuentran temporalmente fuera del pa\u00eds.<\/p>\n<p class=\"paragraph\" data-mrf-recirculation=\"Links inline\">Mej\u00eda se\u00f1al\u00f3 que el sentimiento predominante entre los estudiantes internacionales, que representan el 60% de su facultad, es de vulnerabilidad constante, a pesar del respaldo expresado por las instituciones universitarias.\u00a0<b>\u201cNos sentimos protegidos, pero vulnerables. Es un momento complejo\u201d,<\/b>\u00a0afirm\u00f3 la colombiana al mismo medio.<\/p>\n<p class=\"paragraph\" data-mrf-recirculation=\"Links inline\">El impacto de estas medidas no se limita \u00fanicamente a los estudiantes que residen en Estados Unidos.<\/p>\n<p class=\"paragraph\" data-mrf-recirculation=\"Links inline\">Mej\u00eda destac\u00f3 que aquellos colombianos que actualmente est\u00e1n fuera del pa\u00eds, ya sea por compromisos acad\u00e9micos, pasant\u00edas o viajes de verano, enfrentan una incertidumbre significativa respecto a su regreso.<\/p>\n<p class=\"paragraph\" data-mrf-recirculation=\"Links inline\">Este panorama ha generado un ambiente de tensi\u00f3n que contrasta con lo que deber\u00eda ser un momento de celebraci\u00f3n, y m\u00e1s a\u00fan en la semana de graduaci\u00f3n.<\/p>\n","protected":false},"excerpt":{"rendered":"<p>El Gobierno de Estados Unidos congel\u00f3 temporalmente las solicitudes de visas de estudiantes, mientras endurece los controles sobre la actividad en redes sociales de los solicitantes. La medida responde a nuevas directrices del secretario de Estado, Marco Rubio, que instruy\u00f3 a las oficinas consulares a tener en cuenta la presencia \u2013o ausencia\u2013 en plataformas digitales<\/p>\n","protected":false},"author":1,"featured_media":13192,"comment_status":"closed","ping_status":"closed","sticky":false,"template":"","format":"standard","meta":{"footnotes":""},"categories":[342,181],"tags":[],"class_list":["post-13191","post","type-post","status-publish","format-standard","has-post-thumbnail","hentry","category-news","category-noticias"],"views":12,"_links":{"self":[{"href":"https:\/\/www.amchambaq.com\/es_co\/wp-json\/wp\/v2\/posts\/13191","targetHints":{"allow":["GET"]}}],"collection":[{"href":"https:\/\/www.amchambaq.com\/es_co\/wp-json\/wp\/v2\/posts"}],"about":[{"href":"https:\/\/www.amchambaq.com\/es_co\/wp-json\/wp\/v2\/types\/post"}],"author":[{"embeddable":true,"href":"https:\/\/www.amchambaq.com\/es_co\/wp-json\/wp\/v2\/users\/1"}],"replies":[{"embeddable":true,"href":"https:\/\/www.amchambaq.com\/es_co\/wp-json\/wp\/v2\/comments?post=13191"}],"version-history":[{"count":1,"href":"https:\/\/www.amchambaq.com\/es_co\/wp-json\/wp\/v2\/posts\/13191\/revisions"}],"predecessor-version":[{"id":13193,"href":"https:\/\/www.amchambaq.com\/es_co\/wp-json\/wp\/v2\/posts\/13191\/revisions\/13193"}],"wp:featuredmedia":[{"embeddable":true,"href":"https:\/\/www.amchambaq.com\/es_co\/wp-json\/wp\/v2\/media\/13192"}],"wp:attachment":[{"href":"https:\/\/www.amchambaq.com\/es_co\/wp-json\/wp\/v2\/media?parent=13191"}],"wp:term":[{"taxonomy":"category","embeddable":true,"href":"https:\/\/www.amchambaq.com\/es_co\/wp-json\/wp\/v2\/categories?post=13191"},{"taxonomy":"post_tag","embeddable":true,"href":"https:\/\/www.amchambaq.com\/es_co\/wp-json\/wp\/v2\/tags?post=13191"}],"curies":[{"name":"wp","href":"https:\/\/api.w.org\/{rel}","templated":true}]}}