{"id":13172,"date":"2025-05-23T08:58:32","date_gmt":"2025-05-23T13:58:32","guid":{"rendered":"https:\/\/www.amchambaq.com\/?p=13172"},"modified":"2025-05-23T08:58:32","modified_gmt":"2025-05-23T13:58:32","slug":"las-redes-de-transmision-de-energia-de-la-region-caribe-tienen-agotamiento-transelca","status":"publish","type":"post","link":"https:\/\/www.amchambaq.com\/es_co\/las-redes-de-transmision-de-energia-de-la-region-caribe-tienen-agotamiento-transelca\/","title":{"rendered":"\u201cLas redes de transmisi\u00f3n de energ\u00eda de la regi\u00f3n Caribe tienen agotamiento\u201d: Transelca"},"content":{"rendered":"<p class=\"elheraldo__StyledParagraph-sc-60z8lc-1 ceHSqO article-body__paragraph\">La gerente general de Transelca, Brenda Rodr\u00edguez, sostuvo durante la Feria de Energ\u00edas Renovables de SER Colombia que toda la regi\u00f3n Caribe est\u00e1 declarada en emergencia por el agotamiento de las redes el\u00e9ctricas.<\/p>\n<p class=\"elheraldo__StyledParagraph-sc-60z8lc-1 ceHSqO article-body__paragraph\">\u201cEsto lo estamos atendiendo y manejando con especial cuidado. En los \u00faltimos a\u00f1os se hab\u00eda venido advirtiendo de esta situaci\u00f3n por la falta de inversi\u00f3n estatal para tener una mejor infraestructura de transmisi\u00f3n energ\u00e9tica, lo cual puede generar problemas de transmisi\u00f3n\u201d, precis\u00f3 Rodr\u00edguez en su intervenci\u00f3n que fue durante un panel de la agenda.<\/p>\n<p>En ese sentido, agreg\u00f3 que justamente la regi\u00f3n Caribe representa una demanda de energ\u00eda del 30 % y recoge el 80 % de las fallas relacionadas con demanda no atendida del pa\u00eds por causa programada.<\/p>\n<p class=\"elheraldo__StyledParagraph-sc-60z8lc-1 ceHSqO article-body__paragraph\">\u201cEso demuestra la gran diferencia que tenemos ac\u00e1 frente a las otras regiones del pa\u00eds. La Costa Caribe tiene que enfrentar muchos retos y atender a la vez muchos desaf\u00edos que hoy est\u00e1 presentando y viviendo la mayor\u00eda de sus municipios en los siete departamentos coste\u00f1os\u201d, se\u00f1al\u00f3.<\/p>\n<p class=\"elheraldo__StyledParagraph-sc-60z8lc-1 ceHSqO article-body__paragraph\">Tambi\u00e9n se\u00f1al\u00f3 como punto negativo que el desarrollo de la infraestructura el\u00e9ctrica no acompa\u00f1a en ese crecimiento a la regi\u00f3n.<\/p>\n<p class=\"elheraldo__StyledParagraph-sc-60z8lc-1 ceHSqO article-body__paragraph\">\u201cNo solo no nos acompa\u00f1a, estamos absolutamente rezagados, raz\u00f3n por la cual hoy no tenemos condiciones de que nos est\u00e9n respaldando con confiabilidad y seguridad. Parte de esa situaci\u00f3n de la infraestructura, existen unas condiciones estructurales y consideraciones particulares, sobre todo en las subestaciones, que requieren reconfigurarse para brindarle mayor confiablidad al sistema energ\u00e9tico coste\u00f1o, por ejemplo, reconfigurar subestaciones en anillo, las altas cargas radiales y los niveles de alto circuito, lo cual se vive muy fuerte en la Costa Caribe.\u201d, socializ\u00f3.<\/p>\n","protected":false},"excerpt":{"rendered":"<p>La gerente general de Transelca, Brenda Rodr\u00edguez, sostuvo durante la Feria de Energ\u00edas Renovables de SER Colombia que toda la regi\u00f3n Caribe est\u00e1 declarada en emergencia por el agotamiento de las redes el\u00e9ctricas. \u201cEsto lo estamos atendiendo y manejando con especial cuidado. En los \u00faltimos a\u00f1os se hab\u00eda venido advirtiendo de esta situaci\u00f3n por la<\/p>\n","protected":false},"author":1,"featured_media":13173,"comment_status":"closed","ping_status":"closed","sticky":false,"template":"","format":"standard","meta":{"footnotes":""},"categories":[342,181],"tags":[],"class_list":["post-13172","post","type-post","status-publish","format-standard","has-post-thumbnail","hentry","category-news","category-noticias"],"views":19,"_links":{"self":[{"href":"https:\/\/www.amchambaq.com\/es_co\/wp-json\/wp\/v2\/posts\/13172","targetHints":{"allow":["GET"]}}],"collection":[{"href":"https:\/\/www.amchambaq.com\/es_co\/wp-json\/wp\/v2\/posts"}],"about":[{"href":"https:\/\/www.amchambaq.com\/es_co\/wp-json\/wp\/v2\/types\/post"}],"author":[{"embeddable":true,"href":"https:\/\/www.amchambaq.com\/es_co\/wp-json\/wp\/v2\/users\/1"}],"replies":[{"embeddable":true,"href":"https:\/\/www.amchambaq.com\/es_co\/wp-json\/wp\/v2\/comments?post=13172"}],"version-history":[{"count":1,"href":"https:\/\/www.amchambaq.com\/es_co\/wp-json\/wp\/v2\/posts\/13172\/revisions"}],"predecessor-version":[{"id":13174,"href":"https:\/\/www.amchambaq.com\/es_co\/wp-json\/wp\/v2\/posts\/13172\/revisions\/13174"}],"wp:featuredmedia":[{"embeddable":true,"href":"https:\/\/www.amchambaq.com\/es_co\/wp-json\/wp\/v2\/media\/13173"}],"wp:attachment":[{"href":"https:\/\/www.amchambaq.com\/es_co\/wp-json\/wp\/v2\/media?parent=13172"}],"wp:term":[{"taxonomy":"category","embeddable":true,"href":"https:\/\/www.amchambaq.com\/es_co\/wp-json\/wp\/v2\/categories?post=13172"},{"taxonomy":"post_tag","embeddable":true,"href":"https:\/\/www.amchambaq.com\/es_co\/wp-json\/wp\/v2\/tags?post=13172"}],"curies":[{"name":"wp","href":"https:\/\/api.w.org\/{rel}","templated":true}]}}