{"id":13165,"date":"2025-05-22T15:55:30","date_gmt":"2025-05-22T20:55:30","guid":{"rendered":"https:\/\/www.amchambaq.com\/?p=13165"},"modified":"2025-05-22T15:55:30","modified_gmt":"2025-05-22T20:55:30","slug":"se-debe-trabajar-para-facilitar-el-comercio-con-estados-unidos-asamblea-de-amcham","status":"publish","type":"post","link":"https:\/\/www.amchambaq.com\/es_co\/se-debe-trabajar-para-facilitar-el-comercio-con-estados-unidos-asamblea-de-amcham\/","title":{"rendered":"\u201cSe debe trabajar para facilitar el comercio con Estados Unidos\u201d: Asamblea de AmCham"},"content":{"rendered":"<p>El trabajo que se realice para facilitar el comercio con\u00a0<b>Estados Unidos<\/b>\u00a0es vital para mantener las relaciones con el pa\u00eds norteamericano de la mejor manera. Esta fue una de las reflexiones m\u00e1s relevantes que se llev\u00f3 a cabo ayer en la Asamblea de Afiliados que fue organizada por\u00a0<b>AmCham Atl\u00e1ntico y Magdalena.<\/b><\/p>\n<p>En dicha asamblea, se destac\u00f3 el trabajo que se viene desarrollando Colombia en conjunto con Estados Unidos para poder hacer una facilitaci\u00f3n del comercio entre los dos pa\u00edses. Y dentro de eso hay unos pendientes desde el punto de vista de Estados Unidos y unos pendientes desde el punto de vista de Colombia.<\/p>\n<p class=\"elheraldo__StyledParagraph-sc-60z8lc-1 ceHSqO article-body__paragraph\">Una de las exponentes del tema fue la presidenta de AmCham Colombia,\u00a0<b>Mar\u00eda Claudia Lacouture<\/b>, quien se\u00f1al\u00f3 que el proceso que se viene trabajando en conjunto con la Embajada es c\u00f3mo se logran hacer acciones que permitan reducir esos pendientes y que se pueda fortalecer esa relaci\u00f3n binacional desde el punto de vista empresarial.<\/p>\n<p class=\"elheraldo__StyledParagraph-sc-60z8lc-1 ceHSqO article-body__paragraph\">No obstante, expres\u00f3 que con Estados Unidos hay varios puntos en rojo, uno de ellos es relacionado con los aranceles.<\/p>\n<p class=\"elheraldo__StyledParagraph-sc-60z8lc-1 ceHSqO article-body__paragraph\">\u201cTenemos que resaltar que gracias al acuerdo comercial, Colombia arranca con un arancel del 0 % y se le suma el 10 % para todos los pa\u00edses que fue establecido. Para pa\u00edses que comenzaban con un arancel, por ejemplo Ecuador, del 6,8 % para las flores, el arancel que empieza a pagar o empez\u00f3 a pagar es del 16, 8%, mientras que las flores colombianas mantienen un 10 %. Por eso dentro del an\u00e1lisis hemos establecido que el 87 % de la canasta exportadora tiene un impacto limitado, 51 % de la canasta est\u00e1 exenta de arancel, el 49 % tiene un arancel del 10 %, sin embargo\u00a0<b>la competencia comienza igualitaria a c\u00f3mo estaba anteriormente<\/b>, por lo tanto presenta unos beneficios para Colombia y en algunos casos es a\u00fan mejor el arancel que tiene Colombia versus su competencia\u201d, dijo Lacouture.<\/p>\n<p class=\"elheraldo__StyledParagraph-sc-60z8lc-1 ceHSqO article-body__paragraph\">En la Asamblea, el embajador (e) de EE. UU. en Colombia,<b>\u00a0John McNamara<\/b>, dio un breve discurso a trav\u00e9s de un video, se\u00f1alando que la colaboraci\u00f3n econ\u00f3mica es uno de los pilares m\u00e1s importantes de la relaci\u00f3n bilateral con Colombia.<\/p>\n<p class=\"elheraldo__StyledParagraph-sc-60z8lc-1 ceHSqO article-body__paragraph\">\u201cLos lazos comerciales entre Colombia y Estados Unidos abarcan d\u00e9cadas y siguen produciendo cosas importantes como el impulso econ\u00f3mico de todas las empresas\u201d, sostuvo.<\/p>\n<p class=\"elheraldo__StyledParagraph-sc-60z8lc-1 ceHSqO article-body__paragraph\">Por su parte,<b>\u00a0Shawn Flatt<\/b>, consejero econ\u00f3mico de la Embajada de Estados Unidos en Colombia, sostuvo que hay temas como la adhesi\u00f3n de Colombia a la Ruta de la Seda que incomodan a Estados Unidos, y record\u00f3 que eso puede ser \u201ccontraproducente\u201d.<\/p>\n<p>Tomado de: EL HERALDO<\/p>\n","protected":false},"excerpt":{"rendered":"<p>El trabajo que se realice para facilitar el comercio con\u00a0Estados Unidos\u00a0es vital para mantener las relaciones con el pa\u00eds norteamericano de la mejor manera. Esta fue una de las reflexiones m\u00e1s relevantes que se llev\u00f3 a cabo ayer en la Asamblea de Afiliados que fue organizada por\u00a0AmCham Atl\u00e1ntico y Magdalena. En dicha asamblea, se destac\u00f3<\/p>\n","protected":false},"author":1,"featured_media":13166,"comment_status":"closed","ping_status":"closed","sticky":false,"template":"","format":"standard","meta":{"footnotes":""},"categories":[342,181],"tags":[],"class_list":["post-13165","post","type-post","status-publish","format-standard","has-post-thumbnail","hentry","category-news","category-noticias"],"views":26,"_links":{"self":[{"href":"https:\/\/www.amchambaq.com\/es_co\/wp-json\/wp\/v2\/posts\/13165","targetHints":{"allow":["GET"]}}],"collection":[{"href":"https:\/\/www.amchambaq.com\/es_co\/wp-json\/wp\/v2\/posts"}],"about":[{"href":"https:\/\/www.amchambaq.com\/es_co\/wp-json\/wp\/v2\/types\/post"}],"author":[{"embeddable":true,"href":"https:\/\/www.amchambaq.com\/es_co\/wp-json\/wp\/v2\/users\/1"}],"replies":[{"embeddable":true,"href":"https:\/\/www.amchambaq.com\/es_co\/wp-json\/wp\/v2\/comments?post=13165"}],"version-history":[{"count":1,"href":"https:\/\/www.amchambaq.com\/es_co\/wp-json\/wp\/v2\/posts\/13165\/revisions"}],"predecessor-version":[{"id":13167,"href":"https:\/\/www.amchambaq.com\/es_co\/wp-json\/wp\/v2\/posts\/13165\/revisions\/13167"}],"wp:featuredmedia":[{"embeddable":true,"href":"https:\/\/www.amchambaq.com\/es_co\/wp-json\/wp\/v2\/media\/13166"}],"wp:attachment":[{"href":"https:\/\/www.amchambaq.com\/es_co\/wp-json\/wp\/v2\/media?parent=13165"}],"wp:term":[{"taxonomy":"category","embeddable":true,"href":"https:\/\/www.amchambaq.com\/es_co\/wp-json\/wp\/v2\/categories?post=13165"},{"taxonomy":"post_tag","embeddable":true,"href":"https:\/\/www.amchambaq.com\/es_co\/wp-json\/wp\/v2\/tags?post=13165"}],"curies":[{"name":"wp","href":"https:\/\/api.w.org\/{rel}","templated":true}]}}