{"id":13109,"date":"2025-04-16T14:44:40","date_gmt":"2025-04-16T19:44:40","guid":{"rendered":"https:\/\/www.amchambaq.com\/?p=13109"},"modified":"2025-04-16T14:44:40","modified_gmt":"2025-04-16T19:44:40","slug":"en-barranquilla-se-realizara-el-encuentro-de-sostenibilidad-del-caribe","status":"publish","type":"post","link":"https:\/\/www.amchambaq.com\/es_co\/en-barranquilla-se-realizara-el-encuentro-de-sostenibilidad-del-caribe\/","title":{"rendered":"En Barranquilla se realizar\u00e1 el Encuentro de Sostenibilidad del Caribe"},"content":{"rendered":"<p>El evento es organizado por Pacto Global Red Colombia en alianza con Triple A y la Universidad del Norte. Se cumplir\u00e1 el pr\u00f3ximo 22 de mayo.<\/p>\n<p>Barranquilla ser\u00e1 sede, el pr\u00f3ximo 22 de mayo, del Encuentro de Sostenibilidad del Caribe. Se trata de un espacio que permitir\u00e1 visibilizar las soluciones transformadoras que se vienen gestando desde los territorios.<\/p>\n<p>En esta conversaci\u00f3n participar\u00e1n l\u00edderes empresariales, acad\u00e9micos, entidades p\u00fablicas y representantes de la sociedad civil para compartir experiencias reales que est\u00e1n generando impactos positivos en los departamentos del Atl\u00e1ntico, Bol\u00edvar y Magdalena.<\/p>\n<p>El evento es organizado por Pacto Global Red Colombia en alianza con Triple A y la Universidad del Norte, con el objetivo de posicionar al Caribe como un referente en la implementaci\u00f3n de pr\u00e1cticas sostenibles que responde a los desaf\u00edos actuales bajo los criterios ASG (Ambientales, Sociales y de Gobernanza).<\/p>\n<p>En ese sentido, el encuentro se desarrollar\u00e1 con base a tres ejes fundamentales: ambiental, social y gobernanza. En el primero se abordar\u00e1n aspectos como econom\u00eda circular, gesti\u00f3n eficiente del agua y conservaci\u00f3n de los ecosistemas del Caribe.<\/p>\n<p>Asimismo, habr\u00e1 reflexiones alrededor de proyectos que promueven la inclusi\u00f3n, la equidad y el bienestar comunitario, as\u00ed como de modelos de liderazgo transparente, rendici\u00f3n de cuentas y responsabilidad empresarial.<\/p>\n<p>Es de anotar que, a trav\u00e9s de paneles tem\u00e1ticos y casos de \u00e9xito, los asistentes conocer\u00e1n iniciativas locales que han logrado transformar comunidades, optimizar el uso de recursos naturales y fortalecer modelos de gesti\u00f3n \u00e9tica y responsable.<\/p>\n<p>\u201cEste es un evento con el ADN vibrante del Caribe, donde se construyen puentes entre sectores y se activan soluciones que nacen desde lo local, pero que pueden escalar a nivel nacional e internacional\u201d, expusieron los organizadores.<\/p>\n<p>La participaci\u00f3n es gratuita con inscripci\u00f3n previa y se espera una asistencia masiva, incluyendo j\u00f3venes, emprendedores, investigadores y ciudadanos comprometidos con la transformaci\u00f3n de sus territorios.<\/p>\n<p>Tomado de: El Heraldo<\/p>\n","protected":false},"excerpt":{"rendered":"<p>El evento es organizado por Pacto Global Red Colombia en alianza con Triple A y la Universidad del Norte. Se cumplir\u00e1 el pr\u00f3ximo 22 de mayo. Barranquilla ser\u00e1 sede, el pr\u00f3ximo 22 de mayo, del Encuentro de Sostenibilidad del Caribe. Se trata de un espacio que permitir\u00e1 visibilizar las soluciones transformadoras que se vienen gestando<\/p>\n","protected":false},"author":1,"featured_media":13110,"comment_status":"closed","ping_status":"closed","sticky":false,"template":"","format":"standard","meta":{"footnotes":""},"categories":[342,181],"tags":[],"class_list":["post-13109","post","type-post","status-publish","format-standard","has-post-thumbnail","hentry","category-news","category-noticias"],"views":18,"_links":{"self":[{"href":"https:\/\/www.amchambaq.com\/es_co\/wp-json\/wp\/v2\/posts\/13109","targetHints":{"allow":["GET"]}}],"collection":[{"href":"https:\/\/www.amchambaq.com\/es_co\/wp-json\/wp\/v2\/posts"}],"about":[{"href":"https:\/\/www.amchambaq.com\/es_co\/wp-json\/wp\/v2\/types\/post"}],"author":[{"embeddable":true,"href":"https:\/\/www.amchambaq.com\/es_co\/wp-json\/wp\/v2\/users\/1"}],"replies":[{"embeddable":true,"href":"https:\/\/www.amchambaq.com\/es_co\/wp-json\/wp\/v2\/comments?post=13109"}],"version-history":[{"count":1,"href":"https:\/\/www.amchambaq.com\/es_co\/wp-json\/wp\/v2\/posts\/13109\/revisions"}],"predecessor-version":[{"id":13112,"href":"https:\/\/www.amchambaq.com\/es_co\/wp-json\/wp\/v2\/posts\/13109\/revisions\/13112"}],"wp:featuredmedia":[{"embeddable":true,"href":"https:\/\/www.amchambaq.com\/es_co\/wp-json\/wp\/v2\/media\/13110"}],"wp:attachment":[{"href":"https:\/\/www.amchambaq.com\/es_co\/wp-json\/wp\/v2\/media?parent=13109"}],"wp:term":[{"taxonomy":"category","embeddable":true,"href":"https:\/\/www.amchambaq.com\/es_co\/wp-json\/wp\/v2\/categories?post=13109"},{"taxonomy":"post_tag","embeddable":true,"href":"https:\/\/www.amchambaq.com\/es_co\/wp-json\/wp\/v2\/tags?post=13109"}],"curies":[{"name":"wp","href":"https:\/\/api.w.org\/{rel}","templated":true}]}}