{"id":13016,"date":"2025-03-12T10:51:13","date_gmt":"2025-03-12T15:51:13","guid":{"rendered":"https:\/\/www.amchambaq.com\/?p=13016"},"modified":"2025-03-12T10:51:13","modified_gmt":"2025-03-12T15:51:13","slug":"la-inflacion-se-modera-en-febrero-en-estados-unidos-hasta-el-28","status":"publish","type":"post","link":"https:\/\/www.amchambaq.com\/es_co\/la-inflacion-se-modera-en-febrero-en-estados-unidos-hasta-el-28\/","title":{"rendered":"La inflaci\u00f3n se modera en febrero en Estados Unidos hasta el 2,8 %"},"content":{"rendered":"<p class=\"elheraldo__StyledParagraph-sc-60z8lc-1 ceHSqO article-body__paragraph\">El<b>\u00a0\u00cdndice de Precios al Consumo (IPC)<\/b>\u00a0de\u00a0<b>Estados Unidos\u00a0<\/b>baj\u00f3 en febrero al 2,8 % interanual, lo que supone una moderaci\u00f3n de dos d\u00e9cimas de la inflaci\u00f3n frente al dato de enero, seg\u00fan datos publicados este mi\u00e9rcoles por el\u00a0<b>Bur\u00f3 de Estad\u00edsticas Laborales (BLS).<\/b><\/p>\n<p class=\"elheraldo__StyledParagraph-sc-60z8lc-1 ceHSqO article-body__paragraph\">El dato subyacente, que excluye los\u00a0<b>alimentos\u00a0<\/b>y la\u00a0<b>energ\u00eda\u00a0<\/b>por su volatilidad, fue del 3,1 %, dos d\u00e9cimas menos que en enero y el dato m\u00e1s bajo desde abril de 2021.<\/p>\n<p class=\"elheraldo__StyledParagraph-sc-60z8lc-1 ceHSqO article-body__paragraph\">Los n\u00fameros de\u00a0<b>inflaci\u00f3n\u00a0<\/b>conocidos hoy son mejores de lo que esperaban los analistas, que manten\u00edan su preocupaci\u00f3n por el efecto de la pol\u00edtica arancelaria de la nueva administraci\u00f3n de\u00a0<b>Donald Trump<\/b>, que este mismo mi\u00e9rcoles impuso aranceles del 25 % a todas sus importaciones de\u00a0<b>acero\u00a0<\/b>y\u00a0<b>aluminio<\/b>.<\/p>\n<p class=\"elheraldo__StyledParagraph-sc-60z8lc-1 ceHSqO article-body__paragraph\">La\u00a0<b>inflaci\u00f3n\u00a0<\/b>mes a mes fue en enero del 0,2 %, por debajo del 0,5 % registrado en\u00a0<b>enero<\/b>, mientras que la mayor casi la mitad de la subida de los precios en este segundo se debi\u00f3 al aumento en el coste de la vivienda, que fue de un 0,3 %.<\/p>\n<p class=\"elheraldo__StyledParagraph-sc-60z8lc-1 ceHSqO article-body__paragraph\">En el lado de las ca\u00eddas, algo que compens\u00f3 el aumento en\u00a0<b>vivienda<\/b>, destac\u00f3 la bajada del 4 % en coste de billetes de avi\u00f3n o de la\u00a0<b>gasolina<\/b>.<\/p>\n<p class=\"elheraldo__StyledParagraph-sc-60z8lc-1 ceHSqO article-body__paragraph\">No obstante, los precios de la\u00a0<b>energ\u00eda\u00a0<\/b>aumentaron un 0,2 % intermensual por las subidas de la electricidad y del importante gas natural.<\/p>\n<p class=\"elheraldo__StyledParagraph-sc-60z8lc-1 ceHSqO article-body__paragraph\">El coste de la\u00a0<b>alimentaci\u00f3n\u00a0<\/b>aument\u00f3 un 0,2 % en febrero comparado con enero y en tasa interanual acumul\u00f3 un aumento del 2,6 %.<\/p>\n<p class=\"elheraldo__StyledParagraph-sc-60z8lc-1 ceHSqO article-body__paragraph\">El positivo dato de la moderaci\u00f3n de la\u00a0<b>inflaci\u00f3n\u00a0<\/b>supone un respiro para una semana de constantes ca\u00eddas en los mercados burs\u00e1tiles por la falta de claridad sobre la pol\u00edtica arancelaria de Trump y el efecto que estas barreras al comercio pueda tener sobre los precios y la evoluci\u00f3n de las empresas.<\/p>\n<p class=\"elheraldo__StyledParagraph-sc-60z8lc-1 ceHSqO article-body__paragraph\">Trump ha pospuesto en dos ocasiones el grueso de los aranceles al comercio con sus socios del tratado de libre comercio del T-MEC,\u00a0<b>Canad\u00e1\u00a0<\/b>y\u00a0<b>M\u00e9xico<\/b>, algo que para las cadenas de suministros fuertemente integradas de la\u00a0<b>industria estadounidense\u00a0<\/b>supondr\u00eda el caos.<\/p>\n<p class=\"elheraldo__StyledParagraph-sc-60z8lc-1 ceHSqO article-body__paragraph\">Este mismo martes entraron en vigor nuevos aranceles al aluminio y el acero, que ha provocado respuesta de otros socios estadounidenses, como la\u00a0<b>Uni\u00f3n Europea<\/b>, mientras que\u00a0<b>China<\/b>, origen de una gran parte de las importaciones estadounidenses, los aranceles generales han aumentado un 20 %.<\/p>\n<p class=\"elheraldo__StyledParagraph-sc-60z8lc-1 ceHSqO article-body__paragraph\">La\u00a0<b>Reserva Federal (Fed),\u00a0<\/b>que ha dicho que espera claridad de la nueva administraci\u00f3n, observa muy de cerca la evoluci\u00f3n de los precios para tomar sus decisiones en pol\u00edtica monetaria.<\/p>\n<p class=\"elheraldo__StyledParagraph-sc-60z8lc-1 ceHSqO article-body__paragraph\">La persistente\u00a0<b>inflaci\u00f3n<\/b>, que sigue lejos del objetivo de 2 %, y la buena marcha del crecimiento y el\u00a0<b>empleo<\/b>, ha llevado a la\u00a0<b>Fed\u00a0<\/b>a pausar, por el momento, las bajadas de tipos de inter\u00e9s que inici\u00f3 el pasado septiembre.<\/p>\n<div class=\"elheraldo__StyledRecommendedCard-sc-x7jz2p-0 bYvFrn recommended-card\">\n<h2 class=\"ingl-heading elheraldo__StyledHeadline-sc-x7jz2p-1 lWnCI\"><\/h2>\n<\/div>\n","protected":false},"excerpt":{"rendered":"<p>El\u00a0\u00cdndice de Precios al Consumo (IPC)\u00a0de\u00a0Estados Unidos\u00a0baj\u00f3 en febrero al 2,8 % interanual, lo que supone una moderaci\u00f3n de dos d\u00e9cimas de la inflaci\u00f3n frente al dato de enero, seg\u00fan datos publicados este mi\u00e9rcoles por el\u00a0Bur\u00f3 de Estad\u00edsticas Laborales (BLS). El dato subyacente, que excluye los\u00a0alimentos\u00a0y la\u00a0energ\u00eda\u00a0por su volatilidad, fue del 3,1 %, dos d\u00e9cimas<\/p>\n","protected":false},"author":1,"featured_media":13017,"comment_status":"closed","ping_status":"closed","sticky":false,"template":"","format":"standard","meta":{"footnotes":""},"categories":[342,181],"tags":[],"class_list":["post-13016","post","type-post","status-publish","format-standard","has-post-thumbnail","hentry","category-news","category-noticias"],"views":23,"_links":{"self":[{"href":"https:\/\/www.amchambaq.com\/es_co\/wp-json\/wp\/v2\/posts\/13016","targetHints":{"allow":["GET"]}}],"collection":[{"href":"https:\/\/www.amchambaq.com\/es_co\/wp-json\/wp\/v2\/posts"}],"about":[{"href":"https:\/\/www.amchambaq.com\/es_co\/wp-json\/wp\/v2\/types\/post"}],"author":[{"embeddable":true,"href":"https:\/\/www.amchambaq.com\/es_co\/wp-json\/wp\/v2\/users\/1"}],"replies":[{"embeddable":true,"href":"https:\/\/www.amchambaq.com\/es_co\/wp-json\/wp\/v2\/comments?post=13016"}],"version-history":[{"count":1,"href":"https:\/\/www.amchambaq.com\/es_co\/wp-json\/wp\/v2\/posts\/13016\/revisions"}],"predecessor-version":[{"id":13018,"href":"https:\/\/www.amchambaq.com\/es_co\/wp-json\/wp\/v2\/posts\/13016\/revisions\/13018"}],"wp:featuredmedia":[{"embeddable":true,"href":"https:\/\/www.amchambaq.com\/es_co\/wp-json\/wp\/v2\/media\/13017"}],"wp:attachment":[{"href":"https:\/\/www.amchambaq.com\/es_co\/wp-json\/wp\/v2\/media?parent=13016"}],"wp:term":[{"taxonomy":"category","embeddable":true,"href":"https:\/\/www.amchambaq.com\/es_co\/wp-json\/wp\/v2\/categories?post=13016"},{"taxonomy":"post_tag","embeddable":true,"href":"https:\/\/www.amchambaq.com\/es_co\/wp-json\/wp\/v2\/tags?post=13016"}],"curies":[{"name":"wp","href":"https:\/\/api.w.org\/{rel}","templated":true}]}}