{"id":13005,"date":"2025-03-05T16:33:05","date_gmt":"2025-03-05T21:33:05","guid":{"rendered":"https:\/\/www.amchambaq.com\/?p=13005"},"modified":"2025-03-05T16:33:05","modified_gmt":"2025-03-05T21:33:05","slug":"cafe-flores-y-aguacate-entre-los-productos-colombianos-que-podrian-verse-afectados-por-aranceles-de-trump","status":"publish","type":"post","link":"https:\/\/www.amchambaq.com\/es_co\/cafe-flores-y-aguacate-entre-los-productos-colombianos-que-podrian-verse-afectados-por-aranceles-de-trump\/","title":{"rendered":"Caf\u00e9, flores y aguacate, entre los productos colombianos que podr\u00edan verse afectados por aranceles de Trump"},"content":{"rendered":"<p class=\"elheraldo__StyledParagraph-sc-60z8lc-1 ceHSqO article-body__paragraph\">A los anuncios que ha realizado el presidente de Estados Unidos,\u00a0<b>Donald Trump<\/b>, sobre la imposici\u00f3n arancelaria del 25 % a los exportaciones procedentes de\u00a0<b>M\u00e9xico y Canad\u00e1<\/b>\u00a0y otro 10 % a los bienes que China exporta a dicho pa\u00eds, tambi\u00e9n se le suma la decisi\u00f3n de imponer aranceles a las importaciones de productos agr\u00edcolas a partir del 2 de abril, en lo que supone su \u00faltima amenaza sobre barreras comerciales a los bienes que otros pa\u00edses venden en Estados Unidos.<\/p>\n<p class=\"elheraldo__StyledParagraph-sc-60z8lc-1 ceHSqO article-body__paragraph\">Aunque todav\u00eda no se sabe con exactitud cu\u00e1les ser\u00e1n esos productos y pa\u00edses afectados, la realidad es que esto ha generado reacciones por parte de gremios y expertos sobre las<b>\u00a0posibles afectaciones que esto tendr\u00eda para Colombia.<\/b><\/p>\n<div class=\"elheraldo__StyledRecommendedCard-sc-x7jz2p-0 bYvFrn recommended-card\">\n<p class=\"elheraldo__StyledParagraph-sc-60z8lc-1 ceHSqO article-body__paragraph\">El primero fue el presidente de la Asociaci\u00f3n Nacional de Comercio Exterior (<b>Analdex<\/b>),\u00a0<b>Javier D\u00edaz,<\/b>\u00a0quien tiene la esperanza de que esto no tenga ning\u00fan tipo de afectaci\u00f3n, pero, de ser Colombia incluida en la lista de pa\u00edses donde se aplique el arancel, los productos m\u00e1s afectados ser\u00edan el<b>\u00a0caf\u00e9 y las flores.<\/b><\/p>\n<p class=\"elheraldo__StyledParagraph-sc-60z8lc-1 ceHSqO article-body__paragraph\">\u201cEste se ver\u00eda muy afectado, ya que el 40 % de nuestras exportaciones de caf\u00e9 verde va a los Estados Unidos. Tambi\u00e9n el caso de las flores, ya que el 90 % de estas ventas externas van para ese pa\u00eds. Estamos abriendo el mercado de Estados Unidos para el aguacate, una buena parte va para Europa, pero el mercado promisorio es el de Estados Unidos. Una serie de frutas que est\u00e1n igualmente ingresando al mercado de Estados Unidos como<b>\u00a0el lim\u00f3n tahit\u00ed, ar\u00e1ndanos, uchuva y gulupa.<\/b>\u00a0Estas las producen peque\u00f1os productores en Colombia, y que, de convertirse en realidad este arancel, afectar\u00eda estas producciones\u201d, detall\u00f3 el presidente de Analdex.<\/p>\n<p class=\"elheraldo__StyledParagraph-sc-60z8lc-1 ceHSqO article-body__paragraph\">Por su parte, el ex ministro de Hacienda\u00a0<b>Jos\u00e9 Manuel Restrepo\u00a0<\/b>sentenci\u00f3 que no es una buena noticia para el mundo y vendr\u00e1 una guerra comercial innecesaria. \u201cDesde la perspectiva de Colombia, posiblemente una oportunidad para sustituir mercados con bienes m\u00e1s baratos. Ojal\u00e1 la aprovechemos\u201d.<\/p>\n<article class=\"elheraldo__StyledArticle-sc-60z8lc-0 cysvwN article-body\">\n<p class=\"elheraldo__StyledParagraph-sc-60z8lc-1 ceHSqO article-body__paragraph\">En di\u00e1logo con Blu Radio, el ministro de Comercio,\u00a0<b>Luis Carlos Reyes,<\/b>\u00a0descart\u00f3 la posibilidad de que Colombia reaccione a las medidas con otros aranceles pues, dijo, el Gobierno \u201cquiere respetar los acuerdos de libre comercio que mantiene con el pa\u00eds norteamericano\u201d.<\/p>\n<\/article>\n<div class=\"elheraldo__StyledArticleTags-sc-v5q4tv-0 jTSPqC article-tags-bar\"><\/div>\n<\/div>\n","protected":false},"excerpt":{"rendered":"<p>A los anuncios que ha realizado el presidente de Estados Unidos,\u00a0Donald Trump, sobre la imposici\u00f3n arancelaria del 25 % a los exportaciones procedentes de\u00a0M\u00e9xico y Canad\u00e1\u00a0y otro 10 % a los bienes que China exporta a dicho pa\u00eds, tambi\u00e9n se le suma la decisi\u00f3n de imponer aranceles a las importaciones de productos agr\u00edcolas a partir<\/p>\n","protected":false},"author":1,"featured_media":13006,"comment_status":"closed","ping_status":"closed","sticky":false,"template":"","format":"standard","meta":{"footnotes":""},"categories":[342,181],"tags":[],"class_list":["post-13005","post","type-post","status-publish","format-standard","has-post-thumbnail","hentry","category-news","category-noticias"],"views":42,"_links":{"self":[{"href":"https:\/\/www.amchambaq.com\/es_co\/wp-json\/wp\/v2\/posts\/13005","targetHints":{"allow":["GET"]}}],"collection":[{"href":"https:\/\/www.amchambaq.com\/es_co\/wp-json\/wp\/v2\/posts"}],"about":[{"href":"https:\/\/www.amchambaq.com\/es_co\/wp-json\/wp\/v2\/types\/post"}],"author":[{"embeddable":true,"href":"https:\/\/www.amchambaq.com\/es_co\/wp-json\/wp\/v2\/users\/1"}],"replies":[{"embeddable":true,"href":"https:\/\/www.amchambaq.com\/es_co\/wp-json\/wp\/v2\/comments?post=13005"}],"version-history":[{"count":1,"href":"https:\/\/www.amchambaq.com\/es_co\/wp-json\/wp\/v2\/posts\/13005\/revisions"}],"predecessor-version":[{"id":13007,"href":"https:\/\/www.amchambaq.com\/es_co\/wp-json\/wp\/v2\/posts\/13005\/revisions\/13007"}],"wp:featuredmedia":[{"embeddable":true,"href":"https:\/\/www.amchambaq.com\/es_co\/wp-json\/wp\/v2\/media\/13006"}],"wp:attachment":[{"href":"https:\/\/www.amchambaq.com\/es_co\/wp-json\/wp\/v2\/media?parent=13005"}],"wp:term":[{"taxonomy":"category","embeddable":true,"href":"https:\/\/www.amchambaq.com\/es_co\/wp-json\/wp\/v2\/categories?post=13005"},{"taxonomy":"post_tag","embeddable":true,"href":"https:\/\/www.amchambaq.com\/es_co\/wp-json\/wp\/v2\/tags?post=13005"}],"curies":[{"name":"wp","href":"https:\/\/api.w.org\/{rel}","templated":true}]}}