{"id":12913,"date":"2025-01-30T10:28:20","date_gmt":"2025-01-30T15:28:20","guid":{"rendered":"https:\/\/www.amchambaq.com\/?p=12913"},"modified":"2025-01-30T10:28:20","modified_gmt":"2025-01-30T15:28:20","slug":"tramite-de-visas-para-estados-unidos-se-reactivaria-hoy-asi-funcionaria","status":"publish","type":"post","link":"https:\/\/www.amchambaq.com\/es_co\/tramite-de-visas-para-estados-unidos-se-reactivaria-hoy-asi-funcionaria\/","title":{"rendered":"Tr\u00e1mite de visas para Estados Unidos se reactivar\u00eda hoy: as\u00ed funcionar\u00eda"},"content":{"rendered":"<p>La crisis diplom\u00e1tica entre Estados Unidos y Colombia aplaz\u00f3 las citas para el tr\u00e1mite de visas americana. Ambos gobiernos han trabajado para reestablecer el servicio.<\/p>\n<p>Luego de que, a trav\u00e9s de X, el presidente Gustavo Petro criticara la forma en que el Gobierno de Estados Unidos hacia el proceso de deportaci\u00f3n de connacionales, las relaciones diplom\u00e1ticas entraron en riesgo y la Embajada de ese pa\u00eds suspendi\u00f3 de forma parcial el tr\u00e1mite de visas en Colombia.<\/p>\n<p>Pero, seg\u00fan confirm\u00f3 el director del servicio informativo de Blu Radio, Ricardo Ospina, a partir de hoy o desde este viernes, 31 de enero, podr\u00eda reactivarse nuevamente el proceso de tr\u00e1mites de visas en la Embajada de Estados Unidos. Sin embargo, no funcionar\u00eda igual que siempre, sino que dicha reactivaci\u00f3n ser\u00eda progresiva.<\/p>\n<p>&#8220;Si no es este viernes, podr\u00eda ser desde el lunes de la pr\u00f3xima semana. Esto se debe principalmente a que Colombia ya cumpli\u00f3 el requisito, ya recibi\u00f3 los 361 deportados. El compromiso era ese, rec\u00edbalos todos y reestablecemos el servicio de visas&#8221;, cont\u00f3 en Ma\u00f1anas Blu.<\/p>\n<p>Por otro lado, esto se debe a que reuni\u00f3n que sostuvieron el canciller saliente, Luis Gilberto Murillo, y el embajador en Washington, Daniel Garc\u00eda-Pe\u00f1a, se reunieran en Washington con el responsable del Departamento de Estado para Am\u00e9rica Latina, Mauricio Claver-Carone, se avanz\u00f3 tras el acuerdo e implementaci\u00f3n de acuerdos diplom\u00e1ticos entre los dos pa\u00edses.<\/p>\n<p><strong>\u00bfC\u00f3mo funcionar\u00eda el proceso?<\/strong><br \/>\nEl trabajo ser\u00eda progresiva, es decir, poco a poco laEmbajada de Estados Unidos volver\u00eda a atender citas de colombianos que buscan sacar el documento. Por otro lado, el proceso tendr\u00e1 un cambio paulatino al igual que en la p\u00e1gina web podr\u00edan darse algunos cambios. Las personas con citaci\u00f3n previa para estos d\u00edas recibir\u00edan un correo electr\u00f3nico sobre la informaci\u00f3n de sus citas. Esta informaci\u00f3n no ha sido del todo confirmada y se espera que, en la pr\u00f3ximas horas, den m\u00e1s detalles.<\/p>\n<p><strong>\u00bfPor qu\u00e9 se cancel\u00f3 el tr\u00e1mite de visas?<\/strong><br \/>\nEl pasado domingo, 26 de enero, el presidente Gustavo Petro arremeti\u00f3 contra el Gobierno de Estados Unidos por la forma en que tratan a los deportas que llegan a Colombia, seg\u00fan \u00e9l, encadenados y en una compleja situaci\u00f3n en &#8220;contra de los derechos humanos&#8221;. Por lo tanto, rechaz\u00f3 el aterrizaje de avi\u00f3n americano con colombiano y esto tuvo respuesta del presidente Donald Trump, quien anunci\u00f3 medida en contra de Colombia, como, por ejemplo, a ordenar la imposici\u00f3n de aranceles del 25 % a todos los productos colombianos, adem\u00e1s de otras sanciones de viaje y migratorias.<\/p>\n<p>&#8220;Las sanciones de visas emitidas por el Departamento de Estado y las inspecciones mejoradas de Aduanas y Protecci\u00f3n Fronteriza permanecer\u00e1n vigentes hasta que el primer avi\u00f3n cargado de deportados colombianos sea devuelto con \u00e9xito&#8221;, indic\u00f3 el un documento de la Casa Blanca.<\/p>\n<p>Tomado de: Blu Radio<\/p>\n","protected":false},"excerpt":{"rendered":"<p>La crisis diplom\u00e1tica entre Estados Unidos y Colombia aplaz\u00f3 las citas para el tr\u00e1mite de visas americana. Ambos gobiernos han trabajado para reestablecer el servicio. Luego de que, a trav\u00e9s de X, el presidente Gustavo Petro criticara la forma en que el Gobierno de Estados Unidos hacia el proceso de deportaci\u00f3n de connacionales, las relaciones<\/p>\n","protected":false},"author":1,"featured_media":12914,"comment_status":"closed","ping_status":"closed","sticky":false,"template":"","format":"standard","meta":{"footnotes":""},"categories":[342,181],"tags":[],"class_list":["post-12913","post","type-post","status-publish","format-standard","has-post-thumbnail","hentry","category-news","category-noticias"],"views":43,"_links":{"self":[{"href":"https:\/\/www.amchambaq.com\/es_co\/wp-json\/wp\/v2\/posts\/12913","targetHints":{"allow":["GET"]}}],"collection":[{"href":"https:\/\/www.amchambaq.com\/es_co\/wp-json\/wp\/v2\/posts"}],"about":[{"href":"https:\/\/www.amchambaq.com\/es_co\/wp-json\/wp\/v2\/types\/post"}],"author":[{"embeddable":true,"href":"https:\/\/www.amchambaq.com\/es_co\/wp-json\/wp\/v2\/users\/1"}],"replies":[{"embeddable":true,"href":"https:\/\/www.amchambaq.com\/es_co\/wp-json\/wp\/v2\/comments?post=12913"}],"version-history":[{"count":1,"href":"https:\/\/www.amchambaq.com\/es_co\/wp-json\/wp\/v2\/posts\/12913\/revisions"}],"predecessor-version":[{"id":12915,"href":"https:\/\/www.amchambaq.com\/es_co\/wp-json\/wp\/v2\/posts\/12913\/revisions\/12915"}],"wp:featuredmedia":[{"embeddable":true,"href":"https:\/\/www.amchambaq.com\/es_co\/wp-json\/wp\/v2\/media\/12914"}],"wp:attachment":[{"href":"https:\/\/www.amchambaq.com\/es_co\/wp-json\/wp\/v2\/media?parent=12913"}],"wp:term":[{"taxonomy":"category","embeddable":true,"href":"https:\/\/www.amchambaq.com\/es_co\/wp-json\/wp\/v2\/categories?post=12913"},{"taxonomy":"post_tag","embeddable":true,"href":"https:\/\/www.amchambaq.com\/es_co\/wp-json\/wp\/v2\/tags?post=12913"}],"curies":[{"name":"wp","href":"https:\/\/api.w.org\/{rel}","templated":true}]}}