{"id":12909,"date":"2025-01-29T10:27:39","date_gmt":"2025-01-29T15:27:39","guid":{"rendered":"https:\/\/www.amchambaq.com\/?p=12909"},"modified":"2025-01-29T10:27:39","modified_gmt":"2025-01-29T15:27:39","slug":"este-miercoles-tampoco-habra-citas-para-visas-en-bogota-esto-es-lo-que-se-sabe","status":"publish","type":"post","link":"https:\/\/www.amchambaq.com\/es_co\/este-miercoles-tampoco-habra-citas-para-visas-en-bogota-esto-es-lo-que-se-sabe\/","title":{"rendered":"Este mi\u00e9rcoles tampoco habr\u00e1 citas para visas en Bogot\u00e1: esto es lo que se sabe"},"content":{"rendered":"<p>Aunque los aviones con los deportados ya llegaron al pa\u00eds, a\u00fan no se ha levantado la restricci\u00f3n para solicitantes. Se prev\u00e9 que para el final de la semana podr\u00eda haber noticias al respecto.<\/p>\n<p>La incertidumbre persiste para los solicitantes de visa en Colombia. A pesar de que los vuelos con migrantes deportados desde Estados Unidos ya aterrizaron en el pa\u00eds, el servicio de atenci\u00f3n para solicitud de visas sigue suspendido hoy mi\u00e9rcoles.<\/p>\n<p>Cerca de 10.000 personas se estar\u00edan viendo afectadas por la suspensi\u00f3n de dicho tr\u00e1mite, teniendo en cuenta que al mes, al rededor de 40.000 colombianos solicitan la visa para viajar a los Estados Unidos.<\/p>\n<p>Desde la tarde del domingo 26 de enero, ciudadanos con citas programadas para el lunes 27 y d\u00edas posteriores comenzaron a recibir notificaciones por correo electr\u00f3nico informando la cancelaci\u00f3n de sus entrevistas.<\/p>\n<p>De acuerdo con el Servicio Oficial de Citas para Visas del Departamento de Estado de EE. UU., la suspensi\u00f3n se debi\u00f3 al rechazo inicial del Gobierno de Colombia para recibir vuelos de repatriaci\u00f3n de ciudadanos colombianos, a pesar de que el presidente Gustavo Petro hab\u00eda autorizado previamente estos traslados.<\/p>\n<p>La situaci\u00f3n desencaden\u00f3 toda una serie de medidas que pusieron en jaque a Colombia y a su Gobierno, siendo la suspensi\u00f3n de la atenci\u00f3n a solicitud de visas solo una de ellas. A toda la c\u00fapula del gobierno se le suspendieron sus visas, se impusieron 25 % m\u00e1s de aranceles a los productos colombianos que ingresaban a Estados Unidos y se preve\u00eda que pod\u00eda aumentarse un 25 % m\u00e1s. La situaci\u00f3n que fue resuelta el domingo en la noche, a\u00fan no revoca todas las medidas que siguen bajo reserva.<\/p>\n<p>El caos del 26 de enero ha dejado a miles de solicitantes en un limbo, ya que todas las citas para entrevistas y tr\u00e1mites en el Centro de Atenci\u00f3n a Solicitantes (CAS) programadas desde el 28 de enero han sido canceladas sin una fecha clara de reprogramaci\u00f3n.<\/p>\n<p>Se esperaba que la normalizaci\u00f3n del servicio ocurriera tras el aterrizaje de los aviones con ciudadanos repatriados, pero hasta ahora no ha habido un restablecimiento oficial de la atenci\u00f3n consular.<\/p>\n<p>Sin embargo, aunque los procesos de renovaci\u00f3n y expedici\u00f3n de visas est\u00e1n congelados temporalmente, el Departamento de Estado ha indicado que los solicitantes podr\u00e1n consultar el estado de su tr\u00e1mite una vez se reactive la programaci\u00f3n de citas. La informaci\u00f3n estar\u00e1 disponible en l\u00ednea o v\u00eda telef\u00f3nica, para lo cual los interesados solo necesitar\u00e1n el n\u00famero de recibo de su solicitud.<\/p>\n<p>Entre los m\u00e1s afectados por la medida est\u00e1n los solicitantes de visas B1 y B2, destinadas a viajes de negocios y turismo. Estas visas permiten estancias temporales en Estados Unidos y son las m\u00e1s utilizadas por los colombianos para viajar al pa\u00eds, por lo que su suspensi\u00f3n impacta directamente a quienes ten\u00edan planes de viaje pr\u00f3ximos.<\/p>\n<p>La incertidumbre se mantiene pero los canales diplom\u00e1ticos parecen estar moviliz\u00e1ndose. Por ahora se espera a que la reuni\u00f3n entre el embajador de Colombia para Estados Unidos, la Canciller\u00eda colombiana y la diplomacia norteamericana, tenga lugar para intentar retomar el rumbo normal de las solicitudes. Se prev\u00e9 que para el final de esta semana la atenci\u00f3n a solicitantes retome su curso, aunque se desconoce cual ser\u00e1 la atenci\u00f3n para aquellos que ten\u00edan cita agendada durante estos \u00faltimos d\u00edas.<\/p>\n<p>Tomado de: El Colombiano<\/p>\n","protected":false},"excerpt":{"rendered":"<p>Aunque los aviones con los deportados ya llegaron al pa\u00eds, a\u00fan no se ha levantado la restricci\u00f3n para solicitantes. Se prev\u00e9 que para el final de la semana podr\u00eda haber noticias al respecto. La incertidumbre persiste para los solicitantes de visa en Colombia. A pesar de que los vuelos con migrantes deportados desde Estados Unidos<\/p>\n","protected":false},"author":1,"featured_media":12910,"comment_status":"closed","ping_status":"closed","sticky":false,"template":"","format":"standard","meta":{"footnotes":""},"categories":[342,181],"tags":[],"class_list":["post-12909","post","type-post","status-publish","format-standard","has-post-thumbnail","hentry","category-news","category-noticias"],"views":46,"_links":{"self":[{"href":"https:\/\/www.amchambaq.com\/es_co\/wp-json\/wp\/v2\/posts\/12909","targetHints":{"allow":["GET"]}}],"collection":[{"href":"https:\/\/www.amchambaq.com\/es_co\/wp-json\/wp\/v2\/posts"}],"about":[{"href":"https:\/\/www.amchambaq.com\/es_co\/wp-json\/wp\/v2\/types\/post"}],"author":[{"embeddable":true,"href":"https:\/\/www.amchambaq.com\/es_co\/wp-json\/wp\/v2\/users\/1"}],"replies":[{"embeddable":true,"href":"https:\/\/www.amchambaq.com\/es_co\/wp-json\/wp\/v2\/comments?post=12909"}],"version-history":[{"count":1,"href":"https:\/\/www.amchambaq.com\/es_co\/wp-json\/wp\/v2\/posts\/12909\/revisions"}],"predecessor-version":[{"id":12911,"href":"https:\/\/www.amchambaq.com\/es_co\/wp-json\/wp\/v2\/posts\/12909\/revisions\/12911"}],"wp:featuredmedia":[{"embeddable":true,"href":"https:\/\/www.amchambaq.com\/es_co\/wp-json\/wp\/v2\/media\/12910"}],"wp:attachment":[{"href":"https:\/\/www.amchambaq.com\/es_co\/wp-json\/wp\/v2\/media?parent=12909"}],"wp:term":[{"taxonomy":"category","embeddable":true,"href":"https:\/\/www.amchambaq.com\/es_co\/wp-json\/wp\/v2\/categories?post=12909"},{"taxonomy":"post_tag","embeddable":true,"href":"https:\/\/www.amchambaq.com\/es_co\/wp-json\/wp\/v2\/tags?post=12909"}],"curies":[{"name":"wp","href":"https:\/\/api.w.org\/{rel}","templated":true}]}}