{"id":12754,"date":"2024-11-12T09:52:41","date_gmt":"2024-11-12T14:52:41","guid":{"rendered":"https:\/\/www.amchambaq.com\/?p=12754"},"modified":"2024-11-12T09:52:41","modified_gmt":"2024-11-12T14:52:41","slug":"marco-rubio-habria-sido-elegido-como-secretario-de-estado-de-donald-trump","status":"publish","type":"post","link":"https:\/\/www.amchambaq.com\/es_co\/marco-rubio-habria-sido-elegido-como-secretario-de-estado-de-donald-trump\/","title":{"rendered":"Marco Rubio, habr\u00eda sido elegido como secretario de Estado de Donald Trump"},"content":{"rendered":"<p class=\"elheraldo__StyledParagraph-sc-60z8lc-1 ceHSqO article-body__paragraph\">Fuentes cercanas a la<b>\u00a0Casa Blanca<\/b>\u00a0indicaron este martes que el electo presidente de Estados Unidos,\u00a0<b>Donald Trump<\/b>, habr\u00eda elegido al senador\u00a0<b>Marco Rubio\u00a0<\/b>como su\u00a0<b>secretario de Estado<\/b>.<\/p>\n<p class=\"elheraldo__StyledParagraph-sc-60z8lc-1 ceHSqO article-body__paragraph\">Rubio, de 53 a\u00f1os, ser\u00eda el\u00a0<b>primer latinoamericano<\/b>\u00a0en ocupar\u00a0<b>cargos diplom\u00e1ticos\u00a0<\/b>en el gobierno estadounidense.<\/p>\n<p class=\"elheraldo__StyledParagraph-sc-60z8lc-1 ceHSqO article-body__paragraph\">Aunque ninguna de las dos partes ha confirmado p\u00fablicamente el\u00a0<b>nombramiento<\/b>, diarios como The New York Times aseguraron la posible decisi\u00f3n del gobierno Trump, advirtiendo que no es definitiva.<\/p>\n<div>\n<div id=\"taboola-mid-article-reco-reel\" class=\" trc_related_container trc_spotlight_widget trc_elastic trc_elastic_rec-reel-2n5-c \" data-placement-name=\"Mid Article Reco Reel\">\n<div class=\"trc_rbox_container tbl-reco-reel story-widget tbl-reco-reel-text-under-slide-in story-widget-text-under-slide-in tbl-reco-reel-desktop tbl-story-desktop\">\n<div>\n<div id=\"trc_wrapper_7345\" class=\"trc_rbox rec-reel-2n5-c trc-content-hybrid \">\n<div id=\"trc_header_7345\" class=\"trc_rbox_header trc_rbox_border_elm\">\n<div class=\"trc_header_ext\">\n<p class=\"elheraldo__StyledParagraph-sc-60z8lc-1 ceHSqO article-body__paragraph\">Cabe recordar que el senador por\u00a0<b>Florida\u00a0<\/b>fue un posible candidato para la vicepresidencia por el partido republicano. Rubio\u00a0<b>fue elegido senador en 2010<\/b>, convirti\u00e9ndose en el primer latino, de origen cubano y padres inmigrantes, con un curul en la C\u00e1mara Alta.<\/p>\n<p class=\"elheraldo__StyledParagraph-sc-60z8lc-1 ceHSqO article-body__paragraph\">Marco Rubio se ha destacado en el Senado por ejercer la pol\u00edtica exterior, adoptando fuertes posturas contra\u00a0<b>Ir\u00e1n y China.<\/b>\u00a0Igualmente ha apoyado las sanciones contra\u00a0<b>Venezuela, Nicaragua y Cuba<\/b>.<\/p>\n<p class=\"elheraldo__StyledParagraph-sc-60z8lc-1 ceHSqO article-body__paragraph\">Actualmente, ocupa p\u00fablicamente el cargo de vicepresidente del Comit\u00e9 Selecto de Inteligencia Exterior del Senado, y adem\u00e1s hace parte del Comit\u00e9 de Relaciones Exteriores del mismo \u00f3rgano.<\/p>\n<article class=\"elheraldo__StyledArticle-sc-60z8lc-0 cysvwN article-body\">\n<p class=\"elheraldo__StyledParagraph-sc-60z8lc-1 ceHSqO article-body__paragraph\">Asimismo, se ha caracterizado por ser un fiel defensor de\u00a0<b>Israel\u00a0<\/b>y por copatrocinar un decreto del Senado que se opon\u00eda a la Resoluci\u00f3n 2334 del\u00a0<b>Consejo de Seguridad de la ONU<\/b>, el cual condena la construcci\u00f3n de asentamientos israel\u00edes en territorio palestino.<\/p>\n<\/article>\n<div class=\"elheraldo__StyledArticleTags-sc-v5q4tv-0 jTSPqC article-tags-bar\"><\/div>\n<\/div>\n<\/div>\n<\/div>\n<\/div>\n<\/div>\n<\/div>\n<\/div>\n","protected":false},"excerpt":{"rendered":"<p>Fuentes cercanas a la\u00a0Casa Blanca\u00a0indicaron este martes que el electo presidente de Estados Unidos,\u00a0Donald Trump, habr\u00eda elegido al senador\u00a0Marco Rubio\u00a0como su\u00a0secretario de Estado. Rubio, de 53 a\u00f1os, ser\u00eda el\u00a0primer latinoamericano\u00a0en ocupar\u00a0cargos diplom\u00e1ticos\u00a0en el gobierno estadounidense. Aunque ninguna de las dos partes ha confirmado p\u00fablicamente el\u00a0nombramiento, diarios como The New York Times aseguraron la posible decisi\u00f3n<\/p>\n","protected":false},"author":1,"featured_media":12755,"comment_status":"closed","ping_status":"closed","sticky":false,"template":"","format":"standard","meta":{"footnotes":""},"categories":[342,181],"tags":[],"class_list":["post-12754","post","type-post","status-publish","format-standard","has-post-thumbnail","hentry","category-news","category-noticias"],"views":50,"_links":{"self":[{"href":"https:\/\/www.amchambaq.com\/es_co\/wp-json\/wp\/v2\/posts\/12754","targetHints":{"allow":["GET"]}}],"collection":[{"href":"https:\/\/www.amchambaq.com\/es_co\/wp-json\/wp\/v2\/posts"}],"about":[{"href":"https:\/\/www.amchambaq.com\/es_co\/wp-json\/wp\/v2\/types\/post"}],"author":[{"embeddable":true,"href":"https:\/\/www.amchambaq.com\/es_co\/wp-json\/wp\/v2\/users\/1"}],"replies":[{"embeddable":true,"href":"https:\/\/www.amchambaq.com\/es_co\/wp-json\/wp\/v2\/comments?post=12754"}],"version-history":[{"count":1,"href":"https:\/\/www.amchambaq.com\/es_co\/wp-json\/wp\/v2\/posts\/12754\/revisions"}],"predecessor-version":[{"id":12756,"href":"https:\/\/www.amchambaq.com\/es_co\/wp-json\/wp\/v2\/posts\/12754\/revisions\/12756"}],"wp:featuredmedia":[{"embeddable":true,"href":"https:\/\/www.amchambaq.com\/es_co\/wp-json\/wp\/v2\/media\/12755"}],"wp:attachment":[{"href":"https:\/\/www.amchambaq.com\/es_co\/wp-json\/wp\/v2\/media?parent=12754"}],"wp:term":[{"taxonomy":"category","embeddable":true,"href":"https:\/\/www.amchambaq.com\/es_co\/wp-json\/wp\/v2\/categories?post=12754"},{"taxonomy":"post_tag","embeddable":true,"href":"https:\/\/www.amchambaq.com\/es_co\/wp-json\/wp\/v2\/tags?post=12754"}],"curies":[{"name":"wp","href":"https:\/\/api.w.org\/{rel}","templated":true}]}}