{"id":12742,"date":"2024-11-06T15:07:41","date_gmt":"2024-11-06T20:07:41","guid":{"rendered":"https:\/\/www.amchambaq.com\/?p=12742"},"modified":"2024-11-06T15:07:41","modified_gmt":"2024-11-06T20:07:41","slug":"el-comercio-reto-clave-para-colombia-con-la-eleccion-de-trump-como-presidente-de-ee-uu","status":"publish","type":"post","link":"https:\/\/www.amchambaq.com\/es_co\/el-comercio-reto-clave-para-colombia-con-la-eleccion-de-trump-como-presidente-de-ee-uu\/","title":{"rendered":"El comercio, reto clave para Colombia con la elecci\u00f3n de Trump como presidente de EE. UU."},"content":{"rendered":"<p class=\"elheraldo__StyledParagraph-sc-60z8lc-1 ceHSqO article-body__paragraph\">La reelecci\u00f3n de\u00a0<b>Donald Trump<\/b>\u00a0como\u00a0<b>presidente de Estados Unidos<\/b>\u00a0representa un giro en la visi\u00f3n desde la Casa Blanca en donde su administraci\u00f3n pondr\u00e1 mayor atenci\u00f3n a temas relacionados con la seguridad, migraci\u00f3n y comercio. As\u00ed lo manifest\u00f3 la presidenta de la\u00a0<b>C\u00e1mara de Comercio Colombo Americana (AmCham Colombia), Mar\u00eda Claudia Lacouture<\/b>\u00a0sobre el desenlace de estas elecciones en suelo norteamericano.<\/p>\n<p class=\"elheraldo__StyledParagraph-sc-60z8lc-1 ceHSqO article-body__paragraph\">De acuerdo con la\u00a0<b>dirigente<\/b>\u00a0<b>gremial<\/b>, este cambio ser\u00e1 reforzado por la mayor\u00eda republicana en el Senado y, posiblemente, en la\u00a0<b>C\u00e1mara de Representantes<\/b>, lo que otorgar\u00e1 al presidente Trump un mayor control para implementar sus pol\u00edticas.<\/p>\n<p class=\"elheraldo__StyledParagraph-sc-60z8lc-1 ceHSqO article-body__paragraph\">Indic\u00f3 que para\u00a0<b>Colombia<\/b>, esta situaci\u00f3n plantea tanto desaf\u00edos como oportunidades. \u201cSi bien la agenda bilateral podr\u00eda mantenerse, los temas clave como el comercio, la seguridad y la migraci\u00f3n adquieren un peso a\u00fan mayor en este nuevo contexto\u201d.<\/p>\n<div>\n<div id=\"taboola-mid-article-reco-reel\" class=\" trc_related_container trc_spotlight_widget trc_elastic trc_elastic_rec-reel-2n5-c \" data-placement-name=\"Mid Article Reco Reel\">\n<div class=\"trc_rbox_container tbl-reco-reel story-widget tbl-reco-reel-text-under-slide-in story-widget-text-under-slide-in tbl-reco-reel-desktop tbl-story-desktop\">\n<div>\n<div id=\"trc_wrapper_78167\" class=\"trc_rbox rec-reel-2n5-c trc-content-hybrid \">\n<div id=\"trc_header_78167\" class=\"trc_rbox_header trc_rbox_border_elm\">\n<div class=\"trc_header_ext\">\n<p class=\"elheraldo__StyledParagraph-sc-60z8lc-1 ceHSqO article-body__paragraph\">\u201cEs importante destacar que Trump tiende a manejar las relaciones internacionales con una visi\u00f3n transaccional, en la que temas como la reducci\u00f3n de la producci\u00f3n de drogas y el control del flujo migratorio hacia\u00a0<b>Estados Unidos\u00a0<\/b>ser\u00e1n prioridades\u201d, dijo Lacouture.<\/p>\n<p class=\"elheraldo__StyledParagraph-sc-60z8lc-1 ceHSqO article-body__paragraph\">En cuanto a\u00a0<b>pol\u00edtica de drogas<\/b>, se\u00f1al\u00f3 que la reducci\u00f3n de cultivos de\u00a0<b>coca\u00a0<\/b>y la producci\u00f3n de coca\u00edna en Colombia es un objetivo compartido tanto por el presidente Petro como por Trump, aunque sus visiones sobre c\u00f3mo alcanzar esta meta difieren significativamente.<\/p>\n<p class=\"elheraldo__StyledParagraph-sc-60z8lc-1 ceHSqO article-body__paragraph\">\u201cMientras Trump podr\u00eda adoptar medidas coercitivas y de presi\u00f3n, el gobierno colombiano podr\u00eda buscar un enfoque m\u00e1s integral. Si bien esto puede complicar la colaboraci\u00f3n, tambi\u00e9n podr\u00eda abrir espacios para di\u00e1logos bilaterales que fortalezcan la cooperaci\u00f3n si se logra encontrar puntos de convergencia\u201d, dijo la\u00a0<b>presidenta de AmCham Colombia.<\/b><\/p>\n<p class=\"elheraldo__StyledParagraph-sc-60z8lc-1 ceHSqO article-body__paragraph\">En cuanto al comercio, se\u00f1al\u00f3 que el enfoque \u201c<b>Estados Unidos\u00a0<\/b>primero\u201d volver\u00e1 a ser central en la pol\u00edtica comercial, con un posible aumento del proteccionismo y la imposici\u00f3n de aranceles.<\/p>\n<p class=\"elheraldo__StyledParagraph-sc-60z8lc-1 ceHSqO article-body__paragraph\">\u201cNo obstante, Trump tambi\u00e9n buscar\u00e1 fortalecer las alianzas estrat\u00e9gicas con pa\u00edses aliados en t\u00e9rminos geopol\u00edticos y geogr\u00e1ficos, lo que puede representar una oportunidad para\u00a0<b>Colombia\u00a0<\/b>de consolidarse como socio estrat\u00e9gico en la regi\u00f3n. Esta cooperaci\u00f3n podr\u00eda convertirse en un contrapeso a otras potencias globales, como\u00a0<b>China<\/b>, en iniciativas comerciales internacionales\u201d, detall\u00f3.<\/p>\n<p class=\"elheraldo__StyledParagraph-sc-60z8lc-1 ceHSqO article-body__paragraph\">Agreg\u00f3 que las pol\u00edticas de \u201c<b>Am\u00e9rica Primero<\/b>\u201d de Trump priorizan la protecci\u00f3n de\u00a0<b>industrias\u00a0<\/b>y\u00a0<b>empresas\u00a0<\/b>estadounidenses consideradas cr\u00edticas para la seguridad nacional. Sin embargo, dado que Colombia no realiza importaciones significativas de estos bienes sensibles, expres\u00f3 que su vulnerabilidad a estas medidas es limitada.<\/p>\n<p class=\"elheraldo__StyledParagraph-sc-60z8lc-1 ceHSqO article-body__paragraph\">\u201cEl acuerdo comercial vigente entre\u00a0<b>Estados Unidos\u00a0<\/b>y\u00a0<b>Colombia\u00a0<\/b>ofrece un marco de seguridad jur\u00eddica que restringe la imposici\u00f3n de barreras unilaterales por parte de\u00a0<b>Estados Unidos\u00a0<\/b>hacia\u00a0<b>Colombia<\/b>. Este acuerdo tiene el potencial de mantener el comercio y la\u00a0<b>inversi\u00f3n\u00a0<\/b>entre ambos pa\u00edses en un estado de relativa estabilidad, incluso en el contexto de posibles tensiones pol\u00edticas entre los presidentes\u00a0<b>Trump\u00a0<\/b>y\u00a0<b>Petro<\/b>\u201d, manifest\u00f3\u00a0<b>Mar\u00eda Claudia Lacouture.<\/b><\/p>\n<p class=\"elheraldo__StyledParagraph-sc-60z8lc-1 ceHSqO article-body__paragraph\">En cuanto a migraci\u00f3n, Trump dice que intensificara las pol\u00edticas de control migratorio, incluyendo medidas m\u00e1s severas en cuanto a deportaciones y restricciones fronterizas. \u201c<b>Colombia\u00a0<\/b>deber\u00e1 prepararse para abordar estos desaf\u00edos a trav\u00e9s de estrategias de cooperaci\u00f3n que permitan gestionar el impacto en las comunidades afectadas y proponer soluciones conjuntas con\u00a0<b>Estados Unidos\u201d.<\/b><\/p>\n<p class=\"elheraldo__StyledParagraph-sc-60z8lc-1 ceHSqO article-body__paragraph\">A\u00f1adi\u00f3: \u201cLa estrategia de\u00a0<b>Colombia<\/b>, tanto a nivel nacional como regional, debe enfocarse en proponer acciones concretas que se alineen con los intereses compartidos, manteniendo un objetivo claro de fortalecer la cooperaci\u00f3n para fomentar el crecimiento econ\u00f3mico, social y democr\u00e1tico. La clave estar\u00e1 en identificar \u00e1reas de inter\u00e9s mutuo y trabajar de manera proactiva para construir puentes que beneficien a ambas naciones en el marco de esta nueva etapa de relaciones bilaterales\u201d.<\/p>\n<p>Tomado de: EL HERALDO<\/p>\n<\/div>\n<\/div>\n<\/div>\n<\/div>\n<\/div>\n<\/div>\n<\/div>\n","protected":false},"excerpt":{"rendered":"<p>La reelecci\u00f3n de\u00a0Donald Trump\u00a0como\u00a0presidente de Estados Unidos\u00a0representa un giro en la visi\u00f3n desde la Casa Blanca en donde su administraci\u00f3n pondr\u00e1 mayor atenci\u00f3n a temas relacionados con la seguridad, migraci\u00f3n y comercio. As\u00ed lo manifest\u00f3 la presidenta de la\u00a0C\u00e1mara de Comercio Colombo Americana (AmCham Colombia), Mar\u00eda Claudia Lacouture\u00a0sobre el desenlace de estas elecciones en suelo<\/p>\n","protected":false},"author":1,"featured_media":12743,"comment_status":"closed","ping_status":"closed","sticky":false,"template":"","format":"standard","meta":{"footnotes":""},"categories":[342,181],"tags":[],"class_list":["post-12742","post","type-post","status-publish","format-standard","has-post-thumbnail","hentry","category-news","category-noticias"],"views":35,"_links":{"self":[{"href":"https:\/\/www.amchambaq.com\/es_co\/wp-json\/wp\/v2\/posts\/12742","targetHints":{"allow":["GET"]}}],"collection":[{"href":"https:\/\/www.amchambaq.com\/es_co\/wp-json\/wp\/v2\/posts"}],"about":[{"href":"https:\/\/www.amchambaq.com\/es_co\/wp-json\/wp\/v2\/types\/post"}],"author":[{"embeddable":true,"href":"https:\/\/www.amchambaq.com\/es_co\/wp-json\/wp\/v2\/users\/1"}],"replies":[{"embeddable":true,"href":"https:\/\/www.amchambaq.com\/es_co\/wp-json\/wp\/v2\/comments?post=12742"}],"version-history":[{"count":1,"href":"https:\/\/www.amchambaq.com\/es_co\/wp-json\/wp\/v2\/posts\/12742\/revisions"}],"predecessor-version":[{"id":12744,"href":"https:\/\/www.amchambaq.com\/es_co\/wp-json\/wp\/v2\/posts\/12742\/revisions\/12744"}],"wp:featuredmedia":[{"embeddable":true,"href":"https:\/\/www.amchambaq.com\/es_co\/wp-json\/wp\/v2\/media\/12743"}],"wp:attachment":[{"href":"https:\/\/www.amchambaq.com\/es_co\/wp-json\/wp\/v2\/media?parent=12742"}],"wp:term":[{"taxonomy":"category","embeddable":true,"href":"https:\/\/www.amchambaq.com\/es_co\/wp-json\/wp\/v2\/categories?post=12742"},{"taxonomy":"post_tag","embeddable":true,"href":"https:\/\/www.amchambaq.com\/es_co\/wp-json\/wp\/v2\/tags?post=12742"}],"curies":[{"name":"wp","href":"https:\/\/api.w.org\/{rel}","templated":true}]}}