{"id":12702,"date":"2024-10-23T11:18:55","date_gmt":"2024-10-23T16:18:55","guid":{"rendered":"https:\/\/www.amchambaq.com\/?p=12702"},"modified":"2024-10-23T11:18:55","modified_gmt":"2024-10-23T16:18:55","slug":"la-cop16-demuestra-que-los-colombianos-si-nos-podemos-unir-para-grandes-propositos","status":"publish","type":"post","link":"https:\/\/www.amchambaq.com\/es_co\/la-cop16-demuestra-que-los-colombianos-si-nos-podemos-unir-para-grandes-propositos\/","title":{"rendered":"\u201cLa COP16 demuestra que los colombianos s\u00ed nos podemos unir para grandes prop\u00f3sitos\u201d"},"content":{"rendered":"<p class=\"elheraldo__StyledParagraph-sc-60z8lc-1 ceHSqO article-body__paragraph\">Alejandro Eder Garc\u00e9s, cale\u00f1o, de 48 a\u00f1os, experto en\u00a0<b>desarrollo\u00a0<\/b>social y resoluci\u00f3n de conflictos, gobierna la ciudad anfitriona de los 18 mil asistentes a la COP16. Estos \u00faltimos nueve meses se ha dedicado a unir esfuerzos para\u00a0<b>reivindicar\u00a0<\/b>ante el mundo la importancia de Colombia en la soluci\u00f3n de la crisis de biodiversidad, cerrando espacios a intereses pol\u00edticos particulares, y convocando a asumir mayor responsabilidad en la\u00a0<b>conservaci\u00f3n\u00a0<\/b>de nuestra riqueza natural, de la mano de comunidades afrocolombianas e\u00a0<b>ind\u00edgenas<\/b>. Esta es su visi\u00f3n de la cita que se inicia hoy.<\/p>\n<div class=\"elheraldo__StyledHeaderWrapper-sc-60z8lc-10 btJyYD\">\n<h3 class=\"article-body__header\">\u00bfQu\u00e9 ha significado para Cali la organizaci\u00f3n de la COP16?<\/h3>\n<\/div>\n<p class=\"elheraldo__StyledParagraph-sc-60z8lc-1 ceHSqO article-body__paragraph\">Cali es anfitriona del evento m\u00e1s importante que se haya hecho Colombia en toda su\u00a0<b>historia<\/b>. De ese tama\u00f1o es el reto. Y por eso hay muchos significados, pero cito tres que son claves:<\/p>\n<p>En primer lugar, la COP16 le ha dado un impulso muy fuerte al prop\u00f3sito que nos hicimos al iniciar este gobierno, de volver a unir y reconciliar a los\u00a0<b>cale\u00f1os<\/b>. Para nadie es un secreto que recibimos una ciudad con su esp\u00edritu muy\u00a0<b>fracturado<\/b>, pero la cumbre nos ha unido nuevamente en el prop\u00f3sito de lograr cosas grandes que nos llenan de orgullo, de recuperar la\u00a0<b>dignidad\u00a0<\/b>de Cali.<\/p>\n<p class=\"elheraldo__StyledParagraph-sc-60z8lc-1 ceHSqO article-body__paragraph\">Lo segundo es que estamos poniendo a la ciudad ante los ojos del mundo entero. Hemos reiterado el\u00a0<b>mensaje\u00a0<\/b>de que en Cali es donde debes estar y hoy representantes de m\u00e1s de 190 pa\u00edses est\u00e1n aqu\u00ed. Nuestro prop\u00f3sito desde el d\u00eda uno ha sido internacionalizar la ciudad, posicionarla como un lugar estrat\u00e9gico de Am\u00e9rica Latina, enfatizar que esta ciudad\u00a0<b>megadiversa\u00a0<\/b>es la puerta de entrada al Litoral Pac\u00edfico colombiano \u2013uno de los ecosistemas m\u00e1s importantes del planeta\u2013, es una tarea clave que con todo el equipo nos propusimos y\u00a0<b>\u00a1lo estamos haciendo!<\/b><\/p>\n<p class=\"elheraldo__StyledParagraph-sc-60z8lc-1 ceHSqO article-body__paragraph\">Y en tercer lugar, la COP16 ha\u00a0<b>significado\u00a0<\/b>una muy importante inyecci\u00f3n de recursos para la econom\u00eda cale\u00f1a. A la fecha, la ciudad tiene una\u00a0<b>ocupaci\u00f3n\u00a0<\/b>hotelera del 97 %, con un 80 % de visitantes extranjeros, y eso va a dinamizar muchas actividades\u00a0<b>productivas<\/b>.<\/p>\n<div class=\"elheraldo__StyledHeaderWrapper-sc-60z8lc-10 btJyYD\">\n<h3 class=\"article-body__header\">\u00bfCu\u00e1les han sido los mayores retos de ser sede de un encuentro tan multitudinario?<\/h3>\n<\/div>\n<p class=\"elheraldo__StyledParagraph-sc-60z8lc-1 ceHSqO article-body__paragraph\">Mientras en ediciones anteriores las\u00a0<b>ciudades\u00a0<\/b>anfitrionas tuvieron 2 a\u00f1os para organizar el evento, nosotros lo hicimos en 9 meses. Esto ha implicado fortalecer acciones para garantizar la seguridad de los cale\u00f1os y de los miles de representantes de cerca de<b>\u00a0200 pa\u00edses\u00a0<\/b>que vendr\u00e1n.<\/p>\n<p class=\"elheraldo__StyledParagraph-sc-60z8lc-1 ceHSqO article-body__paragraph\">Tambi\u00e9n, organizar todo lo necesario para que la discusi\u00f3n de la COP16 se lleve a cabo bajo los estrictos est\u00e1ndares de la\u00a0<b>ONU<\/b>. Igualmente, adecuar a la ciudad y prepararla para recibir una cantidad de\u00a0<b>visitantes\u00a0<\/b>que nunca antes hab\u00eda llegado, con un valor agregado: esta ha sido la COP de la Biodiversidad m\u00e1s concurrida de la historia con m\u00e1s de 18 mil personas acreditadas. Pero el reto que m\u00e1s satisfacciones nos\u00a0<b>deja\u00a0<\/b>hasta hoy ha sido el de la articulaci\u00f3n con el Gobierno nacional, el gobierno del Valle del Cauca y con los de otras\u00a0<b>regiones\u00a0<\/b>del pa\u00eds.<\/p>\n<div class=\"elheraldo__StyledHeaderWrapper-sc-60z8lc-10 btJyYD\">\n<h3 class=\"article-body__header\">\u00bfSe ha calculado el impacto en materia econ\u00f3mica para la ciudad?<\/h3>\n<\/div>\n<p class=\"elheraldo__StyledParagraph-sc-60z8lc-1 ceHSqO article-body__paragraph\">Estimamos que la COP16 le dejar\u00e1 a la ciudad m\u00e1s de<b>\u00a025 millones<\/b>\u00a0de d\u00f3lares aproximadamente, es decir, m\u00e1s de 100.000 millones de pesos. Se generan alrededor de 5.000 empleos, entre directos e\u00a0<b>indirectos<\/b>, y solo el sector hotelero tendr\u00eda ingresos por 11 millones de d\u00f3lares, mientras que el comercio de bares, restaurantes y similares, de 5 millones de d\u00f3lares adicionales. Pero el mayor aporte que le dejar\u00e1 esta COP a la ciudad no se puede medir en\u00a0<b>cifras<\/b>, y es que el mundo a partir de hoy, sabr\u00e1 lo que es Cali y\u00a0<b>asumimos\u00a0<\/b>la responsabilidad de ser los mayores voceros y guardianes de la biodiversidad.<\/p>\n<div class=\"elheraldo__StyledHeaderWrapper-sc-60z8lc-10 btJyYD\">\n<h3 class=\"article-body__header\">\u00bfCu\u00e1les son los puntos fuertes que Cali, como anfitriona, aspira a que se destaquen de ella?<\/h3>\n<\/div>\n<p class=\"elheraldo__StyledParagraph-sc-60z8lc-1 ceHSqO article-body__paragraph\">Queremos que el mundo sepa que la COP16 convierte a Cali en la primera gran \u2018<b>biodiverciudad<\/b>\u2019 de Colombia, es decir, una urbe estrat\u00e9gica para contribuir a la soluci\u00f3n de la crisis ambiental que enfrenta el planeta. Cali es la capital del Pac\u00edfico colombiano, estamos ubicados en uno de los ecosistemas m\u00e1s\u00a0<b>importantes\u00a0<\/b>del planeta, el Choc\u00f3 Biogeogr\u00e1fico, y con la\u00a0<b>COP16\u00a0<\/b>vamos a convertirnos en la gran plataforma para la protecci\u00f3n de esa enorme riqueza natural que poseemos en todo el pa\u00eds, pero muy especialmente en la regi\u00f3n\u00a0<b>suroccidental<\/b>.<\/p>\n<div class=\"elheraldo__StyledHeaderWrapper-sc-60z8lc-10 btJyYD\">\n<h3 class=\"article-body__header\">Sostenibilidad de los recursos naturales, protecci\u00f3n de la biodiversidad y defensa de los liderazgos ambientales son aspectos centrales de la COP16, \u00bfcu\u00e1l es el aporte de Cali a esta conversaci\u00f3n?<\/h3>\n<\/div>\n<p class=\"elheraldo__StyledParagraph-sc-60z8lc-1 ceHSqO article-body__paragraph\">Cali ser\u00e1 un laboratorio para que los\u00a0<b>gobiernos\u00a0<\/b>entiendan que, adem\u00e1s de concretar las discusiones t\u00e9cnicas requeridas sobre el\u00a0<b>problema<\/b>, es indispensable involucrar de manera\u00a0<b>efectiva\u00a0<\/b>a los ciudadanos en la b\u00fasqueda de las soluciones.<\/p>\n<p class=\"elheraldo__StyledParagraph-sc-60z8lc-1 ceHSqO article-body__paragraph\">Por eso aqu\u00ed haremos una COP in\u00e9dita. Adem\u00e1s de la\u00a0<b>Zona Azul<\/b>, que acoger\u00e1 a los negociadores, vamos a tener una enorme Zona Verde para que los ciudadanos de a pie se involucren, conozcan y comprendan las acciones puntuales que pueden desarrollar en sus vidas para aportar\u00a0<b>soluciones\u00a0<\/b>a la crisis. Y esa Zona Verde, en realidad, estar\u00e1 dispersa por toda la ciudad, en\u00a0<b>universidades<\/b>, parques, en espacios abiertos en los que la gente podr\u00e1 tener experiencias reales.<\/p>\n<div class=\"elheraldo__StyledHeaderWrapper-sc-60z8lc-10 btJyYD\">\n<h3 class=\"article-body__header\">\u00bfC\u00f3mo se garantizar\u00e1 la seguridad de los jefes de estado y las delegaciones que asistir\u00e1n a la cumbre, ahora que el Valle del Cauca afronta grandes desaf\u00edos en esa materia?<\/h3>\n<\/div>\n<p class=\"elheraldo__StyledParagraph-sc-60z8lc-1 ceHSqO article-body__paragraph\">La seguridad de los visitantes a la\u00a0<b>COP16<\/b>, y por supuesto de los cale\u00f1os, est\u00e1 plenamente garantizada. Hemos dise\u00f1ado con el Ministerio de Defensa, la Gobernaci\u00f3n del Valle, la Fuerza P\u00fablica y con la asistencia t\u00e9cnica del equipo\u00a0<b>antiterrorismo\u00a0<\/b>de la Polic\u00eda de Nueva York, un esquema de seguridad con m\u00e1s de 11.000 efectivos, tecnolog\u00eda de \u00faltima generaci\u00f3n para labores de inteligencia y para controlar posibles eventualidades, adem\u00e1s del apoyo de los\u00a0<b>Cascos Azules<\/b>\u00a0de la ONU, que son los responsables de\u00a0<b>proteger\u00a0<\/b>la Zona Azul.<\/p>\n<div class=\"elheraldo__StyledHeaderWrapper-sc-60z8lc-10 btJyYD\">\n<h3 class=\"article-body__header\">\u00bfCu\u00e1l ha sido el apoyo en materia de seguridad que Estados Unidos les ha brindado?<\/h3>\n<\/div>\n<p class=\"elheraldo__StyledParagraph-sc-60z8lc-1 ceHSqO article-body__paragraph\">Ha sido un respaldo absoluto. Logramos que la Polic\u00eda de\u00a0<b>Nueva York<\/b>, experta en atender desaf\u00edos de esta magnitud, se sumara con una delegaci\u00f3n que ha brindado asistencia t\u00e9cnica y acompa\u00f1amiento a la\u00a0<b>Polic\u00eda Nacional<\/b>. Eso es fundamental pues estamos hablando de uno de los equipos antiterrorismo m\u00e1s importantes del mundo.<\/p>\n<div class=\"elheraldo__StyledHeaderWrapper-sc-60z8lc-10 btJyYD\">\n<h3 class=\"article-body__header\">Alejandro Eder, en su primer a\u00f1o como alcalde, \u00bfc\u00f3mo ha vivido este reto?<\/h3>\n<\/div>\n<p class=\"elheraldo__StyledParagraph-sc-60z8lc-1 ceHSqO article-body__paragraph\">Con una intensidad que tal vez nunca antes hab\u00eda experimentado y una alegr\u00eda inmensa por ver de nuevo a los\u00a0<b>cale\u00f1os\u00a0<\/b>pensando en grande, viendo como en el mundo entero reconoce a nuestra ciudad por algo positivo. Estoy\u00a0<b>expectante\u00a0<\/b>por el resultado de la cumbre y muy feliz porque la COP16 es parte de lo que so\u00f1\u00e9 cuando me propuse\u00a0<b>recuperar\u00a0<\/b>a Cali. Nos queda mucho por hacer, pero esto demuestra que vamos por el camino correcto y los cale\u00f1os as\u00ed lo est\u00e1n\u00a0<b>entendiendo<\/b>.<\/p>\n","protected":false},"excerpt":{"rendered":"<p>Alejandro Eder Garc\u00e9s, cale\u00f1o, de 48 a\u00f1os, experto en\u00a0desarrollo\u00a0social y resoluci\u00f3n de conflictos, gobierna la ciudad anfitriona de los 18 mil asistentes a la COP16. Estos \u00faltimos nueve meses se ha dedicado a unir esfuerzos para\u00a0reivindicar\u00a0ante el mundo la importancia de Colombia en la soluci\u00f3n de la crisis de biodiversidad, cerrando espacios a intereses pol\u00edticos<\/p>\n","protected":false},"author":1,"featured_media":12703,"comment_status":"closed","ping_status":"closed","sticky":false,"template":"","format":"standard","meta":{"footnotes":""},"categories":[342,181],"tags":[],"class_list":["post-12702","post","type-post","status-publish","format-standard","has-post-thumbnail","hentry","category-news","category-noticias"],"views":50,"_links":{"self":[{"href":"https:\/\/www.amchambaq.com\/es_co\/wp-json\/wp\/v2\/posts\/12702","targetHints":{"allow":["GET"]}}],"collection":[{"href":"https:\/\/www.amchambaq.com\/es_co\/wp-json\/wp\/v2\/posts"}],"about":[{"href":"https:\/\/www.amchambaq.com\/es_co\/wp-json\/wp\/v2\/types\/post"}],"author":[{"embeddable":true,"href":"https:\/\/www.amchambaq.com\/es_co\/wp-json\/wp\/v2\/users\/1"}],"replies":[{"embeddable":true,"href":"https:\/\/www.amchambaq.com\/es_co\/wp-json\/wp\/v2\/comments?post=12702"}],"version-history":[{"count":1,"href":"https:\/\/www.amchambaq.com\/es_co\/wp-json\/wp\/v2\/posts\/12702\/revisions"}],"predecessor-version":[{"id":12704,"href":"https:\/\/www.amchambaq.com\/es_co\/wp-json\/wp\/v2\/posts\/12702\/revisions\/12704"}],"wp:featuredmedia":[{"embeddable":true,"href":"https:\/\/www.amchambaq.com\/es_co\/wp-json\/wp\/v2\/media\/12703"}],"wp:attachment":[{"href":"https:\/\/www.amchambaq.com\/es_co\/wp-json\/wp\/v2\/media?parent=12702"}],"wp:term":[{"taxonomy":"category","embeddable":true,"href":"https:\/\/www.amchambaq.com\/es_co\/wp-json\/wp\/v2\/categories?post=12702"},{"taxonomy":"post_tag","embeddable":true,"href":"https:\/\/www.amchambaq.com\/es_co\/wp-json\/wp\/v2\/tags?post=12702"}],"curies":[{"name":"wp","href":"https:\/\/api.w.org\/{rel}","templated":true}]}}