{"id":12694,"date":"2024-10-22T09:02:18","date_gmt":"2024-10-22T14:02:18","guid":{"rendered":"https:\/\/www.amchambaq.com\/?p=12694"},"modified":"2024-10-22T09:02:18","modified_gmt":"2024-10-22T14:02:18","slug":"las-importaciones-de-colombia-crecieron-un-46-en-agosto-y-sumaron-su-segundo-mes-consecutivo-de-ganancias","status":"publish","type":"post","link":"https:\/\/www.amchambaq.com\/es_co\/las-importaciones-de-colombia-crecieron-un-46-en-agosto-y-sumaron-su-segundo-mes-consecutivo-de-ganancias\/","title":{"rendered":"Las importaciones de Colombia crecieron un 4,6 % en agosto y sumaron su segundo mes consecutivo de ganancias"},"content":{"rendered":"<p class=\"elheraldo__StyledParagraph-sc-60z8lc-1 ceHSqO article-body__paragraph\">Las\u00a0<b>importaciones\u00a0<\/b>de\u00a0<b>Colombia\u00a0<\/b>mantienen su recuperaci\u00f3n progresiva. De acuerdo con el\u00a0<b>Departamento Administrativo Nacional de Estad\u00edstica (Dane)<\/b>, estas compras externas para el mes de\u00a0<b>agosto\u00a0<\/b>fueron de USD5.532,9 millones y representaron un crecimiento de 4,6 % con relaci\u00f3n al mismo mes de 2023.<\/p>\n<p class=\"elheraldo__StyledParagraph-sc-60z8lc-1 ceHSqO article-body__paragraph\">De acuerdo con la\u00a0<b>entidad<\/b>, este comportamiento obedeci\u00f3 principalmente al aumento de 8,6 % en la compra de manufacturas.<\/p>\n<p class=\"elheraldo__StyledParagraph-sc-60z8lc-1 ceHSqO article-body__paragraph\">Esto quiere decir que las\u00a0<b>importaciones\u00a0<\/b>de\u00a0<b>Colombia\u00a0<\/b>han mantenido la tendencia creciente por segundo mes consecutivo, dado que para el mes de julio, dichas compras crecieron un 12,9 %.<\/p>\n<div>\n<div id=\"taboola-mid-article-reco-reel\" class=\" trc_related_container trc_spotlight_widget trc_elastic trc_elastic_rec-reel-2n5-c \" data-placement-name=\"Mid Article Reco Reel\">\n<div class=\"trc_rbox_container tbl-reco-reel story-widget tbl-reco-reel-text-under-slide-in story-widget-text-under-slide-in tbl-reco-reel-desktop tbl-story-desktop\">\n<div>\n<div id=\"trc_wrapper_69107\" class=\"trc_rbox rec-reel-2n5-c trc-content-hybrid \">\n<div id=\"trc_header_69107\" class=\"trc_rbox_header trc_rbox_border_elm\">\n<div class=\"trc_header_ext\">\n<p class=\"elheraldo__StyledParagraph-sc-60z8lc-1 ceHSqO article-body__paragraph\">A su vez, se revel\u00f3 que en agosto de 2024, las\u00a0<b>importaciones\u00a0<\/b>de\u00a0<b>manufacturas\u00a0<\/b>participaron con el 74,1 % del valor total de las\u00a0<b>importaciones<\/b>, seguido por agropecuarios,\u00a0<b>alimentos y bebidas<\/b>\u00a0con 14,1 %, combustibles y productos de las\u00a0<b>industrias extractivas\u00a0<\/b>con 11,7 % y otros sectores con 0,1 %.<\/p>\n<p class=\"elheraldo__StyledParagraph-sc-60z8lc-1 ceHSqO article-body__paragraph\">Las importaciones de Colombia originarias de\u00a0<b>China\u00a0<\/b>participaron con el 27,1 % del total de las importaciones; le siguieron las compras externas desde\u00a0<b>Estados Unidos\u00a0<\/b>(26 %),\u00a0<b>M\u00e9xico\u00a0<\/b>(4,5 %),\u00a0<b>Brasil\u00a0<\/b>(4,4 %),\u00a0<b>Alemania\u00a0<\/b>(3,6 %),\u00a0<b>India\u00a0<\/b>(2,5 %) y\u00a0<b>Jap\u00f3n\u00a0<\/b>(2,4 %).<\/p>\n<p class=\"elheraldo__StyledParagraph-sc-60z8lc-1 ceHSqO article-body__paragraph\">Las estad\u00edsticas de\u00a0<b>importaciones\u00a0<\/b>registran el ingreso legal de\u00a0<b>mercanc\u00edas\u00a0<\/b>originarias de otro pa\u00eds o de una zona franca colombiana hacia el territorio aduanero nacional.<\/p>\n<p class=\"elheraldo__StyledParagraph-sc-60z8lc-1 ceHSqO article-body__paragraph\">Estas cifras se producen con base en las declaraciones de\u00a0<b>importaci\u00f3n<\/b>, presentadas ante las diferentes administraciones de aduanas del pa\u00eds, y se registran estad\u00edsticamente seg\u00fan la fecha de presentaci\u00f3n ante las entidades financieras autorizadas para recaudar los\u00a0<b>tributos aduaneros<\/b>.<\/p>\n<p class=\"elheraldo__StyledParagraph-sc-60z8lc-1 ceHSqO article-body__paragraph\">Los registros de las importaciones colombianas son producidos por la\u00a0<b>Direcci\u00f3n de Impuestos y Aduanas Nacionales (Dian).<\/b><\/p>\n<\/div>\n<\/div>\n<\/div>\n<\/div>\n<\/div>\n<\/div>\n<\/div>\n","protected":false},"excerpt":{"rendered":"<p>Las\u00a0importaciones\u00a0de\u00a0Colombia\u00a0mantienen su recuperaci\u00f3n progresiva. De acuerdo con el\u00a0Departamento Administrativo Nacional de Estad\u00edstica (Dane), estas compras externas para el mes de\u00a0agosto\u00a0fueron de USD5.532,9 millones y representaron un crecimiento de 4,6 % con relaci\u00f3n al mismo mes de 2023. De acuerdo con la\u00a0entidad, este comportamiento obedeci\u00f3 principalmente al aumento de 8,6 % en la compra de manufacturas.<\/p>\n","protected":false},"author":1,"featured_media":12611,"comment_status":"closed","ping_status":"closed","sticky":false,"template":"","format":"standard","meta":{"footnotes":""},"categories":[342,181],"tags":[],"class_list":["post-12694","post","type-post","status-publish","format-standard","has-post-thumbnail","hentry","category-news","category-noticias"],"views":29,"_links":{"self":[{"href":"https:\/\/www.amchambaq.com\/es_co\/wp-json\/wp\/v2\/posts\/12694","targetHints":{"allow":["GET"]}}],"collection":[{"href":"https:\/\/www.amchambaq.com\/es_co\/wp-json\/wp\/v2\/posts"}],"about":[{"href":"https:\/\/www.amchambaq.com\/es_co\/wp-json\/wp\/v2\/types\/post"}],"author":[{"embeddable":true,"href":"https:\/\/www.amchambaq.com\/es_co\/wp-json\/wp\/v2\/users\/1"}],"replies":[{"embeddable":true,"href":"https:\/\/www.amchambaq.com\/es_co\/wp-json\/wp\/v2\/comments?post=12694"}],"version-history":[{"count":1,"href":"https:\/\/www.amchambaq.com\/es_co\/wp-json\/wp\/v2\/posts\/12694\/revisions"}],"predecessor-version":[{"id":12695,"href":"https:\/\/www.amchambaq.com\/es_co\/wp-json\/wp\/v2\/posts\/12694\/revisions\/12695"}],"wp:featuredmedia":[{"embeddable":true,"href":"https:\/\/www.amchambaq.com\/es_co\/wp-json\/wp\/v2\/media\/12611"}],"wp:attachment":[{"href":"https:\/\/www.amchambaq.com\/es_co\/wp-json\/wp\/v2\/media?parent=12694"}],"wp:term":[{"taxonomy":"category","embeddable":true,"href":"https:\/\/www.amchambaq.com\/es_co\/wp-json\/wp\/v2\/categories?post=12694"},{"taxonomy":"post_tag","embeddable":true,"href":"https:\/\/www.amchambaq.com\/es_co\/wp-json\/wp\/v2\/tags?post=12694"}],"curies":[{"name":"wp","href":"https:\/\/api.w.org\/{rel}","templated":true}]}}