{"id":12687,"date":"2024-10-17T11:25:08","date_gmt":"2024-10-17T16:25:08","guid":{"rendered":"https:\/\/www.amchambaq.com\/?p=12687"},"modified":"2024-10-17T11:25:08","modified_gmt":"2024-10-17T16:25:08","slug":"cop16-un-espacio-para-impulsar-la-defensa-de-la-biodiversidad","status":"publish","type":"post","link":"https:\/\/www.amchambaq.com\/es_co\/cop16-un-espacio-para-impulsar-la-defensa-de-la-biodiversidad\/","title":{"rendered":"COP16: un espacio para impulsar la defensa de la biodiversidad"},"content":{"rendered":"<p>Todo est\u00e1 listo para que la ciudad de Cali albergue, entre el 21 de octubre y el primero de noviembre, la edici\u00f3n n\u00famero 16 de la Conferencia de las Partes del Convenio sobre Diversidad Biol\u00f3gica (CDB).<\/p>\n<p>En el marco de este espacio, que se ha consolidado como el m\u00e1s importante a nivel mundial alrededor de la biodiversidad, se establecer\u00e1n compromisos y acciones globales para la conservaci\u00f3n del medio ambiente.<\/p>\n<p class=\"elheraldo__StyledParagraph-sc-60z8lc-1 ceHSqO article-body__paragraph\">\u201cEsperamos que la COP16 en Colombia pueda ayudarle al mundo a hacer esa paz con la naturaleza, para que podamos sostener y mantener la vida en el planeta para siempre\u201d, asegur\u00f3 la ministra de Ambiente y Desarrollo Sostenible, Susana Muhamad, quien tambi\u00e9n se desempe\u00f1a como presidenta entrante de la COP16.<\/p>\n<div>\n<div id=\"taboola-mid-article-reco-reel\" class=\" trc_related_container trc_spotlight_widget trc_elastic trc_elastic_rec-reel-2n5-c \" data-placement-name=\"Mid Article Reco Reel\">\n<div class=\"trc_rbox_container tbl-reco-reel story-widget tbl-reco-reel-text-under-slide-in story-widget-text-under-slide-in tbl-reco-reel-desktop tbl-story-desktop\">\n<div>\n<div id=\"trc_wrapper_69989\" class=\"trc_rbox rec-reel-2n5-c trc-content-hybrid \">\n<div id=\"trc_header_69989\" class=\"trc_rbox_header trc_rbox_border_elm\">\n<div class=\"trc_header_ext\">\n<p class=\"elheraldo__StyledParagraph-sc-60z8lc-1 ceHSqO article-body__paragraph\">Para esta versi\u00f3n de la COP se ha confirmado la presencia de 14 jefes de Estado, m\u00e1s de 100 ministros de Ambiente, delegaciones de 190 pa\u00edses y 18.000 personas acreditadas a Zona Azul.<\/p>\n<p class=\"elheraldo__StyledParagraph-sc-60z8lc-1 ceHSqO article-body__paragraph\">En ese sentido, delegaciones de gobierno, organizaciones intergubernamentales, no gubernamentales, expertos, cient\u00edficos, comunidades y sociedad civil se reunir\u00e1n con el objetivo de adoptar medidas que permitan detener la p\u00e9rdida de biodiversidad y avanzar en el plan para conservarla al 2030, denominado el Marco Global Kunming Montreal.<\/p>\n<p class=\"elheraldo__StyledParagraph-sc-60z8lc-1 ceHSqO article-body__paragraph\">\u201cSi logramos transformar nuestra relaci\u00f3n con la naturaleza, as\u00ed como nuestras pr\u00e1cticas de producci\u00f3n y consumo, y conseguimos que las acciones colectivas impulsen la vida en lugar de destruirla, estaremos abordando los desaf\u00edos m\u00e1s importantes de nuestro tiempo\u201d, agreg\u00f3 la ministra Muhamad.<\/p>\n<p><strong>Un evento determinante<\/strong><br \/>\nEn la COP16 se conocer\u00e1n los avances de los pa\u00edses en las Estrategias y Planes de Acci\u00f3n Nacionales sobre Biodiversidad, en el marco de la Implementaci\u00f3n del Marco Global de Biodiversidad Kunming-Montreal.<\/p>\n<p>Dicha iniciativa, de acuerdo con el Programa para el Medio Ambiente de las Naciones Unidas, propone \u201cdetener y revertir la p\u00e9rdida de la naturaleza en un contexto de peligroso declive que amenaza la supervivencia de un mill\u00f3n de especies y afecta la vida de miles de millones de personas\u201d.<\/p>\n<p>En ese sentido, el objetivo de dicho Marco es salvaguardar y utilizar de manera sostenible la biodiversidad, teniendo en cuenta los cuatro objetivos generales que deben alcanzarse para 2050.<\/p>\n<p>Los mencionados objetivos se encuentran centrados en la salud de los ecosistemas y las especies, incluida la detenci\u00f3n de la extinci\u00f3n de especies inducida por el ser humano, el uso sostenible de la biodiversidad, el reparto equitativo de los beneficios y la aplicaci\u00f3n y financiaci\u00f3n, lo que incluye cerrar la brecha de financiaci\u00f3n de la biodiversidad de USD700.000 millones al a\u00f1o con fines de conservaci\u00f3n, seg\u00fan las Naciones Unidas.<\/p>\n<p>Por otro lado, la COP16 se ha visualizado como un \u201cmomento clave\u201d para que los Gobierno revisen la implementaci\u00f3n de las acciones adoptadas para cumplir con dichos prop\u00f3sitos.<\/p>\n<p>Los organizadores tambi\u00e9n han dado a conocer que se espera que durante la COP16 se siga desarrollando el marco de seguimiento y se contin\u00fae avanzando en la movilizaci\u00f3n de recursos para la implementaci\u00f3n del Marco Global.<\/p>\n<p>Este congreso deber\u00e1 finalizar con la puesta en funcionamiento de un mecanismo multilateral sobre el reparto justo y equitativo de los beneficios derivados del uso de la informaci\u00f3n de secuencias digitales sobre recursos gen\u00e9ticos.<\/p>\n<p><strong>La escogencia de la sede<\/strong><br \/>\nCabe mencionar que por primera vez Colombia ser\u00e1 la sede de un evento mundial en materia ambiental gracias a los esfuerzos y gestiones del Gobierno nacional. A\u00f1os atr\u00e1s se hab\u00eda definido que Turqu\u00eda ser\u00eda la sede la COP16; sin embargo, debido a las afectaciones del terremoto sufrido en 2023, declinaron de realizar el evento.<\/p>\n<p>Una de las razones para la elecci\u00f3n de Colombia como la sede de este encuentro es que es el cuarto pa\u00eds con mayor biodiversidad del mundo, con cerca del 10 % de la biodiversidad global y m\u00e1s de 79 mil especies de flora y fauna registradas, el pa\u00eds es un punto cr\u00edtico para la conservaci\u00f3n de ecosistemas.<\/p>\n<p>Es de anotar que Colombia cuenta con ecosistemas como la Amazon\u00eda y la regi\u00f3n Andina, esenciales para la regulaci\u00f3n del clima y la biodiversidad global. Es por eso que, a trav\u00e9s del evento, se resaltar\u00e1 el compromiso de Colombia con la protecci\u00f3n de estos recursos y en la promoci\u00f3n de la Paz con la Naturaleza.<\/p>\n<p>Espacios relevantes<br \/>\nEn la Zona Azul, que fue habilitada en el Centro de Eventos Valle del Pac\u00edfico, se realizan todas las sesiones oficiales, reuniones, eventos paralelos y conferencias de prensa en el marco de la COP16. Cabe resaltar que dicho espacio puede albergar hasta 12 mil personas.<\/p>\n<p>De acuerdo con los organizadores, este espacio cuenta con una infraestructura bioclim\u00e1tica, multifuncional y modular, con un \u00e1rea total de 77.419 metros cuadrados, incluyendo 40.940 metros cuadrados construidos y cerca de 25.000 metros cuadrados de \u00e1reas verdes.<\/p>\n<p>\u201cEste escenario es la perfecta combinaci\u00f3n de arquitectura moderna y un paisaje natural, que ofrece una vista plena de la cordillera Occidental y el valle sobre el r\u00edo Cauca\u201d, agregaron.<\/p>\n<p>La ceremonia de apertura ha sido programada para el domingo 20 de octubre. La ministra de Ambiente, Susana Muhamad, ha sido enf\u00e1tica al sostener que la agenda oficial de la COP16 corresponde a la agenda de negociaci\u00f3n que se acord\u00f3 y se viene trabajando desde hace dos a\u00f1os con todos los pa\u00edses. Agreg\u00f3 que los resultados y las decisiones en torno a esa agenda se tomar\u00e1n en Cali.<\/p>\n<p>Por su parte, la Alcald\u00eda de Cali ha informado que la agenda acad\u00e9mica est\u00e1 conformada por 97 eventos, que estar\u00e1n distribuidos entre foros, conversatorios, circuitos y otras actividades que tendr\u00e1n presencia de expertos locales, nacionales e internacionales de universidades y centros de investigaci\u00f3n de todo el pa\u00eds.<\/p>\n<p>Es de anotar que el Pabell\u00f3n Colombia se habilit\u00f3 en la Zona Azul. Este espacio ser\u00e1 escenario de paneles y conversatorios \u201cque ponen en el centro de la discusi\u00f3n las voces de la ciudadan\u00eda, sus iniciativas y proyectos\u201d.<\/p>\n<p>En este espacio se ofrecer\u00e1n cerca de 10 eventos diarios, sumando casi 120 a lo largo de la COP16. Cada jornada contar\u00e1 con sesiones de una hora, donde expertos y participantes podr\u00e1n intercambiar ideas, reflexionar sobre los desaf\u00edos actuales.<\/p>\n<p>Para la seguridad de la Zona Azul se ha desplegado un equipo a trav\u00e9s de diferentes anillos de seguridad que ser\u00e1n gestionados por personal de la ONU en cumplimiento con las normativas diplom\u00e1ticas, y de la Polic\u00eda Nacional y el Ej\u00e9rcito, que aseguran el control de acceso al per\u00edmetro.<\/p>\n<p>En ese sentido, m\u00e1s de 800 uniformados y equipos con certificaci\u00f3n SWAT de la Polic\u00eda Nacional se encargar\u00e1n del control de ingreso a Zona Azul, operar los filtros de seguridad y asegurar las zonas aleda\u00f1as al Centro de Eventos Valle del Pac\u00edfico.<\/p>\n<p>En el marco de la COP16, la Zona Verde se constituye en el espacio para fomentar la participaci\u00f3n de la sociedad civil, organizaciones no gubernamentales, sector privado, y todas las personas interesadas en la protecci\u00f3n y conservaci\u00f3n de la diversidad biol\u00f3gica.<\/p>\n<p>De manera previa se realizaron m\u00e1s de 70 eventos y actividades en los territorios para recoger las visiones y voces de actores del sector privado, Gobierno, autoridades locales, pueblos ind\u00edgenas, comunidades afro, campesinos, organizaciones sociales, organizaciones no gubernamentales y actores internacionales, entre otros.<\/p>\n<p><strong>Para tener en cuenta<\/strong><br \/>\nLa Convenci\u00f3n sobre la Diversidad Biol\u00f3gica CDB es un tratado internacional para la conservaci\u00f3n de la biodiversidad, el uso sostenible de los componentes de la biodiversidad y el reparto equitativo de los beneficios derivados del uso de los recursos gen\u00e9ticos. Se abri\u00f3 para la firma en 1992 en la Cumbre de la Tierra en R\u00edo de Janeiro y entr\u00f3 en vigor en diciembre de 1993<\/p>\n<p>Busca abordar todas las amenazas a la biodiversidad y los servicios ecosist\u00e9micos, incluyendo los riesgos del cambio clim\u00e1tico, a trav\u00e9s de evaluaciones cient\u00edficas, el desarrollo de herramientas, incentivos y procesos, la transferencia de tecnolog\u00edas y buenas pr\u00e1cticas, y la participaci\u00f3n plena y activa de partes interesadas relevantes, incluyendo pueblos ind\u00edgenas y comunidades locales, j\u00f3venes, mujeres, ONG, actores subnacionales y la comunidad empresarial.<\/p>\n<p><strong>El impacto al desarrollo econ\u00f3mico del pa\u00eds<\/strong><br \/>\nEl Ministerio de Hacienda y Cr\u00e9dito P\u00fablico ha calculado que con la realizaci\u00f3n de la COP16 habr\u00e1 un ingreso de $122.400 millones, lo que aumentar\u00eda directamente el sector comercio y, por tanto, el Producto Interno Bruto (PIB) del pa\u00eds.<\/p>\n<p>Izan banderas de Naciones Unidas<br \/>\nEn un acto simb\u00f3lico que se cumpli\u00f3 este lunes festivo se iz\u00f3 la bandera de Naciones Unidas en la Zona Azul de la COP16. De acuerdo con el Gobierno nacional, se constituye en un \u201checho sin precedentes\u201d que simboliza que este espacio se convierte en un territorio internacional de paz entre los pa\u00edses que asisten a la COP16.<\/p>\n<p>Astrid Schomaker, secretaria ejecutiva del Convenio sobre Diversidad Biol\u00f3gica (CDB), asegur\u00f3 que \u201cuno de los \u00e9xitos de esta COP es que todos los delegados se sientan como en casa; yo creo que ustedes han hecho todo lo posible para asegurarse de que as\u00ed sea\u201d.<\/p>\n<\/div>\n<\/div>\n<\/div>\n<\/div>\n<\/div>\n<\/div>\n<\/div>\n","protected":false},"excerpt":{"rendered":"<p>Todo est\u00e1 listo para que la ciudad de Cali albergue, entre el 21 de octubre y el primero de noviembre, la edici\u00f3n n\u00famero 16 de la Conferencia de las Partes del Convenio sobre Diversidad Biol\u00f3gica (CDB). En el marco de este espacio, que se ha consolidado como el m\u00e1s importante a nivel mundial alrededor de<\/p>\n","protected":false},"author":1,"featured_media":12688,"comment_status":"closed","ping_status":"closed","sticky":false,"template":"","format":"standard","meta":{"footnotes":""},"categories":[342,181],"tags":[],"class_list":["post-12687","post","type-post","status-publish","format-standard","has-post-thumbnail","hentry","category-news","category-noticias"],"views":48,"_links":{"self":[{"href":"https:\/\/www.amchambaq.com\/es_co\/wp-json\/wp\/v2\/posts\/12687","targetHints":{"allow":["GET"]}}],"collection":[{"href":"https:\/\/www.amchambaq.com\/es_co\/wp-json\/wp\/v2\/posts"}],"about":[{"href":"https:\/\/www.amchambaq.com\/es_co\/wp-json\/wp\/v2\/types\/post"}],"author":[{"embeddable":true,"href":"https:\/\/www.amchambaq.com\/es_co\/wp-json\/wp\/v2\/users\/1"}],"replies":[{"embeddable":true,"href":"https:\/\/www.amchambaq.com\/es_co\/wp-json\/wp\/v2\/comments?post=12687"}],"version-history":[{"count":1,"href":"https:\/\/www.amchambaq.com\/es_co\/wp-json\/wp\/v2\/posts\/12687\/revisions"}],"predecessor-version":[{"id":12689,"href":"https:\/\/www.amchambaq.com\/es_co\/wp-json\/wp\/v2\/posts\/12687\/revisions\/12689"}],"wp:featuredmedia":[{"embeddable":true,"href":"https:\/\/www.amchambaq.com\/es_co\/wp-json\/wp\/v2\/media\/12688"}],"wp:attachment":[{"href":"https:\/\/www.amchambaq.com\/es_co\/wp-json\/wp\/v2\/media?parent=12687"}],"wp:term":[{"taxonomy":"category","embeddable":true,"href":"https:\/\/www.amchambaq.com\/es_co\/wp-json\/wp\/v2\/categories?post=12687"},{"taxonomy":"post_tag","embeddable":true,"href":"https:\/\/www.amchambaq.com\/es_co\/wp-json\/wp\/v2\/tags?post=12687"}],"curies":[{"name":"wp","href":"https:\/\/api.w.org\/{rel}","templated":true}]}}