{"id":12670,"date":"2024-10-09T11:43:26","date_gmt":"2024-10-09T16:43:26","guid":{"rendered":"https:\/\/www.amchambaq.com\/?p=12670"},"modified":"2024-10-09T11:43:26","modified_gmt":"2024-10-09T16:43:26","slug":"la-verdad-debe-salir-a-la-luz-reacciones-desde-ee-uu-sobre-la-investigacion-a-campana-de-petro","status":"publish","type":"post","link":"https:\/\/www.amchambaq.com\/es_co\/la-verdad-debe-salir-a-la-luz-reacciones-desde-ee-uu-sobre-la-investigacion-a-campana-de-petro\/","title":{"rendered":"\u201cLa verdad debe salir a la luz\u201d: reacciones desde EE. UU. sobre la investigaci\u00f3n a campa\u00f1a de Petro"},"content":{"rendered":"<p class=\"elheraldo__StyledParagraph-sc-60z8lc-1 ceHSqO article-body__paragraph\"><b>Michael McCaul<\/b>, presidente del Comit\u00e9 de Asuntos Exteriores de la C\u00e1mara de Representantes de Estados Unidos, indic\u00f3 este mi\u00e9rcoles en su cuenta de X el\u00a0<b>apoyo a las instituciones colombianas\u00a0<\/b>en las decisiones que tomen sobre la investigaci\u00f3n contra el presidente Petro.<\/p>\n<p class=\"elheraldo__StyledParagraph-sc-60z8lc-1 ceHSqO article-body__paragraph\">\u201cEstoy profundamente preocupado por las\u00a0<b>acusaciones cre\u00edbles contra Gustavo Petro<\/b>\u00a0y su campa\u00f1a presidencial. Apoyo plenamente a las instituciones colombianas mientras investigan el asunto\u201d, a\u00f1adi\u00f3 McCaul.<\/p>\n<p class=\"elheraldo__StyledParagraph-sc-60z8lc-1 ceHSqO article-body__paragraph\">Asimismo, indic\u00f3 que \u201cla verdad debe salir a la luz por la integridad de nuestra relaci\u00f3n bilateral y el bien del pueblo colombiano\u201d.<\/p>\n<div>\n<div id=\"taboola-mid-article-reco-reel\" class=\" trc_related_container trc_spotlight_widget trc_elastic trc_elastic_rec-reel-2n5-c \" data-placement-name=\"Mid Article Reco Reel\">\n<div class=\"trc_rbox_container tbl-reco-reel story-widget tbl-reco-reel-text-under-slide-in story-widget-text-under-slide-in tbl-reco-reel-desktop tbl-story-desktop\">\n<div>\n<div id=\"trc_wrapper_55576\" class=\"trc_rbox rec-reel-2n5-c trc-content-hybrid \">\n<div id=\"trc_header_55576\" class=\"trc_rbox_header trc_rbox_border_elm\">\n<div class=\"trc_header_ext\">\n<p class=\"elheraldo__StyledParagraph-sc-60z8lc-1 ceHSqO article-body__paragraph\">Estas declaraciones fueron publicadas en X por la cuenta oficial de la<b>\u00a0Mayor\u00eda del Comit\u00e9 de Asuntos Exteriores de la C\u00e1mara de Representantes<\/b>\u00a0(House Foreign Affairs Committee Majority).<\/p>\n<div class=\"oembed-container null\" data-chromatic=\"ignore\">\n<div>\n<div>\n<p class=\"elheraldo__StyledParagraph-sc-60z8lc-1 ceHSqO article-body__paragraph\">Cabe recordar que el martes 8 de octubre el Consejo Nacional Electoral (<b>CNE<\/b>) dio un paso decisivo en la investigaci\u00f3n sobre posibles\u00a0<b>irregularidades\u00a0<\/b>en la campa\u00f1a presidencial de\u00a0<b>Gustavo Petro<\/b>.<\/p>\n<p class=\"elheraldo__StyledParagraph-sc-60z8lc-1 ceHSqO article-body__paragraph\">La sala plena del CNE vot\u00f3 a favor del pliego de cargos que se\u00f1ala presuntas\u00a0<b>violaciones\u00a0<\/b>a los\u00a0<b>topes\u00a0<\/b>de financiamiento electoral por parte de la campa\u00f1a del actual jefe de Estado.<\/p>\n<p class=\"elheraldo__StyledParagraph-sc-60z8lc-1 ceHSqO article-body__paragraph\">De acuerdo con lo que se ha dado a conocer hasta el momento, la cifra que se investiga asciende a los\u00a0<b>5.300 millones de pesos<\/b>, que, seg\u00fan el \u00f3rgano electoral, habr\u00edan superado los l\u00edmites permitidos por la ley.<\/p>\n<p class=\"elheraldo__StyledParagraph-sc-60z8lc-1 ceHSqO article-body__paragraph\">La formulaci\u00f3n de cargos marca el inicio de una\u00a0<b>investigaci\u00f3n\u00a0<\/b>formal que pondr\u00eda bajo escrutinio no solo al presidente Petro en su calidad de candidato, sino tambi\u00e9n a varias personas que fueron fundamentales dentro de su equipo de campa\u00f1a.<\/p>\n<p class=\"elheraldo__StyledParagraph-sc-60z8lc-1 ceHSqO article-body__paragraph\">Ante esta decisi\u00f3n del Consejo Nacional Electoral, el jefe de Estado invit\u00f3 el pasado martes a las\u00a0<b>organizaciones populares<\/b>\u00a0del pa\u00eds a entrar en \u201casamblea permanente\u201d.<\/p>\n<p>\u201cLa hora de la movilizaci\u00f3n generalizada del pueblo colombiano ha llegado. El presidente constitucional de Colombia elegido por el voto popular ordena a la fuerza p\u00fablica no levantar un solo arma contra el pueblo\u201d, indic\u00f3 el presidente\u00a0<b>Gustavo Petro\u00a0<\/b>en su cuenta de X.<\/p>\n<\/div>\n<\/div>\n<\/div>\n<\/div>\n<\/div>\n<\/div>\n<\/div>\n<\/div>\n<\/div>\n<\/div>\n","protected":false},"excerpt":{"rendered":"<p>Michael McCaul, presidente del Comit\u00e9 de Asuntos Exteriores de la C\u00e1mara de Representantes de Estados Unidos, indic\u00f3 este mi\u00e9rcoles en su cuenta de X el\u00a0apoyo a las instituciones colombianas\u00a0en las decisiones que tomen sobre la investigaci\u00f3n contra el presidente Petro. \u201cEstoy profundamente preocupado por las\u00a0acusaciones cre\u00edbles contra Gustavo Petro\u00a0y su campa\u00f1a presidencial. Apoyo plenamente a<\/p>\n","protected":false},"author":1,"featured_media":12671,"comment_status":"closed","ping_status":"closed","sticky":false,"template":"","format":"standard","meta":{"footnotes":""},"categories":[342,181],"tags":[],"class_list":["post-12670","post","type-post","status-publish","format-standard","has-post-thumbnail","hentry","category-news","category-noticias"],"views":15,"_links":{"self":[{"href":"https:\/\/www.amchambaq.com\/es_co\/wp-json\/wp\/v2\/posts\/12670","targetHints":{"allow":["GET"]}}],"collection":[{"href":"https:\/\/www.amchambaq.com\/es_co\/wp-json\/wp\/v2\/posts"}],"about":[{"href":"https:\/\/www.amchambaq.com\/es_co\/wp-json\/wp\/v2\/types\/post"}],"author":[{"embeddable":true,"href":"https:\/\/www.amchambaq.com\/es_co\/wp-json\/wp\/v2\/users\/1"}],"replies":[{"embeddable":true,"href":"https:\/\/www.amchambaq.com\/es_co\/wp-json\/wp\/v2\/comments?post=12670"}],"version-history":[{"count":1,"href":"https:\/\/www.amchambaq.com\/es_co\/wp-json\/wp\/v2\/posts\/12670\/revisions"}],"predecessor-version":[{"id":12672,"href":"https:\/\/www.amchambaq.com\/es_co\/wp-json\/wp\/v2\/posts\/12670\/revisions\/12672"}],"wp:featuredmedia":[{"embeddable":true,"href":"https:\/\/www.amchambaq.com\/es_co\/wp-json\/wp\/v2\/media\/12671"}],"wp:attachment":[{"href":"https:\/\/www.amchambaq.com\/es_co\/wp-json\/wp\/v2\/media?parent=12670"}],"wp:term":[{"taxonomy":"category","embeddable":true,"href":"https:\/\/www.amchambaq.com\/es_co\/wp-json\/wp\/v2\/categories?post=12670"},{"taxonomy":"post_tag","embeddable":true,"href":"https:\/\/www.amchambaq.com\/es_co\/wp-json\/wp\/v2\/tags?post=12670"}],"curies":[{"name":"wp","href":"https:\/\/api.w.org\/{rel}","templated":true}]}}