{"id":12641,"date":"2024-09-26T08:07:27","date_gmt":"2024-09-26T13:07:27","guid":{"rendered":"https:\/\/www.amchambaq.com\/?p=12641"},"modified":"2024-09-26T08:07:27","modified_gmt":"2024-09-26T13:07:27","slug":"congreso-debe-evitar-mas-sobrecarga-de-impuestos-a-ciudadanos-dijo-amcham-colombia","status":"publish","type":"post","link":"https:\/\/www.amchambaq.com\/es_co\/congreso-debe-evitar-mas-sobrecarga-de-impuestos-a-ciudadanos-dijo-amcham-colombia\/","title":{"rendered":"Congreso debe evitar m\u00e1s sobrecarga de impuestos a ciudadanos, dijo AmCham Colombia"},"content":{"rendered":"<p class=\"elheraldo__StyledParagraph-sc-60z8lc-1 ceHSqO article-body__paragraph\">La\u00a0<b>C\u00e1mara Colombo Americana (AmCham Colombia),<\/b>\u00a0hizo un llamado a las\u00a0<b>comisiones econ\u00f3micas\u00a0<\/b>del Congreso de la Rep\u00fablica, que tramitan el proyecto de<b>\u00a0Presupuesto General de la Naci\u00f3n\u00a0<\/b>para 2025, a que sean responsables con las finanzas del pa\u00eds evitando sobrecargar a empresas y ciudadanos con m\u00e1s impuestos o deuda innecesaria.<\/p>\n<p class=\"elheraldo__StyledParagraph-sc-60z8lc-1 ceHSqO article-body__paragraph\"><b>La presidenta de AmCham Colombia, Mar\u00eda Claudia Lacouture,<\/b>\u00a0en un mensaje en su cuenta de\u00a0<b>X<\/b>, dirigido a los congresistas, dijo que \u201ces fundamental que se priorice una asignaci\u00f3n eficiente y transparente del presupuesto, evitando sobrecargar a los\u00a0<b>ciudadanos\u00a0<\/b>y a las empresas con m\u00e1s impuestos o deuda innecesaria\u201d.<\/p>\n<p class=\"elheraldo__StyledParagraph-sc-60z8lc-1 ceHSqO article-body__paragraph\">Agreg\u00f3 que \u201cun manejo responsable y prudente fortalecer\u00e1 la\u00a0<b>confianza\u00a0<\/b>en las instituciones y contribuir\u00e1 a un desarrollo sostenible y equitativo para todos los\u00a0<b>colombianos<\/b>\u201d.<\/p>\n<div>\n<div id=\"taboola-mid-article-reco-reel\" class=\" trc_related_container trc_spotlight_widget trc_elastic trc_elastic_rec-reel-2n5-c \" data-placement-name=\"Mid Article Reco Reel\">\n<div class=\"trc_rbox_container tbl-reco-reel story-widget tbl-reco-reel-text-under-slide-in story-widget-text-under-slide-in tbl-reco-reel-desktop tbl-story-desktop\">\n<div>\n<div id=\"trc_wrapper_44049\" class=\"trc_rbox rec-reel-2n5-c trc-content-hybrid \">\n<div id=\"trc_header_44049\" class=\"trc_rbox_header trc_rbox_border_elm\">\n<div class=\"trc_header_ext\">\n<p class=\"elheraldo__StyledParagraph-sc-60z8lc-1 ceHSqO article-body__paragraph\">\u201cDesde<b>\u00a0AmCham Colombia<\/b>\u00a0hacemos un llamado al\u00a0<b>Congreso de Colombia<\/b>\u00a0a continuar ejerciendo su rol esencial de supervisi\u00f3n y control del gasto p\u00fablico. Es fundamental que se priorice una asignaci\u00f3n eficiente y transparente del presupuesto, evitando sobrecargar a los ciudadanos y a las empresas con m\u00e1s impuestos o deuda innecesaria. Un manejo responsable y prudente fortalecer\u00e1 la confianza en las instituciones y contribuir\u00e1 a un desarrollo sostenible y equitativo para todos los colombianos.<\/p>\n<p class=\"elheraldo__StyledParagraph-sc-60z8lc-1 ceHSqO article-body__paragraph\">A\u00f1adi\u00f3: \u201cEs urgente que trabajemos en la construcci\u00f3n de un\u00a0<b>presupuesto\u00a0<\/b>que sea verdaderamente coherente con la\u00a0<b>realidad fiscal<\/b>. El recaudo est\u00e1 un 8,3 % por debajo de lo proyectado en el primer semestre y la ejecuci\u00f3n presupuestal solo alcanza el 47,4 % del total. En este contexto, aumentar la presi\u00f3n sobre la ya fr\u00e1gil situaci\u00f3n fiscal del pa\u00eds podr\u00eda tener consecuencias negativas para la\u00a0<b>estabilidad econ\u00f3mica<\/b>\u201d.<\/p>\n<\/div>\n<\/div>\n<\/div>\n<\/div>\n<\/div>\n<\/div>\n<\/div>\n","protected":false},"excerpt":{"rendered":"<p>La\u00a0C\u00e1mara Colombo Americana (AmCham Colombia),\u00a0hizo un llamado a las\u00a0comisiones econ\u00f3micas\u00a0del Congreso de la Rep\u00fablica, que tramitan el proyecto de\u00a0Presupuesto General de la Naci\u00f3n\u00a0para 2025, a que sean responsables con las finanzas del pa\u00eds evitando sobrecargar a empresas y ciudadanos con m\u00e1s impuestos o deuda innecesaria. La presidenta de AmCham Colombia, Mar\u00eda Claudia Lacouture,\u00a0en un mensaje<\/p>\n","protected":false},"author":1,"featured_media":12474,"comment_status":"closed","ping_status":"closed","sticky":false,"template":"","format":"standard","meta":{"footnotes":""},"categories":[342,181],"tags":[],"class_list":["post-12641","post","type-post","status-publish","format-standard","has-post-thumbnail","hentry","category-news","category-noticias"],"views":51,"_links":{"self":[{"href":"https:\/\/www.amchambaq.com\/es_co\/wp-json\/wp\/v2\/posts\/12641","targetHints":{"allow":["GET"]}}],"collection":[{"href":"https:\/\/www.amchambaq.com\/es_co\/wp-json\/wp\/v2\/posts"}],"about":[{"href":"https:\/\/www.amchambaq.com\/es_co\/wp-json\/wp\/v2\/types\/post"}],"author":[{"embeddable":true,"href":"https:\/\/www.amchambaq.com\/es_co\/wp-json\/wp\/v2\/users\/1"}],"replies":[{"embeddable":true,"href":"https:\/\/www.amchambaq.com\/es_co\/wp-json\/wp\/v2\/comments?post=12641"}],"version-history":[{"count":1,"href":"https:\/\/www.amchambaq.com\/es_co\/wp-json\/wp\/v2\/posts\/12641\/revisions"}],"predecessor-version":[{"id":12642,"href":"https:\/\/www.amchambaq.com\/es_co\/wp-json\/wp\/v2\/posts\/12641\/revisions\/12642"}],"wp:featuredmedia":[{"embeddable":true,"href":"https:\/\/www.amchambaq.com\/es_co\/wp-json\/wp\/v2\/media\/12474"}],"wp:attachment":[{"href":"https:\/\/www.amchambaq.com\/es_co\/wp-json\/wp\/v2\/media?parent=12641"}],"wp:term":[{"taxonomy":"category","embeddable":true,"href":"https:\/\/www.amchambaq.com\/es_co\/wp-json\/wp\/v2\/categories?post=12641"},{"taxonomy":"post_tag","embeddable":true,"href":"https:\/\/www.amchambaq.com\/es_co\/wp-json\/wp\/v2\/tags?post=12641"}],"curies":[{"name":"wp","href":"https:\/\/api.w.org\/{rel}","templated":true}]}}