{"id":12592,"date":"2024-09-10T08:34:17","date_gmt":"2024-09-10T13:34:17","guid":{"rendered":"https:\/\/www.amchambaq.com\/?p=12592"},"modified":"2024-09-10T08:34:17","modified_gmt":"2024-09-10T13:34:17","slug":"solo-un-30-de-empresarios-de-b-quilla-aumento-sus-ventas-en-primer-semestre","status":"publish","type":"post","link":"https:\/\/www.amchambaq.com\/es_co\/solo-un-30-de-empresarios-de-b-quilla-aumento-sus-ventas-en-primer-semestre\/","title":{"rendered":"Solo un 30 % de empresarios de B\/quilla aument\u00f3 sus ventas en primer semestre"},"content":{"rendered":"<div id=\"body\" class=\"content-article size-m\">\n<p>La\u00a0<strong>Encuesta Ritmo Empresarial<\/strong>\u00a0que hacen las<strong>\u00a0C\u00e1maras de Comercio\u00a0<\/strong>de todo el pa\u00eds, situ\u00f3 a\u00a0<strong>Barranquilla\u00a0<\/strong>en el primer lugar en cuanto al n\u00famero de\u00a0<strong>empresas\u00a0<\/strong>que reportaron incrementos en ventas y contrataci\u00f3n de personal en el primer semestre de 2024 e igualmente en cuanto a las que ven con mayor optimismo el crecimiento en esos dos indicadores para los segundos seis meses del a\u00f1o.<\/p>\n<\/div>\n<div id=\"paragraphs\" class=\"content-article paragraphs size-m\">\n<div id=\"taboola-mid-article-reco-reel\" class=\" trc_related_container trc_spotlight_widget trc_elastic trc_elastic_rec-reel-2n5-b \" data-placement-name=\"Mid Article Reco Reel\">\n<div class=\"trc_rbox_container tbl-reco-reel story-widget tbl-reco-reel-text-under-slide-in story-widget-text-under-slide-in tbl-reco-reel-desktop tbl-story-desktop\">\n<div>\n<div id=\"trc_wrapper_19103\" class=\"trc_rbox rec-reel-2n5-b trc-content-hybrid \">\n<div id=\"trc_header_19103\" class=\"trc_rbox_header trc_rbox_border_elm\">\n<div class=\"trc_header_ext\">\n<p>Esta encuesta mide el\u00a0<strong>desempe\u00f1o\u00a0<\/strong>peri\u00f3dico de las empresas al igual que sus perspectivas de crecimiento y de entorno y es aplicada por 25<strong>\u00a0C\u00e1maras de Comercio<\/strong>\u00a0con la participaci\u00f3n de 7.219 afiliadas en todo el pa\u00eds, tomando referencias variables de inter\u00e9s como inversi\u00f3n, empleo, comportamiento en las ventas, exportaciones y perspectivas y expectativas con respecto a los ingresos y entorno empresarial.<\/p>\n<p>En\u00a0<strong>Barranquilla\u00a0<\/strong>se aplicaron 306 encuestas a empresas afiliadas a la<strong>\u00a0C\u00e1mara de Comercio<\/strong>\u00a0de la ciudad, considerando los diferentes tama\u00f1os empresariales y sectores econ\u00f3micos.<\/p>\n<p>Los resultados a nivel local se\u00f1alan que el 30 % de los empresarios consultados respondi\u00f3 haber incrementado sus ventas en el\u00a0<strong>primer semestre\u00a0<\/strong>de 2024, siendo la ciudad con mayor proporci\u00f3n en el pa\u00eds. Sin embargo, la consulta tambi\u00e9n mostr\u00f3 un aumento en la cantidad de empresarios que mencionaron haber reducido sus ventas, alcanzando el 42% del total.<\/p>\n<p>En cuanto a las expectativas de ventas para el segundo\u00a0<strong>per\u00edodo semestral\u00a0<\/strong>de 2024,\u00a0<strong>Barranquilla\u00a0<\/strong>fue segunda en el pa\u00eds y la mejor ubicada entre las cinco principales c\u00e1maras de comercio que participan de este ejercicio, dado que el 57 % de los empresarios encuestados dijeron confiar en su\u00a0<strong>crecimiento<\/strong>. Ello significa 3 puntos porcentuales m\u00e1s que lo reportado en la encuesta anterior para el primer semestre del a\u00f1o.<\/p>\n<p>El empleo fue otro aspecto en el cual\u00a0<strong>Barranquilla\u00a0<\/strong>se destac\u00f3, siendo la ciudad que m\u00e1s aument\u00f3 su contrataci\u00f3n de personal en la primera mitad de 2024 en el pa\u00eds, con el 20 %. No obstante, otro 24 % dijo haber reducido el n\u00famero de empleados en este periodo.<\/p>\n<p>Para la segunda mitad del presente a\u00f1o el 21 % de los\u00a0<strong>empresarios locales\u00a0<\/strong>consultados manifest\u00f3 que aumentar\u00e1 su\u00a0<strong>contrataci\u00f3n\u00a0<\/strong>laboral. Lo anterior ubica a Barranquilla como quinta en el pa\u00eds y la mejor entre las cinco c\u00e1maras coordinadoras.<\/p>\n<p>Barranquilla es tambi\u00e9n l\u00edder a nivel nacional en el se\u00f1alamiento de los\u00a0<strong>empresarios\u00a0<\/strong>de la reducci\u00f3n de\u00a0<strong>impuestos\u00a0<\/strong>como el instrumento vital para reactivar la econom\u00eda, en el comparativo de las 25 C\u00e1maras de Comercio participantes en la encuesta.<\/p>\n<p>El 40 % de total de los\u00a0<strong>encuestados\u00a0<\/strong>ve prioritaria la disminuci\u00f3n de la carga tributaria.\u00a0 Ese planteamiento se alinea con el anuncio del\u00a0<strong>Gobierno nacional\u00a0<\/strong>sobre una reducci\u00f3n del impuesto de renta para las empresas, como la propuesta bandera de la<strong>\u00a0Ley de Financiamiento<\/strong>, entendida como una nueva reforma tributaria, que se presentar\u00eda al Congreso de la Rep\u00fablica en las pr\u00f3ximas semanas.<\/p>\n<p>Un 23 % de los consultados prefiere alivios en las tasas de inter\u00e9s para garantizar mayor acceso al cr\u00e9dito y estimular la inversi\u00f3n. Otro 20 % coincide en el apoyo a sectores econ\u00f3micos claves para el\u00a0<strong>desarrollo social\u00a0<\/strong>y econ\u00f3mico de la regi\u00f3n.<\/p>\n<p>Otro aspecto destacado de\u00a0<strong>Barranquilla\u00a0<\/strong>en la\u00a0<strong>Encuesta Ritmo Empresarial<\/strong>\u00a0del\u00a0<strong>primer semestre\u00a0<\/strong>de 2024 es el relacionado con la adopci\u00f3n de la inteligencia artificial para transformar la manera de operar de las empresas. Entre los empresarios locales encuestados uno de cada tres ha implementado o est\u00e1 considerando implementar tecnolog\u00edas IA en sus operaciones. De hecho, Barranquilla comparte la primera posici\u00f3n con Cali en estos dos elementos incluidos en la\u00a0<strong>encuesta<\/strong>.<\/p>\n<p>El optimismo de los empresarios de Barranquilla que participaron en la citada encuesta sobre las expectativas de las ventas en el segundo semestre de 2024, confirman la actitud de resiliencia que tradicionalmente muestra el tejido productivo local. Y ello, a\u00fan en medio de las se\u00f1ales inequ\u00edvocas de desaceleraci\u00f3n que viene presentando la econom\u00eda nacional y local creciente incertidumbre regulatoria y que, en su opini\u00f3n, son los dos principales inconvenientes que tienen en sus operaciones.<\/p>\n<p>Seg\u00fan<strong>\u00a0Manuel Fern\u00e1ndez, presidente ejecutivo de la C\u00e1mara de Comercio de Barranquilla,<\/strong>\u00a0\u201clos resultados obtenidos en esta edici\u00f3n de la<strong>\u00a0Encuesta Ritmo Empresarial\u00a0<\/strong>validan nuestro optimismo moderado sobre el comportamiento econ\u00f3mico de\u00a0<strong>Barranquilla\u00a0<\/strong>y el\u00a0<strong>Atl\u00e1ntico<\/strong>, a\u00fan en la actual\u00a0<strong>coyuntura<\/strong>, caracterizada por el consumo de los hogares creciendo a tasas moderadas, la inversi\u00f3n contra\u00edda y el consecuente deterioro de la\u00a0<strong>actividad productiva<\/strong>. Lo prioritario en este momento es acelerar la reactivaci\u00f3n de la econom\u00eda para revertir esta tendencia generalizada de desaceleraci\u00f3n y de ca\u00edda de las ventas que se observa en todo el\u00a0<strong>pa\u00eds<\/strong>\u201d.<\/p>\n<\/div>\n<\/div>\n<\/div>\n<\/div>\n<\/div>\n<\/div>\n<\/div>\n","protected":false},"excerpt":{"rendered":"<p>La\u00a0Encuesta Ritmo Empresarial\u00a0que hacen las\u00a0C\u00e1maras de Comercio\u00a0de todo el pa\u00eds, situ\u00f3 a\u00a0Barranquilla\u00a0en el primer lugar en cuanto al n\u00famero de\u00a0empresas\u00a0que reportaron incrementos en ventas y contrataci\u00f3n de personal en el primer semestre de 2024 e igualmente en cuanto a las que ven con mayor optimismo el crecimiento en esos dos indicadores para los segundos seis<\/p>\n","protected":false},"author":1,"featured_media":12518,"comment_status":"closed","ping_status":"closed","sticky":false,"template":"","format":"standard","meta":{"footnotes":""},"categories":[342,181],"tags":[],"class_list":["post-12592","post","type-post","status-publish","format-standard","has-post-thumbnail","hentry","category-news","category-noticias"],"views":56,"_links":{"self":[{"href":"https:\/\/www.amchambaq.com\/es_co\/wp-json\/wp\/v2\/posts\/12592","targetHints":{"allow":["GET"]}}],"collection":[{"href":"https:\/\/www.amchambaq.com\/es_co\/wp-json\/wp\/v2\/posts"}],"about":[{"href":"https:\/\/www.amchambaq.com\/es_co\/wp-json\/wp\/v2\/types\/post"}],"author":[{"embeddable":true,"href":"https:\/\/www.amchambaq.com\/es_co\/wp-json\/wp\/v2\/users\/1"}],"replies":[{"embeddable":true,"href":"https:\/\/www.amchambaq.com\/es_co\/wp-json\/wp\/v2\/comments?post=12592"}],"version-history":[{"count":1,"href":"https:\/\/www.amchambaq.com\/es_co\/wp-json\/wp\/v2\/posts\/12592\/revisions"}],"predecessor-version":[{"id":12593,"href":"https:\/\/www.amchambaq.com\/es_co\/wp-json\/wp\/v2\/posts\/12592\/revisions\/12593"}],"wp:featuredmedia":[{"embeddable":true,"href":"https:\/\/www.amchambaq.com\/es_co\/wp-json\/wp\/v2\/media\/12518"}],"wp:attachment":[{"href":"https:\/\/www.amchambaq.com\/es_co\/wp-json\/wp\/v2\/media?parent=12592"}],"wp:term":[{"taxonomy":"category","embeddable":true,"href":"https:\/\/www.amchambaq.com\/es_co\/wp-json\/wp\/v2\/categories?post=12592"},{"taxonomy":"post_tag","embeddable":true,"href":"https:\/\/www.amchambaq.com\/es_co\/wp-json\/wp\/v2\/tags?post=12592"}],"curies":[{"name":"wp","href":"https:\/\/api.w.org\/{rel}","templated":true}]}}