{"id":12514,"date":"2024-08-09T08:07:05","date_gmt":"2024-08-09T13:07:05","guid":{"rendered":"https:\/\/www.amchambaq.com\/?p=12514"},"modified":"2024-08-09T08:07:05","modified_gmt":"2024-08-09T13:07:05","slug":"promigas-celebra-proyecto-para-expandir-infraestructura-del-transporte-de-gas","status":"publish","type":"post","link":"https:\/\/www.amchambaq.com\/es_co\/promigas-celebra-proyecto-para-expandir-infraestructura-del-transporte-de-gas\/","title":{"rendered":"Promigas celebra proyecto para expandir infraestructura del transporte de gas"},"content":{"rendered":"<p>Este viernes 9 de agosto la empresa Promigas emiti\u00f3 un comunicado de prensa en el que \u201creafirma su compromiso para continuar aportando soluciones que garanticen el abastecimiento de gas natural en el pa\u00eds\u201d.<\/p>\n<p>Asimismo, celebr\u00f3 la reciente aprobaci\u00f3n del proyecto \u2018Bidireccionalidad Barranquilla \u2013 Ballena\u2019 por parte de la Comisi\u00f3n de Regulaci\u00f3n de Energ\u00eda y Gas (CREG), el cual se ha comprometido a ejecutar el aseguramiento del futuro energ\u00e9tico del pa\u00eds.<\/p>\n<p>\u201cEl proyecto de Bidireccionalidad habilitar\u00e1 el transporte de 170 MPCD de gas de las fuentes ubicadas en la Costa hasta Ballena, punto de interconexi\u00f3n del sistema de transporte de Promigas con el del interior del pa\u00eds, permitiendo que la demanda de esa regi\u00f3n tenga acceso a las fuentes de gas del Caribe Colombiano\u201d, se lee en el comunicado.<\/p>\n<p>De igual manera, el proyecto tendr\u00e1 una inversi\u00f3n superior a los<strong>\u00a0$330.000 millones de pesos\u00a0<\/strong>y deber\u00e1 iniciar operaciones en agosto de 2027, de acuerdo a los plazos establecidos por la\u00a0<strong>UPME<\/strong>\u00a0y adoptados por el\u00a0<strong>Ministerio de Minas y Energ\u00eda.<\/strong><\/p>\n<p>Por su parte el presidente de Promigas,\u00a0<strong>Juan Manuel Rojas<\/strong>, asegur\u00f3 que: \u201cEn estos momentos donde el pa\u00eds habla sobre la coyuntura en materia de desabastecimiento de gas natural y las\u00a0<strong>soluciones<\/strong>\u00a0requeridas en<strong>\u00a0t\u00e9rminos de pol\u00edtica p\u00fablica<\/strong>, regulaci\u00f3n e institucionalidad, es una muy buena noticia la aprobaci\u00f3n por parte de la CREG de\u00a0<strong>proyectos estrat\u00e9gicos\u00a0<\/strong>como este para la sostenibilidad energ\u00e9tica de Colombia\u201d, puntualiz\u00f3.<\/p>\n","protected":false},"excerpt":{"rendered":"<p>Este viernes 9 de agosto la empresa Promigas emiti\u00f3 un comunicado de prensa en el que \u201creafirma su compromiso para continuar aportando soluciones que garanticen el abastecimiento de gas natural en el pa\u00eds\u201d. Asimismo, celebr\u00f3 la reciente aprobaci\u00f3n del proyecto \u2018Bidireccionalidad Barranquilla \u2013 Ballena\u2019 por parte de la Comisi\u00f3n de Regulaci\u00f3n de Energ\u00eda y Gas<\/p>\n","protected":false},"author":1,"featured_media":12515,"comment_status":"closed","ping_status":"closed","sticky":false,"template":"","format":"standard","meta":{"footnotes":""},"categories":[342,181],"tags":[],"class_list":["post-12514","post","type-post","status-publish","format-standard","has-post-thumbnail","hentry","category-news","category-noticias"],"views":65,"_links":{"self":[{"href":"https:\/\/www.amchambaq.com\/es_co\/wp-json\/wp\/v2\/posts\/12514","targetHints":{"allow":["GET"]}}],"collection":[{"href":"https:\/\/www.amchambaq.com\/es_co\/wp-json\/wp\/v2\/posts"}],"about":[{"href":"https:\/\/www.amchambaq.com\/es_co\/wp-json\/wp\/v2\/types\/post"}],"author":[{"embeddable":true,"href":"https:\/\/www.amchambaq.com\/es_co\/wp-json\/wp\/v2\/users\/1"}],"replies":[{"embeddable":true,"href":"https:\/\/www.amchambaq.com\/es_co\/wp-json\/wp\/v2\/comments?post=12514"}],"version-history":[{"count":1,"href":"https:\/\/www.amchambaq.com\/es_co\/wp-json\/wp\/v2\/posts\/12514\/revisions"}],"predecessor-version":[{"id":12516,"href":"https:\/\/www.amchambaq.com\/es_co\/wp-json\/wp\/v2\/posts\/12514\/revisions\/12516"}],"wp:featuredmedia":[{"embeddable":true,"href":"https:\/\/www.amchambaq.com\/es_co\/wp-json\/wp\/v2\/media\/12515"}],"wp:attachment":[{"href":"https:\/\/www.amchambaq.com\/es_co\/wp-json\/wp\/v2\/media?parent=12514"}],"wp:term":[{"taxonomy":"category","embeddable":true,"href":"https:\/\/www.amchambaq.com\/es_co\/wp-json\/wp\/v2\/categories?post=12514"},{"taxonomy":"post_tag","embeddable":true,"href":"https:\/\/www.amchambaq.com\/es_co\/wp-json\/wp\/v2\/tags?post=12514"}],"curies":[{"name":"wp","href":"https:\/\/api.w.org\/{rel}","templated":true}]}}