{"id":12511,"date":"2024-08-08T10:25:50","date_gmt":"2024-08-08T15:25:50","guid":{"rendered":"https:\/\/www.amchambaq.com\/?p=12511"},"modified":"2024-08-08T10:25:50","modified_gmt":"2024-08-08T15:25:50","slug":"exportaciones-se-desplomarian-si-ee-uu-cae-en-recesion-analistas","status":"publish","type":"post","link":"https:\/\/www.amchambaq.com\/es_co\/exportaciones-se-desplomarian-si-ee-uu-cae-en-recesion-analistas\/","title":{"rendered":"Exportaciones se desplomar\u00edan si EE. UU. cae en recesi\u00f3n: analistas"},"content":{"rendered":"<p>La salud de la econom\u00eda estadounidense es un tema que mantiene en vilo a los mercados del mundo, ya que esta podr\u00eda caer en una recesi\u00f3n econ\u00f3mica, afectando a muchos pa\u00edses, entre esos Colombia. Y es que el reciente dato de empleo en Estados Unidos que se puede considerar como malo, y una importante subida en el mercado de bonos del Tesoro de USD27 billones, est\u00e1 dejando al descubierto la ansiedad de que la econom\u00eda estadounidense est\u00e9 cayendo en una posible recesi\u00f3n econ\u00f3mica para el a\u00f1o 2025.<\/p>\n<p>Frente a este panorama, expertos le dijeron a EL HERALDO que este pa\u00eds ha permanecido durante mucho tiempo con las tasas altas, que a su vez que afectaron las generaciones de cr\u00e9dito y por tanto le ponen freno a la econom\u00eda.<\/p>\n<p>\u00d3scar Manco L\u00f3pez, PhD en ciencias econ\u00f3micas y CEO de Trust Investment SAS, se\u00f1al\u00f3 que aunque se entienda que mantener tasas altas era para frenar la inflaci\u00f3n, esto se torn\u00f3 contraproducente, ya que desat\u00f3 los vientos de recesi\u00f3n al no dinamizar la econom\u00eda.<\/p>\n<p>\u201cHoy el pa\u00eds se encuentra en un dilema sobreactual recortando tasas sin tener control espec\u00edfico de la inflaci\u00f3n, o no recortarlos poniendo en jaque la din\u00e1mica econ\u00f3mica que est\u00e1 \u00e1vida de tener dinero circulando y transacciones creciendo\u201d, explic\u00f3 \u00d3scar Manco L\u00f3pez.<\/p>\n<p>Sobre si EE. UU. puede entrar en recesi\u00f3n, el experto se\u00f1al\u00f3\u00a0que todo depender\u00e1 de las decisiones que adelante la\u00a0<strong>FED\u00a0<\/strong>sobre si pondera m\u00e1s la inflaci\u00f3n o el crecimiento, un dilema que ning\u00fan economista ortodoxo quiere enfrentar.<\/p>\n<p>Entre las consecuencias,\u00a0<strong>Juan David Ball\u00e9n<\/strong>, director de<strong>\u00a0An\u00e1lisis y Estrategia de Casa de Bolsa SCB<\/strong>, precis\u00f3 que si Estados Unidos, socio principal de Colombia, llega a entrar en recesi\u00f3n, las exportaciones colombianas caer\u00edan de forma significativa.<\/p>\n<div class=\"field-item odd\">\n<div class=\"entity entity-paragraphs-item paragraphs-item-descripcion\">\n<div class=\"content\">\n<div class=\"field field-name-field-descripcion field-type-text-long field-label-hidden\">\n<div class=\"field-items\">\n<div class=\"field-item even\">\n<p><strong>Renato<\/strong>\u00a0<strong>Campos\u00a0<\/strong>analista senior de\u00a0<strong>GHTrading<\/strong>, manifest\u00f3 que una desaceleraci\u00f3n tanto de Estados Unidos como de China tendr\u00eda un impacto negativo sobre la demanda de materias primas, afectando las\u00a0<strong>billeteras fiscales\u00a0<\/strong>y previsiones, mientras que el comercio mundial experimentar\u00eda una desaceleraci\u00f3n producto de la afectaci\u00f3n de la primera\u00a0<strong>econom\u00eda del mundo<\/strong>.<\/p>\n<\/div>\n<\/div>\n<\/div>\n<\/div>\n<\/div>\n<\/div>\n<div class=\"field-item even\">\n<div class=\"content-titulo\">\n<div id=\"paragraphs\" class=\"content-article paragraphs size-m\">\n<div class=\"field-collection-container clearfix\">\n<div class=\"field field-name-field-contenido-articulos-2 field-type-field-collection field-label-hidden\">\n<div class=\"field-item even\">\n<div class=\"field-collection-view clearfix view-mode-full field-collection-view-final\">\n<div>\n<div class=\"content\">\n<div class=\"paragraphs-items paragraphs-items-field-campos paragraphs-items-field-campos-full paragraphs-items-full\">\n<div class=\"field field-name-field-campos field-type-paragraphs field-label-hidden\">\n<div class=\"field-item odd\">\n<div class=\"entity entity-paragraphs-item paragraphs-item-descripcion\">\n<div class=\"content\">\n<div class=\"field field-name-field-descripcion field-type-text-long field-label-hidden\">\n<div class=\"field-items\">\n<div class=\"field-item even\">\n<p>El\u00a0<strong>precio del d\u00f3lar<\/strong>\u00a0en Colombia se ubica en una Tasa Representativa del Mercado (<strong>TRM<\/strong>) de $4.136,27, lo que signific\u00f3 un descenso de $48,03 en relaci\u00f3n con la tasa de referencia anterior que fue de $4.184,30.<\/p>\n<\/div>\n<\/div>\n<\/div>\n<\/div>\n<\/div>\n<\/div>\n<\/div>\n<\/div>\n<\/div>\n<\/div>\n<\/div>\n<\/div>\n<\/div>\n<\/div>\n<\/div>\n<div id=\"redes\" class=\"redes-compartir\"><\/div>\n<\/div>\n<\/div>\n","protected":false},"excerpt":{"rendered":"<p>La salud de la econom\u00eda estadounidense es un tema que mantiene en vilo a los mercados del mundo, ya que esta podr\u00eda caer en una recesi\u00f3n econ\u00f3mica, afectando a muchos pa\u00edses, entre esos Colombia. Y es que el reciente dato de empleo en Estados Unidos que se puede considerar como malo, y una importante subida<\/p>\n","protected":false},"author":1,"featured_media":12512,"comment_status":"closed","ping_status":"closed","sticky":false,"template":"","format":"standard","meta":{"footnotes":""},"categories":[342,181],"tags":[],"class_list":["post-12511","post","type-post","status-publish","format-standard","has-post-thumbnail","hentry","category-news","category-noticias"],"views":51,"_links":{"self":[{"href":"https:\/\/www.amchambaq.com\/es_co\/wp-json\/wp\/v2\/posts\/12511","targetHints":{"allow":["GET"]}}],"collection":[{"href":"https:\/\/www.amchambaq.com\/es_co\/wp-json\/wp\/v2\/posts"}],"about":[{"href":"https:\/\/www.amchambaq.com\/es_co\/wp-json\/wp\/v2\/types\/post"}],"author":[{"embeddable":true,"href":"https:\/\/www.amchambaq.com\/es_co\/wp-json\/wp\/v2\/users\/1"}],"replies":[{"embeddable":true,"href":"https:\/\/www.amchambaq.com\/es_co\/wp-json\/wp\/v2\/comments?post=12511"}],"version-history":[{"count":1,"href":"https:\/\/www.amchambaq.com\/es_co\/wp-json\/wp\/v2\/posts\/12511\/revisions"}],"predecessor-version":[{"id":12513,"href":"https:\/\/www.amchambaq.com\/es_co\/wp-json\/wp\/v2\/posts\/12511\/revisions\/12513"}],"wp:featuredmedia":[{"embeddable":true,"href":"https:\/\/www.amchambaq.com\/es_co\/wp-json\/wp\/v2\/media\/12512"}],"wp:attachment":[{"href":"https:\/\/www.amchambaq.com\/es_co\/wp-json\/wp\/v2\/media?parent=12511"}],"wp:term":[{"taxonomy":"category","embeddable":true,"href":"https:\/\/www.amchambaq.com\/es_co\/wp-json\/wp\/v2\/categories?post=12511"},{"taxonomy":"post_tag","embeddable":true,"href":"https:\/\/www.amchambaq.com\/es_co\/wp-json\/wp\/v2\/tags?post=12511"}],"curies":[{"name":"wp","href":"https:\/\/api.w.org\/{rel}","templated":true}]}}