{"id":12508,"date":"2024-08-06T08:51:33","date_gmt":"2024-08-06T13:51:33","guid":{"rendered":"https:\/\/www.amchambaq.com\/?p=12508"},"modified":"2024-08-06T08:51:33","modified_gmt":"2024-08-06T13:51:33","slug":"produccion-de-cafe-aumento-22-en-julio","status":"publish","type":"post","link":"https:\/\/www.amchambaq.com\/es_co\/produccion-de-cafe-aumento-22-en-julio\/","title":{"rendered":"Producci\u00f3n de caf\u00e9 aument\u00f3 22% en julio"},"content":{"rendered":"<p>La din\u00e1mica cafetera colombiana est\u00e1 mostrando signos fuertes de recuperaci\u00f3n, pero adem\u00e1s comprueba su objetivo de contribuir en la reactivaci\u00f3n econ\u00f3mica del pa\u00eds. As\u00ed lo asegur\u00f3 el gerente general de la Federaci\u00f3n Nacional de Cafeteros,<b>\u00a0quien adem\u00e1s destac\u00f3 que la producci\u00f3n del grano en el mes de julio aument\u00f3 un 22%.<\/b><\/p>\n<p>Seg\u00fan el timonel de los cafeteros, estas cifras est\u00e1 mostrando el dinamismo del sector, por lo que se puede asegurar que con ese buen comportamiento de final de la primera cosecha,<b>\u00a0Colombia ya alcanza los 12,35 millones de sacos en los \u00faltimos 12 meses<\/b>, esto significa un crecimiento del 16% a\u00f1o a a\u00f1o.<\/p>\n<p>Vale la pena destacar, que este comportamiento de producci\u00f3n registra que el n\u00famero de sacos producidos a julio, es decir los 12,35 millones, ya super\u00f3 incluso el n\u00famero de sacos producidos anuales en\u00a0<b>2022 que fue de 11,1 millones y de 2023 que fue de 11,3 millones.<\/b><\/p>\n<p id=\"p610476-m1649-3-1650\" class=\"parrafo\">De acuerdo con Baham\u00f3n,\u00a0<b>hace 20 meses no se experimentaba un mes con un valor del producto agr\u00edcola cafetero como el registrado el pasado julio<\/b>\u00a0cuando se alcanz\u00f3 un valor por $1,29 billones, es decir 52% m\u00e1s que en el mismo mes de 2023.<\/p>\n<div id=\"p610476-m1655-4-1656\" class=\"captioned-image\">\u201c<i>De esta manera, el valor de la cosecha cafetera en los \u00faltimos 12 meses se sit\u00faa en $11,0 billones, cifra que supera el valor de la cosecha del a\u00f1o calendario 2021<\/i>\u201d, afirma el gerente.<\/div>\n<div>\n<p id=\"p610476-m1681-5-1682\" class=\"parrafo\">Incluso, en entrevista con este medio el gerente general de los cafeteros asegur\u00f3 que con la creaci\u00f3n de los Centros de Industrializaci\u00f3n de Caf\u00e9, el sector le est\u00e1 apostando a la reactivaci\u00f3n econ\u00f3mica, acompa\u00f1ando a las regiones y<b>\u00a0buscando que se vea el beneficio de la inversi\u00f3n en el desarrollo del negocio del grano.<\/b><\/p>\n<div id=\"p610476-m1687-6-1688\" class=\"captioned-image\">Ahora bien,\u00a0<b>en materia de volumen de exportaciones la Federaci\u00f3n detall\u00f3 que estas crecieron un 10,8% en los \u00faltimos 12 meses,<\/b>\u00a0apoyadas por un 18% de aumento en el mes de Julio de 2024. Adicionalmente, en lo corrido del a\u00f1o las ventas externas de caf\u00e9 colombiano alcanzan los 6,74 millones de sacos, logrando un incremento del 15%.<\/div>\n<div>\n<div id=\"articulocontenido\" class=\"article-content\">\n<p id=\"p610476-m1713-7-1714\" class=\"parrafo\">Mientras tanto, la importaciones de caf\u00e9 en ese mes decrecieron \u201cdram\u00e1ticamente\u201d en un 72%, en comparaci\u00f3n con el mismo julio de 2023. \u201c<i>El acumulado de las importaciones de los \u00faltimos 12 meses es de 1,1 millones de sacos, lo cual es una reducci\u00f3n del -51% a\u00f1o m\u00f3vil. Nivel m\u00e1s bajo de los \u00faltimos 4 a\u00f1os<\/i>\u201d, explica Bahamon. .<\/p>\n<\/div>\n<div class=\"relacionados-articulo\"><\/div>\n<\/div>\n<\/div>\n","protected":false},"excerpt":{"rendered":"<p>La din\u00e1mica cafetera colombiana est\u00e1 mostrando signos fuertes de recuperaci\u00f3n, pero adem\u00e1s comprueba su objetivo de contribuir en la reactivaci\u00f3n econ\u00f3mica del pa\u00eds. As\u00ed lo asegur\u00f3 el gerente general de la Federaci\u00f3n Nacional de Cafeteros,\u00a0quien adem\u00e1s destac\u00f3 que la producci\u00f3n del grano en el mes de julio aument\u00f3 un 22%. Seg\u00fan el timonel de los<\/p>\n","protected":false},"author":1,"featured_media":12509,"comment_status":"closed","ping_status":"closed","sticky":false,"template":"","format":"standard","meta":{"footnotes":""},"categories":[342,181],"tags":[],"class_list":["post-12508","post","type-post","status-publish","format-standard","has-post-thumbnail","hentry","category-news","category-noticias"],"views":54,"_links":{"self":[{"href":"https:\/\/www.amchambaq.com\/es_co\/wp-json\/wp\/v2\/posts\/12508","targetHints":{"allow":["GET"]}}],"collection":[{"href":"https:\/\/www.amchambaq.com\/es_co\/wp-json\/wp\/v2\/posts"}],"about":[{"href":"https:\/\/www.amchambaq.com\/es_co\/wp-json\/wp\/v2\/types\/post"}],"author":[{"embeddable":true,"href":"https:\/\/www.amchambaq.com\/es_co\/wp-json\/wp\/v2\/users\/1"}],"replies":[{"embeddable":true,"href":"https:\/\/www.amchambaq.com\/es_co\/wp-json\/wp\/v2\/comments?post=12508"}],"version-history":[{"count":1,"href":"https:\/\/www.amchambaq.com\/es_co\/wp-json\/wp\/v2\/posts\/12508\/revisions"}],"predecessor-version":[{"id":12510,"href":"https:\/\/www.amchambaq.com\/es_co\/wp-json\/wp\/v2\/posts\/12508\/revisions\/12510"}],"wp:featuredmedia":[{"embeddable":true,"href":"https:\/\/www.amchambaq.com\/es_co\/wp-json\/wp\/v2\/media\/12509"}],"wp:attachment":[{"href":"https:\/\/www.amchambaq.com\/es_co\/wp-json\/wp\/v2\/media?parent=12508"}],"wp:term":[{"taxonomy":"category","embeddable":true,"href":"https:\/\/www.amchambaq.com\/es_co\/wp-json\/wp\/v2\/categories?post=12508"},{"taxonomy":"post_tag","embeddable":true,"href":"https:\/\/www.amchambaq.com\/es_co\/wp-json\/wp\/v2\/tags?post=12508"}],"curies":[{"name":"wp","href":"https:\/\/api.w.org\/{rel}","templated":true}]}}