{"id":12484,"date":"2024-07-29T14:55:00","date_gmt":"2024-07-29T19:55:00","guid":{"rendered":"https:\/\/www.amchambaq.com\/?p=12484"},"modified":"2024-07-29T14:55:00","modified_gmt":"2024-07-29T19:55:00","slug":"quien-es-jose-manuel-carbonell-nuevo-presidente-del-grupo-olimpica","status":"publish","type":"post","link":"https:\/\/www.amchambaq.com\/es_co\/quien-es-jose-manuel-carbonell-nuevo-presidente-del-grupo-olimpica\/","title":{"rendered":"\u00bfQui\u00e9n es Jos\u00e9 Manuel Carbonell, nuevo presidente del Grupo Ol\u00edmpica?"},"content":{"rendered":"<p>En las \u00faltimas horas se confirmaron importantes cambios en el\u00a0<strong>equipo administrativo del Grupo Ol\u00edmpica,<\/strong>\u00a0toda vez que<strong>\u00a0Antonio Char\u00a0<\/strong>dej\u00f3 la presidencia del grupo empresarial, la cual ser\u00e1 asumida por\u00a0<strong>Jos\u00e9 Manuel Carbonell.<\/strong><\/p>\n<p>La Junta Directiva eligi\u00f3 a\u00a0<strong>Jos\u00e9 Manuel Carbonell\u00a0<\/strong>para ocupar este cargo clave en la compa\u00f1\u00eda, como \u201cun proceso reflexivo y ordenado de transici\u00f3n y fortalecimiento del gobierno corporativo\u201d.<\/p>\n<p>Actualmente<strong>\u00a0Carbonell\u00a0<\/strong>es el\u00a0<strong>presidente de Compa\u00f1\u00eda de Inversiones Ol\u00edmpica S.A.\u00a0<\/strong>-Coinvol S.A.S -, sociedad holding del Grupo Empresarial Ol\u00edmpica, y vicepresidente financiero de la cadena de retail.<\/p>\n<p>Sobre la trayectoria del nuevo presidente de la compa\u00f1\u00eda de origen Caribe se sabe que es Administrador de Empresas de la\u00a0<strong>Universidad del Norte<\/strong>\u00a0y magister de la Universidad Eafit. Ha estado durante las \u00faltimas tres d\u00e9cadas trabajando para el grupo empresarial, apoyando y promoviendo el crecimiento del mismo.<\/p>\n<p>Luego de su salida de la presidencia del grupo empresarial,\u00a0<strong>Antonio Char<\/strong>\u00a0mencion\u00f3 que este \u201ces un paso natural en todas las empresas familiares. Ol\u00edmpica fue fundada por nuestro abuelo Ricardo, sus hijos la crecieron y junto con la tercera generaci\u00f3n la hemos consolidado en lo que es hoy, la empresa de retail de capital 100 % colombiano, m\u00e1s grande en Colombia, que con coraje y originalidad compite con grandes empresas multinacionales\u201d.<\/p>\n<p>Asimismo, sostuvo que \u201choy m\u00e1s que nunca los accionistas y miembros de la familia\u00a0queremos reiterar nuestro compromiso en seguir invirtiendo en Colombia, impulsando y generando oportunidades, al mismo tiempo que ayudamos a los colombianos a ahorrar dinero, entreg\u00e1ndoles productos de calidad a buenos precios\u201d.<\/p>\n<p>A\u00f1adi\u00f3 que la compa\u00f1\u00eda seguir\u00e1 generando empleo en el pa\u00eds y fortaleciendo su propuesta en el mercado.<\/p>\n<p>\u201cContinuamos avanzando y generando empleo. Seguimos fortaleciendo nuestra propuesta de valor orientada a mejorar la experiencia de compra de nuestros clientes, reforzando el surtido con productos innovadores; optimizando el portafolio de marcas propias, robusteciendo la estrategia de \u2018Precios Llama\u2019 y \u2018Precios Tarjeta Plata\u2019 con precios imbatibles y gran calidad en 946 art\u00edculos l\u00edderes de la canasta familiar para seguir contribuyendo a abaratar el costo de la alimentaci\u00f3n de miles de colombianos que nos recompensan con sus visitas\u201d, concluy\u00f3.<\/p>\n<p>De acuerdo con el grupo empresarial, el retail abri\u00f3 25 tiendas en 2023, y este a\u00f1o proyecta inaugurar m\u00e1s de 10 puntos de venta en Atl\u00e1ntico, Bol\u00edvar y Guajira, entre otros, que tendr\u00e1n inversiones del orden de los $350.000 millones, incluidas la modernizaci\u00f3n tecnol\u00f3gica de la cadena de suministros y la actualizaci\u00f3n del sistema POS.<\/p>\n<p>As\u00ed mismo, por motivo de sus 71 a\u00f1os de creaci\u00f3n, iniciar\u00e1 su \u201cevento promocional m\u00e1s fuerte del a\u00f1o\u201d en la que los 422 puntos de venta tendr\u00e1n miles\u00a0de productos en promoci\u00f3n y jornadas para disfrutar de descuentos.<\/p>\n","protected":false},"excerpt":{"rendered":"<p>En las \u00faltimas horas se confirmaron importantes cambios en el\u00a0equipo administrativo del Grupo Ol\u00edmpica,\u00a0toda vez que\u00a0Antonio Char\u00a0dej\u00f3 la presidencia del grupo empresarial, la cual ser\u00e1 asumida por\u00a0Jos\u00e9 Manuel Carbonell. La Junta Directiva eligi\u00f3 a\u00a0Jos\u00e9 Manuel Carbonell\u00a0para ocupar este cargo clave en la compa\u00f1\u00eda, como \u201cun proceso reflexivo y ordenado de transici\u00f3n y fortalecimiento del gobierno<\/p>\n","protected":false},"author":1,"featured_media":12485,"comment_status":"closed","ping_status":"closed","sticky":false,"template":"","format":"standard","meta":{"footnotes":""},"categories":[342,181],"tags":[],"class_list":["post-12484","post","type-post","status-publish","format-standard","has-post-thumbnail","hentry","category-news","category-noticias"],"views":731,"_links":{"self":[{"href":"https:\/\/www.amchambaq.com\/es_co\/wp-json\/wp\/v2\/posts\/12484","targetHints":{"allow":["GET"]}}],"collection":[{"href":"https:\/\/www.amchambaq.com\/es_co\/wp-json\/wp\/v2\/posts"}],"about":[{"href":"https:\/\/www.amchambaq.com\/es_co\/wp-json\/wp\/v2\/types\/post"}],"author":[{"embeddable":true,"href":"https:\/\/www.amchambaq.com\/es_co\/wp-json\/wp\/v2\/users\/1"}],"replies":[{"embeddable":true,"href":"https:\/\/www.amchambaq.com\/es_co\/wp-json\/wp\/v2\/comments?post=12484"}],"version-history":[{"count":1,"href":"https:\/\/www.amchambaq.com\/es_co\/wp-json\/wp\/v2\/posts\/12484\/revisions"}],"predecessor-version":[{"id":12486,"href":"https:\/\/www.amchambaq.com\/es_co\/wp-json\/wp\/v2\/posts\/12484\/revisions\/12486"}],"wp:featuredmedia":[{"embeddable":true,"href":"https:\/\/www.amchambaq.com\/es_co\/wp-json\/wp\/v2\/media\/12485"}],"wp:attachment":[{"href":"https:\/\/www.amchambaq.com\/es_co\/wp-json\/wp\/v2\/media?parent=12484"}],"wp:term":[{"taxonomy":"category","embeddable":true,"href":"https:\/\/www.amchambaq.com\/es_co\/wp-json\/wp\/v2\/categories?post=12484"},{"taxonomy":"post_tag","embeddable":true,"href":"https:\/\/www.amchambaq.com\/es_co\/wp-json\/wp\/v2\/tags?post=12484"}],"curies":[{"name":"wp","href":"https:\/\/api.w.org\/{rel}","templated":true}]}}